{"id":37262,"date":"2024-11-24T17:39:52","date_gmt":"2024-11-24T14:39:52","guid":{"rendered":"https:\/\/mersinkadingazetesi.com\/?p=37262"},"modified":"2024-11-24T17:39:53","modified_gmt":"2024-11-24T14:39:53","slug":"25-kasim-mucadele-gunudur","status":"publish","type":"post","link":"https:\/\/mersinkadingazetesi.com\/?p=37262","title":{"rendered":"\u201825 KASIM M\u00dcCADELE G\u00dcN\u00dcD\u00dcR..!\u2019"},"content":{"rendered":"\n<p>Atat\u00fcrk\u00e7\u00fc D\u00fc\u015f\u00fcnce Derne\u011fi (ADD) Mersin \u015eube Y\u00f6netim Kurulu Ba\u015fkan\u0131 Serdar Erkan, Birle\u015fmi\u015f Milletlerin(BM) 1999 y\u0131l\u0131nda kad\u0131nlara y\u00f6nelik aile i\u00e7i ve sokakta ki \u015fiddete dikkat \u00e7ekmek amac\u0131yla 25 Kas\u0131m g\u00fcn\u00fcn\u00fc \u2018kad\u0131na y\u00f6nelik \u015fiddeti \u00f6nleme g\u00fcn\u00fc\u2019 olarak ilan etti\u011fini belirtti.<\/p>\n\n\n\n<p>\u201c\u00d6zellikle do\u011fu k\u00fclt\u00fcr\u00fcnde ve \u0130slam \u00fclkelerinde ve de \u00fclkemizde giderek artan kad\u0131na y\u00f6nelik \u015fiddete kar\u015f\u0131 olu\u015fan toplumsal tepkiler bug\u00fcn\u00fc \u00f6zellikle \u00f6nemli k\u0131l\u0131yor.\u201d diyen Ba\u015fka Serdar Erkan, \u201c\u00dclkemizde 2023 y\u0131l\u0131nda 268 ve 2024 y\u0131l\u0131n\u0131n ilk on ay\u0131nda 327 kad\u0131n \u00f6ld\u00fcr\u00fclm\u00fc\u015f 521 kad\u0131na da \u015fiddet uygulanm\u0131\u015f. Bu konuda \u00f6zellikle 22 y\u0131ld\u0131r \u00fclkeyi y\u00f6neten siyasal \u0130slamc\u0131 iktidar\u0131n \u00f6nleyici tedbirler konusunda ciddi bir ad\u0131m at\u0131lmamas\u0131 ve her ge\u00e7en y\u0131l kad\u0131n \u00f6l\u00fcmlerin artmas\u0131 toplumsal tepkiyi art\u0131r\u0131yor. Siyasal iktidar\u0131n, \u00f6zellikle tarikatlar\u0131 destekleyen \u00f6ne \u00e7\u0131karan tutumlar\u0131 tarikatlar i\u00e7erisinde kad\u0131nlar\u0131n ikinci s\u0131n\u0131f muamele g\u00f6rmesi, ilkokullara kadar giren tarikatlar\u0131n k\u00fc\u00e7\u00fcc\u00fck \u00e7ocuk k\u0131z \u00f6\u011frencilerin ba\u015flar\u0131n\u0131 \u00f6rtmesi kad\u0131n\u0131 sadece bir cinsel obje olarak g\u00f6rmesi, asl\u0131nda bu \u015fiddet ortam\u0131n\u0131 besledi\u011fi konusunda yayg\u0131n bir kanaat vard\u0131r. \u00d6zellikle mahkemeye intikal eden \u015fiddet davalar\u0131nda \u015fiddeti yapan erke\u011fin \u00e7o\u011funlukla iyi hal indiriminden yararlanmas\u0131 bu durumu te\u015fvik eden bir uygulamad\u0131r. Ancak biliyoruz ki mahkemelere intikal etmeyen binlerce kad\u0131na \u015fiddet uygulamas\u0131 T\u00fcrkiye\u2019nin \u00f6zellikle k\u0131rsal b\u00f6lgelerinde yo\u011fun olarak ya\u015fanmaktad\u0131r. Bu geli\u015fmelere kad\u0131nlar T\u00fcrkiye\u2019nin her yerinde \u00f6rg\u00fctlenmeye \u00e7al\u0131\u015farak KADINA \u015e\u0130DDET\u0130 \u00d6NLEYECE\u011e\u0130Z &nbsp;PLATFORMU \u00e7at\u0131s\u0131 alt\u0131nda bulu\u015fuyorlar ve T\u00fcrkiye\u2019nin her ilinde etkinlikler d\u00fczenliyorlar.\u201d diye konu\u015ftu.<\/p>\n\n\n\n<p>\u201c1923 T\u00dcRK DEVR\u0130M\u0130&nbsp;<\/p>\n\n\n\n<p>KADIN DEVR\u0130M\u0130D\u0130R\u201d<\/p>\n\n\n\n<p>\u201cAsl\u0131nda, 1923 T\u00dcRK DEVR\u0130M\u0130 \u00f6z\u00fcnde bir KADIN DEVR\u0130M\u0130\u2019dir. \u00d6zellikle 1926 medeni kanun ilan\u0131 ve 1936\u2019da kad\u0131nlara se\u00e7me ve se\u00e7ilme hakk\u0131n\u0131n veril-mesiyle bug\u00fcn kad\u0131nlar\u0131m\u0131z \u0130slam devletleri i\u00e7erisinde ve hatta bir\u00e7ok bat\u0131 d\u00fcnyas\u0131ndaki devletlerden daha ileri haklara sahiptir. Ancak uygulamada T\u00fcrk devrimi e\u011fitim hamlesini 100 y\u0131ld\u0131r sonu\u00e7land\u0131rmad\u0131\u011f\u0131 i\u00e7in ve hala k\u0131z \u00e7ocuklar\u0131n\u0131n 4+4+4 uygulamas\u0131yla e\u011fitimden uzakla\u015ft\u0131r\u0131lmas\u0131, \u00e7ocuk gelinlerin say\u0131s\u0131n\u0131n artmas\u0131 nedeniyle hala kad\u0131na y\u00f6nelik \u015fiddet \u00e7ok yayg\u0131nd\u0131r.\u201c diyerek konu\u015fan Erkan, \u201c\u0130\u00e7inde bulundu\u011fumuz neoliberal kapitalist ekonomik s\u00f6m\u00fcr\u00fc ikliminde kad\u0131nlar \u00e7ok daha zor durumdad\u0131r. Kad\u0131nlar\u0131n ekonomik \u00f6zg\u00fcrl\u00fc\u011f\u00fcn\u00fcn giderek art\u0131rmas\u0131 yerine, i\u015f yeri kapanmalar\u0131yla giderek anne ve babalar\u0131n i\u015fsiz kalmas\u0131 nedeniyle aile i\u00e7i \u015fiddet intiharlar ve cinnet getirerek aile katliamlar\u0131 maalesef \u00e7ok yayg\u0131nla\u015fmaktad\u0131r. Kad\u0131na y\u00f6nelik istihdam\u0131n n\u00fcfusumuza oranla hala \u00e7ok d\u00fc\u015f\u00fck olmas\u0131, kad\u0131nlar\u0131n erkeklerden daha az \u00fccret almas\u0131 kad\u0131n\u0131n aile i\u00e7inde de e\u015fit g\u00f6r\u00fclmemesi sonucunu do\u011furmaktad\u0131r. \u00dclkemizdeki , kad\u0131na y\u00f6nelik \u015fiddet sadece yeti\u015fkin kad\u0131nlarla s\u0131n\u0131rl\u0131 de\u011fildir. \u00d6zellikle k\u0131z \u00e7ocuklar\u0131na y\u00f6nelik \u00e7ocuk cinayetlerinin ve istismarlar\u0131n\u0131n ne boyutta oldu\u011funu Diyarbak\u0131r\u2019da ya\u015fanan k\u0131z \u00e7ocu\u011fu Narin\u2019in \u00f6l\u00fcm\u00fc ile toplum olarak G\u00fcnlerce ya\u015fad\u0131\u011f\u0131m\u0131z sosyal travma ile bir kez daha i\u00e7imizde yo\u011fun olarak hissettik. Halen uygulamada olan -6284 say\u0131l\u0131 Ailenin Korunmas\u0131 ve Kad\u0131na Y\u00f6nelik \u015eiddetin \u00d6nlenmesi- yasas\u0131n\u0131n uygulamada yeterli olmad\u0131\u011f\u0131 g\u00f6r\u00fclmektedir gerek \u015fiddet ya\u015fanmadan gerekse ya\u015fand\u0131ktan sonra daha fazla cayd\u0131r\u0131c\u0131 hukuki ve sosyal uygulamalar hayata ge\u00e7irilmek zorundad\u0131r.\u201d \u015feklinde vurgu yapt\u0131.<\/p>\n\n\n\n<p>\u201cSADECE CAYDIRICI CEZA VE \u00d6NLEMLERLE BU SORUN \u00c7\u00d6Z\u00dcLMEZ!\u201d<\/p>\n\n\n\n<p>\u201c\u00d6te yandan, sadece cayd\u0131r\u0131c\u0131 cezalar ve \u00f6nlemlerle bu sorunun \u00fcstesinden gelmek m\u00fcmk\u00fcn de\u011fildir.\u201d diyen ADD Mersin \u015eube Y\u00f6netim Kurulu Ba\u015fkan\u0131 Serdar Erkan, \u201c\u00d6ncelikle erkek \u00e7ocuklar\u0131 olmak \u00fczere e\u011fitim sistemimizde \u015fiddete y\u00f6nelik bir m\u00fcfredat olu\u015fturulmas\u0131 da \u00f6nemlidir. Bu \u00e7er\u00e7evede kesintisiz 12 y\u0131ll\u0131k e\u011fitim k\u0131z ve erkek \u00e7ocuklar\u0131 i\u00e7in zorunlu olmal\u0131d\u0131r. \u00c7\u00fcnk\u00fc ailelerde ya\u015fanan \u015fiddette k\u0131z ve erkek \u00e7ocuklar ayn\u0131 travmay\u0131 ya\u015famaktalar ve \u015fiddeti normal bir davran\u0131\u015f olarak benimsemektedirler. \u0130slamiyet \u00f6ncesi T\u00fcrk topluluklar\u0131nda kad\u0131n\u0131n yerinin erke\u011fin yan\u0131nda ve e\u015fit oldu\u011funu g\u00f6steren bir\u00e7ok efsane ve kan\u0131tlarla doludur. \u00d6zellikle erkek ka\u011fanlar\u0131n, e\u015fleri i\u00e7in -O Benim HAN\u2019IM- diyerek y\u00fccelttikleri, kurultaylara ve toylara birlikte kat\u0131larak a\u00e7\u0131l\u0131\u015flar\u0131 ve e\u011flenceleri beraber yapt\u0131klar\u0131 bilinmektedir.&nbsp;<\/p>\n\n\n\n<p>Bug\u00fcn Anadolu\u2019nun bir\u00e7ok k\u00f6y\u00fcnde kad\u0131n ve erke\u011fin d\u00fc\u011f\u00fcnlerde ve tarlada bah\u00e7ede i\u015flerde birlikte \u00e7al\u0131\u015ft\u0131\u011f\u0131 bilinmektedir. \u201cAllah ve insan sevgisine\u201d dayanan Anadolu M\u00fcsl\u00fcmanl\u0131\u011f\u0131, Kad\u0131n\u0131 hep e\u015fit g\u00f6rm\u00fc\u015ft\u00fcr. Bunun sonucunda \u0130stiklal Sava\u015f\u0131\u2019nda kad\u0131n erkek cephede d\u00fc\u015fmana kar\u015f\u0131 m\u00fccadele ettikleri bir ger\u00e7ektir. \u201cAllah korkusuna\u201d dayanan Arap M\u00fcsl\u00fcmanl\u0131\u011f\u0131 kad\u0131n\u0131 hep k\u00f6le g\u00f6rm\u00fc\u015f ve ezmi\u015ftir. Bu nedenle Orta Do\u011fu ve kuzey Afrika\u2019daki bir\u00e7ok M\u00fcsl\u00fcman toplumunda -emperyalizmin s\u00f6m\u00fcr\u00fc sistemi- \u00e7ok uzun y\u0131llar s\u00fcrm\u00fc\u015f, bir k\u0131sm\u0131 hala demokrasiye ge\u00e7ememi\u015flerdir. Bunun en \u00f6nemli \u00f6rne\u011fi Suudi Arabistan krall\u0131\u011f\u0131d\u0131r kad\u0131nlar daha yeni ge\u00e7ti\u011fimiz y\u0131llarda araba kullanma hakk\u0131n\u0131 yeni kavu\u015fmu\u015flard\u0131r. Bunu da kendileri m\u00fccadele ederek kazanmam\u0131\u015flar, &nbsp;kral\u0131n bir l\u00fctfu olarak alm\u0131\u015flard\u0131r. Cumhuriyetin kurulu\u015funda, ba\u015fta Halide Edip Ad\u0131var ve Tarsuslu Adile \u00c7avu\u015f olmak \u00fczere bir\u00e7ok, T\u00fcrk kad\u0131n\u0131 gerek cephede, &nbsp;gerek sosyal hayatta erke\u011fi ile birlikte m\u00fccadele etmi\u015flerdir. \u00d6zellikle k\u0131z \u00e7ocuklar\u0131n\u0131n ilkokuldan sonra e\u011fitimden kopmalar\u0131n\u0131n \u00f6n\u00fcne ge\u00e7ilmeli, tarikatlar\u0131n okullardaki etkinli\u011fine derhal &nbsp;son verilmelidir. \u00c7\u00fcnk\u00fc tarikatlar, k\u00fc\u00e7\u00fcc\u00fck k\u0131z \u00e7ocuklar\u0131n\u0131n ba\u015flar\u0131na Arap t\u00fcrban\u0131n\u0131 ge\u00e7irerek, kad\u0131nlar\u0131 ikinci s\u0131n\u0131f varl\u0131klar durumuna d\u00fc\u015f\u00fcrerek kad\u0131na y\u00f6nelik \u015fiddeti me\u015frula\u015ft\u0131ran, resmi e\u011fitimden uzakla\u015ft\u0131ran \u00f6rg\u00fctlerdir. Bu nedenle kad\u0131nlar 25 Kas\u0131m\u2019\u0131 bu t\u00fcr anlay\u0131\u015flarla ve tarikatlarla -bir m\u00fccadele g\u00fcn\u00fc- olarak g\u00f6rmeleri gerekmektedir.\u201d \u015feklinde konu\u015ftu.<\/p>\n\n\n\n<p>\u201cM\u00dcCADELE BAYRA\u011eI DAHA DA Y\u00dcKSELT\u0130LMEL\u0130\u201d<\/p>\n\n\n\n<p>Ba\u015fkan Serdar Erkan s\u00f6zlerini \u015f\u00f6yle noktalad\u0131:&nbsp;<\/p>\n\n\n\n<p>\u201c\u00d6te yandan T\u00fcrkiye\u2019de kad\u0131nlar\u0131n \u00f6zellikle \u015fiddeti \u00f6nleme konusunda \u00f6rg\u00fctlenmesinin yayg\u0131nla\u015fmas\u0131 da \u00f6nemi b\u00fcy\u00fckt\u00fcr. Ancak bunun i\u00e7in \u00f6zellikle tarikatlar\u0131 destekleyen Siyasal \u0130slam iktidar\u0131n\u0131n demokratik ve me\u015fru yollardan son bulmas\u0131 ve 25 Kas\u0131mg\u00fcn\u00fcn\u00fc bir anma veya kutlama de\u011fil, &nbsp;bir M\u00dcCADELE G\u00dcN\u00dc olarak g\u00f6r\u00fclmesi ile m\u00fcmk\u00fcnd\u00fcr. Bu nedenle T\u00fcrkiye\u2019deki t\u00fcm kad\u0131nlar\u0131n bu bilince eri\u015fmeleri i\u00e7in e\u011fitim i\u00e7in &nbsp;ve \u015fiddete kar\u015f\u0131 daha yo\u011fun \u00f6rg\u00fctlenmeye ihtiya\u00e7lar\u0131 vard\u0131r. Atat\u00fcrk\u2019\u00fcn kad\u0131nlar\u0131m\u0131z ve toplumsal geli\u015fmemiz i\u00e7in s\u00f6yledi\u011fi \u015fu ifadelerle dikkatinizi \u00e7ekmek istiyorum.<\/p>\n\n\n\n<p>\u2018M\u00fcmk\u00fcn m\u00fcd\u00fcr ki, bir toplumun bir aya\u011f\u0131 yere zincirle ba\u011fl\u0131 olsun, di\u011fer aya\u011f\u0131yla ileriye ko\u015fup, y\u00fckselebilsin\u2019 Konu\u015fmam\u0131, t\u00fcm kad\u0131nlar\u0131m\u0131z\u0131n ve k\u0131z \u00e7ocuklar\u0131m\u0131z\u0131n hak ettikleri e\u011fitimi almalar\u0131 ve de her t\u00fcrl\u00fc \u015fiddetin \u00f6nlenmesi i\u00e7in siyasal ya\u015famda da daha etkin olarak, gerekli yasal ve sosyal d\u00fczenlemeleri TBMM\u2019den \u00e7\u0131kar\u0131lmas\u0131 i\u00e7in her y\u0131l 25 Kas\u0131m\u2019da m\u00fccadele bayra\u011f\u0131n\u0131n daha da y\u00fckseltilmelerini dileyerek tamaml\u0131yorum. T\u00fcrkiye Cumhuriyeti ancak bu \u015fekilde as\u0131rlard\u0131r bir aya\u011f\u0131na ba\u011flanm\u0131\u015f olan zincirden kurtularak \u2018\u00c7a\u011fda\u015f Uygarl\u0131k Seviyesinin \u00dcst\u00fcne\u2019&nbsp;<\/p>\n\n\n\n<p>y\u00fckselebilir.<\/p>\n\n\n\n<p>\u00dcLKEM\u0130ZDE B\u0130R G\u00dcN KADIN C\u0130NAYETLER\u0130N\u0130N VE \u015e\u0130DDET\u0130N TAMAMEN ORTADAN KALKMASI D\u0130LE\u011e\u0130YLE\u2026\u201d<\/p>\n","protected":false},"excerpt":{"rendered":"<p>Atat\u00fcrk\u00e7\u00fc D\u00fc\u015f\u00fcnce Derne\u011fi (ADD) Mersin \u015eube Y\u00f6netim Kurulu Ba\u015fkan\u0131 Serdar Erkan, Birle\u015fmi\u015f Milletlerin(BM) 1999 y\u0131l\u0131nda kad\u0131nlara y\u00f6nelik aile i\u00e7i ve sokakta ki \u015fiddete dikkat \u00e7ekmek amac\u0131yla 25 Kas\u0131m g\u00fcn\u00fcn\u00fc \u2018kad\u0131na y\u00f6nelik \u015fiddeti \u00f6nleme g\u00fcn\u00fc\u2019 olarak ilan etti\u011fini belirtti. \u201c\u00d6zellikle do\u011fu k\u00fclt\u00fcr\u00fcnde ve \u0130slam \u00fclkelerinde ve de \u00fclkemizde giderek artan kad\u0131na y\u00f6nelik \u015fiddete kar\u015f\u0131 olu\u015fan toplumsal [&hellip;]<\/p>\n","protected":false},"author":2,"featured_media":37263,"comment_status":"closed","ping_status":"closed","sticky":false,"template":"","format":"standard","meta":{"footnotes":""},"categories":[34,3],"tags":[],"class_list":["post-37262","post","type-post","status-publish","format-standard","has-post-thumbnail","hentry","category-flas-haber","category-manset"],"views":4,"_links":{"self":[{"href":"https:\/\/mersinkadingazetesi.com\/index.php?rest_route=\/wp\/v2\/posts\/37262"}],"collection":[{"href":"https:\/\/mersinkadingazetesi.com\/index.php?rest_route=\/wp\/v2\/posts"}],"about":[{"href":"https:\/\/mersinkadingazetesi.com\/index.php?rest_route=\/wp\/v2\/types\/post"}],"author":[{"embeddable":true,"href":"https:\/\/mersinkadingazetesi.com\/index.php?rest_route=\/wp\/v2\/users\/2"}],"replies":[{"embeddable":true,"href":"https:\/\/mersinkadingazetesi.com\/index.php?rest_route=%2Fwp%2Fv2%2Fcomments&post=37262"}],"version-history":[{"count":1,"href":"https:\/\/mersinkadingazetesi.com\/index.php?rest_route=\/wp\/v2\/posts\/37262\/revisions"}],"predecessor-version":[{"id":37264,"href":"https:\/\/mersinkadingazetesi.com\/index.php?rest_route=\/wp\/v2\/posts\/37262\/revisions\/37264"}],"wp:featuredmedia":[{"embeddable":true,"href":"https:\/\/mersinkadingazetesi.com\/index.php?rest_route=\/wp\/v2\/media\/37263"}],"wp:attachment":[{"href":"https:\/\/mersinkadingazetesi.com\/index.php?rest_route=%2Fwp%2Fv2%2Fmedia&parent=37262"}],"wp:term":[{"taxonomy":"category","embeddable":true,"href":"https:\/\/mersinkadingazetesi.com\/index.php?rest_route=%2Fwp%2Fv2%2Fcategories&post=37262"},{"taxonomy":"post_tag","embeddable":true,"href":"https:\/\/mersinkadingazetesi.com\/index.php?rest_route=%2Fwp%2Fv2%2Ftags&post=37262"}],"curies":[{"name":"wp","href":"https:\/\/api.w.org\/{rel}","templated":true}]}}