{"id":37266,"date":"2024-11-25T11:34:21","date_gmt":"2024-11-25T08:34:21","guid":{"rendered":"https:\/\/mersinkadingazetesi.com\/?p=37266"},"modified":"2024-11-25T11:34:22","modified_gmt":"2024-11-25T08:34:22","slug":"durmus-24-kasim-etkinlikleri-kapsaminda-emekli-ogretmenlerimiz-ile-son-ders-etkinligine-katildi","status":"publish","type":"post","link":"https:\/\/mersinkadingazetesi.com\/?p=37266","title":{"rendered":"DURMU\u015e, 24 KASIM ETK\u0130NL\u0130KLER\u0130 KAPSAMINDA &#8220;EMEKL\u0130 \u00d6\u011eRETMENLER\u0130M\u0130Z \u0130LE SON DERS&#8221; ETK\u0130NL\u0130\u011e\u0130NE KATILDI\u00a0"},"content":{"rendered":"\n<p>\u0130l Mill\u00ee E\u011fitim M\u00fcd\u00fcr\u00fc Fazilet Durmu\u015f, 24 Kas\u0131m \u00d6\u011fretmenler G\u00fcn\u00fc kapsam\u0131nda, Toroslar il\u00e7emizdeki Mehmet Sertta\u015f Anadolu Lisesi ve Bahriye \u0130lkokulunda &#8220;Emekli \u00d6\u011fretmenlerimiz ile Son Ders&#8221; etkinli\u011fine kat\u0131ld\u0131.<\/p>\n\n\n\n<p>Etkinlikte, \u00f6\u011fretmenlik mesle\u011finin onurunu ve kutsall\u0131\u011f\u0131n\u0131 vurgulayan \u0130l Mill\u00ee E\u011fitim M\u00fcd\u00fcr\u00fc Fazilet Durmu\u015f: &#8220;\u00d6\u011fretmenlik bir meslek olmaktan ziyade bir ya\u015famd\u0131r. \u00d6\u011fretmen zaman ve mek\u00e2n fark etmeksizin hep \u00f6\u011fretmendir. Emeklilik ile ayr\u0131labilece\u011fimiz bir meslek de\u011fil bizim i\u00e7in. Ruhumuzda her yere ta\u015f\u0131r\u0131z \u00f6\u011fretmenli\u011fimizi. \u00dclkemizin ve d\u00fcnyan\u0131n d\u00f6rt bir yan\u0131na filizler ekeriz, sonra da onlar\u0131n koca bir a\u011fa\u00e7 ve orman oldu\u011funu g\u00f6r\u00fcnce ya\u015fad\u0131\u011f\u0131m\u0131z o tarifsiz duyguyu ve gururu anlatmaya kelimeler yetmez.&nbsp;<\/p>\n\n\n\n<p>Bug\u00fcn son ders i\u00e7in bir araya geldi\u011fimiz emektar \u00f6\u011fretmenlerim; yeti\u015ftirdi\u011finiz erdemli ve ahlakl\u0131 vatan evlatlar\u0131 i\u00e7in, kalplere dokunu\u015funuz ve emekleriniz i\u00e7in sizlere minnettar\u0131z.&#8221; dedi.&nbsp;<\/p>\n\n\n\n<p>Emekli \u00f6\u011fretmenlerimizin an\u0131lar\u0131n\u0131n ve deneyimlerinin payla\u015f\u0131ld\u0131\u011f\u0131, duygu dolu etkinliklerle muhte\u015fem bir g\u00fcn ya\u015fand\u0131.<\/p>\n\n\n\n<p>Etkinli\u011fe \u0130l Mill\u00ee E\u011fitim M\u00fcd\u00fcr\u00fc Fazilet Durmu\u015f, Toroslar \u0130l\u00e7e Mill\u00ee E\u011fitim M\u00fcd\u00fcr\u00fc Kaan Aydemir, \u0130l Mill\u00ee E\u011fitim \u015eube M\u00fcd\u00fcr\u00fc \u0130lhan Sabit Memi\u015f, Toroslar \u0130l\u00e7e Mill\u00ee E\u011fitim \u015eube M\u00fcd\u00fcr\u00fc Behzat E\u011filmez, emekli \u00f6\u011fretmenlerimiz Kenan Kaya, Havva Ruhiye \u00d6zmen ve okullardaki \u00f6\u011fretmenler kat\u0131ld\u0131.<\/p>\n\n\n\n<p><a href=\"https:\/\/mersin.meb.gov.tr\/meb_iys_dosyalar\/2024_11\/22142455_img_2240.jpg\" target=\"_blank\" rel=\"noreferrer noopener\"><\/a><\/p>\n","protected":false},"excerpt":{"rendered":"<p>\u0130l Mill\u00ee E\u011fitim M\u00fcd\u00fcr\u00fc Fazilet Durmu\u015f, 24 Kas\u0131m \u00d6\u011fretmenler G\u00fcn\u00fc kapsam\u0131nda, Toroslar il\u00e7emizdeki Mehmet Sertta\u015f Anadolu Lisesi ve Bahriye \u0130lkokulunda &#8220;Emekli \u00d6\u011fretmenlerimiz ile Son Ders&#8221; etkinli\u011fine kat\u0131ld\u0131. Etkinlikte, \u00f6\u011fretmenlik mesle\u011finin onurunu ve kutsall\u0131\u011f\u0131n\u0131 vurgulayan \u0130l Mill\u00ee E\u011fitim M\u00fcd\u00fcr\u00fc Fazilet Durmu\u015f: &#8220;\u00d6\u011fretmenlik bir meslek olmaktan ziyade bir ya\u015famd\u0131r. \u00d6\u011fretmen zaman ve mek\u00e2n fark etmeksizin hep \u00f6\u011fretmendir. [&hellip;]<\/p>\n","protected":false},"author":2,"featured_media":37267,"comment_status":"closed","ping_status":"closed","sticky":false,"template":"","format":"standard","meta":{"footnotes":""},"categories":[3],"tags":[],"class_list":["post-37266","post","type-post","status-publish","format-standard","has-post-thumbnail","hentry","category-manset"],"views":9,"_links":{"self":[{"href":"https:\/\/mersinkadingazetesi.com\/index.php?rest_route=\/wp\/v2\/posts\/37266"}],"collection":[{"href":"https:\/\/mersinkadingazetesi.com\/index.php?rest_route=\/wp\/v2\/posts"}],"about":[{"href":"https:\/\/mersinkadingazetesi.com\/index.php?rest_route=\/wp\/v2\/types\/post"}],"author":[{"embeddable":true,"href":"https:\/\/mersinkadingazetesi.com\/index.php?rest_route=\/wp\/v2\/users\/2"}],"replies":[{"embeddable":true,"href":"https:\/\/mersinkadingazetesi.com\/index.php?rest_route=%2Fwp%2Fv2%2Fcomments&post=37266"}],"version-history":[{"count":1,"href":"https:\/\/mersinkadingazetesi.com\/index.php?rest_route=\/wp\/v2\/posts\/37266\/revisions"}],"predecessor-version":[{"id":37268,"href":"https:\/\/mersinkadingazetesi.com\/index.php?rest_route=\/wp\/v2\/posts\/37266\/revisions\/37268"}],"wp:featuredmedia":[{"embeddable":true,"href":"https:\/\/mersinkadingazetesi.com\/index.php?rest_route=\/wp\/v2\/media\/37267"}],"wp:attachment":[{"href":"https:\/\/mersinkadingazetesi.com\/index.php?rest_route=%2Fwp%2Fv2%2Fmedia&parent=37266"}],"wp:term":[{"taxonomy":"category","embeddable":true,"href":"https:\/\/mersinkadingazetesi.com\/index.php?rest_route=%2Fwp%2Fv2%2Fcategories&post=37266"},{"taxonomy":"post_tag","embeddable":true,"href":"https:\/\/mersinkadingazetesi.com\/index.php?rest_route=%2Fwp%2Fv2%2Ftags&post=37266"}],"curies":[{"name":"wp","href":"https:\/\/api.w.org\/{rel}","templated":true}]}}