{"id":37269,"date":"2024-11-25T11:35:38","date_gmt":"2024-11-25T08:35:38","guid":{"rendered":"https:\/\/mersinkadingazetesi.com\/?p=37269"},"modified":"2024-11-25T11:35:38","modified_gmt":"2024-11-25T08:35:38","slug":"uretici-ve-yetistiriciler-buyuksehir-ile-nefes-aliyor","status":"publish","type":"post","link":"https:\/\/mersinkadingazetesi.com\/?p=37269","title":{"rendered":"\u00dcRET\u0130C\u0130 VE YET\u0130\u015eT\u0130R\u0130C\u0130LER B\u00dcY\u00dcK\u015eEH\u0130R \u0130LE NEFES ALIYOR"},"content":{"rendered":"\n<p>Mersin B\u00fcy\u00fck\u015fehir Belediyesi&#8217;nin; Tar\u0131msal Hizmetler Dairesi Ba\u015fkanl\u0131\u011f\u0131 koordinesinde \u00fcreticilere ve yeti\u015ftiricilere sa\u011flam\u0131\u015f oldu\u011fu destekler tar\u0131msal ve hayvansal \u00fcretimin s\u00fcrd\u00fcr\u00fclebilirli\u011fini sa\u011flarken, b\u00f6lge ekonomisine de katk\u0131 sa\u011flamaya devam ediyor. Her ge\u00e7en g\u00fcn al\u0131m g\u00fcc\u00fcn\u00fcn azald\u0131\u011f\u0131 ve tar\u0131msal girdilerin olduk\u00e7a y\u00fckseldi\u011fi bu d\u00f6nemde \u00fcretim yapmakta zorlanan \u00fcreticiler ve yeti\u015ftiriciler, B\u00fcy\u00fck\u015fehir taraf\u0131ndan yap\u0131lan desteklerle hem mali y\u00fck\u00fcn\u00fc hafifletiyor, hem de kendini yaln\u0131z hissetmiyor. Tar\u0131msal ve hayvansal desteklerini s\u00fcrekli art\u0131ran ve \u00e7e\u015fitlendiren B\u00fcy\u00fck\u015fehir, son olarak Mutlu hayvan yeti\u015ftiricilerine y\u00fczde 50 hibeli m\u0131s\u0131r flake yem deste\u011finde bulundu.<\/p>\n\n\n\n<p>K\u0131\u015f aylar\u0131n\u0131n gelmesi ile birlikte d\u00fc\u015fen et ve s\u00fct \u00fcretimini art\u0131rmay\u0131 hedefleyen B\u00fcy\u00fck\u015fehir, 2024 y\u0131l\u0131 i\u00e7erisinde Mut&#8217;ta 329 yeti\u015ftiriciye 212 bin 800 kilogram yem deste\u011fi sa\u011flad\u0131. B\u00fcy\u00fck\u015fehir&#8217;in y\u0131lba\u015f\u0131ndan bu yana kent genelinde destek verdi\u011fi yeti\u015ftirici say\u0131s\u0131 ise 689 olurken, toplamda 438 bin 200 kilogram yem deste\u011fi sa\u011fland\u0131.<\/p>\n\n\n\n<p>G\u00f6k: &#8220;\u00dcreticilerimizin ve yeti\u015ftiricilerimizin yan\u0131nda olmaya devam edece\u011fiz&#8221;<\/p>\n\n\n\n<p>Mersin B\u00fcy\u00fck\u015fehir Belediyesi Tar\u0131msal Hizmetler Dairesi Ba\u015fkanl\u0131\u011f\u0131&#8217;nda Ziraat M\u00fchendisi olarak g\u00f6rev yapan Ay\u015fe Yanpar G\u00f6k, b\u00fcy\u00fckba\u015f hayvan yeti\u015ftiricilerini kapsayan &#8216;Y\u00fczde 50 Hibeli M\u0131s\u0131r Flake Yem Deste\u011fi&#8217; projesi ile bilgi vererek; &#8220;Projemiz, dam\u0131zl\u0131k s\u0131\u011f\u0131r yeti\u015ftiricileri ve s\u00fct \u00fcreticileri birliklerine kay\u0131tl\u0131 olan, 3 ile 10 aras\u0131 b\u00fcy\u00fckba\u015f sa\u011fmal hayvana sahip yeti\u015ftiricilerimizi kapsamaktad\u0131r. Proje kapsam\u0131nda bu y\u0131l Erdemli, Silifke G\u00fclnar ve Mut il\u00e7elerindeki yeti\u015ftiriciler destekten faydaland\u0131. Mut il\u00e7esinde 329 yeti\u015ftiriciye 212 bin 800 kilogram, Mersin&#8217;deki toplam 4 il\u00e7ede ise 689 yeti\u015ftiriciye 438 bin 200 kilogram yem deste\u011fi sa\u011flam\u0131\u015f olaca\u011f\u0131z&#8221; dedi.<\/p>\n\n\n\n<p>Proje ile k\u0131\u015f aylar\u0131n\u0131n gelmesi ile birlikte d\u00fc\u015fen et ve s\u00fct \u00fcretimini art\u0131rmay\u0131 hedeflediklerini s\u00f6yleyen G\u00f6k, &#8220;Yeti\u015ftiricilerin yem masraflar\u0131 \u00e7ok fazla. Bu y\u00fczden hayvan yeti\u015ftiricileri art\u0131k hayvanc\u0131l\u0131\u011f\u0131 b\u0131rakma a\u015famas\u0131na geldiler. Bundan dolay\u0131, B\u00fcy\u00fck\u015fehir taraf\u0131ndan verilen yem destekleri onlar\u0131 \u00e7ok rahatlatt\u0131. Tar\u0131msal Hizmetler Dairesi Ba\u015fkanl\u0131\u011f\u0131 olarak \u00fcreticilerimize ve yeti\u015ftiricilerimize bitkisel ve hayvansal desteklerimizi yerli yerinde sa\u011flamaya devam ederek yanlar\u0131nda olaca\u011f\u0131z&#8221; ifadelerini kulland\u0131.<\/p>\n\n\n\n<p>Verilen destekler, \u00fcretici ve yeti\u015ftiricinin girdi maliyetlerini d\u00fc\u015f\u00fcr\u00fcyor<\/p>\n\n\n\n<p>Mersin B\u00fcy\u00fck\u015fehir&#8217;in sa\u011flad\u0131\u011f\u0131 m\u0131s\u0131r flake yem deste\u011finden daha \u00f6nce de faydaland\u0131\u011f\u0131n\u0131 s\u00f6yleyen yeti\u015ftiricilerden Halil I\u015f\u0131k, &#8220;Yap\u0131lan destekler sayesinde masraflar\u0131m\u0131z normale iniyor. B\u00f6ylece biz de i\u015fimizi severek yapar\u0131z ve biraz daha ileri gidebiliriz. Ba\u015fkan\u0131m\u0131z bizleri seviyor, biz de O&#8217;nu seviyoruz&#8221; dedi.<\/p>\n\n\n\n<p>Bir ba\u015fka Mutlu yeti\u015ftirici Ahmet Babacan yap\u0131lan destekler hakk\u0131nda; &#8220;Ba\u015fkan\u0131m\u0131z\u0131n bir \u00f6nceki d\u00f6neminde de bu destekten faydaland\u0131k. Bu destek sayesinde bir \u00e7uval yemde maliyetim 350 lira d\u00fc\u015f\u00fcyor. Yerli yerinde bir destek. Ba\u015fkan\u0131m\u0131z \u00e7olu\u011fun, \u00e7ocu\u011fun, gencin, ya\u015fl\u0131n\u0131n, k\u0131sacas\u0131 herkesin yan\u0131nda ve desteklerinden \u00e7ok memnunuz&#8221; ifadelerini kulland\u0131.<\/p>\n\n\n\n<p>B\u00fcy\u00fckba\u015f hayvan yeti\u015ftiricilerinden Mustafa Karaku\u015f ise, daha \u00f6nce de B\u00fcy\u00fck\u015fehir&#8217;in ceviz fidan\u0131 deste\u011finden faydaland\u0131\u011f\u0131n\u0131 belirterek, &#8220;Hayvanlar i\u00e7in yemimizi ne kadar uyguna denk getirirsek, bizlere de o kadar faydas\u0131 oluyor. \u00dcretici ve yeti\u015ftirici \u00e7ok b\u00fcy\u00fck s\u0131k\u0131nt\u0131 ya\u015f\u0131yor. \u00dcretim olmas\u0131 i\u00e7in yard\u0131m laz\u0131m. \u00dcreticiye ne kadar yard\u0131mc\u0131 olunursa, \u00fcretim de ona g\u00f6re iyi olur. Ba\u015fkan\u0131m\u0131z, \u00fcreticinin derdini bilen ve s\u00fcrekli yard\u0131m eden birisi. Mut&#8217;ta \u00fcretim ve sulamada da \u00e7ok b\u00fcy\u00fck faydas\u0131n\u0131 g\u00f6rd\u00fck&#8221; \u015feklinde konu\u015ftu.<\/p>\n","protected":false},"excerpt":{"rendered":"<p>Mersin B\u00fcy\u00fck\u015fehir Belediyesi&#8217;nin; Tar\u0131msal Hizmetler Dairesi Ba\u015fkanl\u0131\u011f\u0131 koordinesinde \u00fcreticilere ve yeti\u015ftiricilere sa\u011flam\u0131\u015f oldu\u011fu destekler tar\u0131msal ve hayvansal \u00fcretimin s\u00fcrd\u00fcr\u00fclebilirli\u011fini sa\u011flarken, b\u00f6lge ekonomisine de katk\u0131 sa\u011flamaya devam ediyor. Her ge\u00e7en g\u00fcn al\u0131m g\u00fcc\u00fcn\u00fcn azald\u0131\u011f\u0131 ve tar\u0131msal girdilerin olduk\u00e7a y\u00fckseldi\u011fi bu d\u00f6nemde \u00fcretim yapmakta zorlanan \u00fcreticiler ve yeti\u015ftiriciler, B\u00fcy\u00fck\u015fehir taraf\u0131ndan yap\u0131lan desteklerle hem mali y\u00fck\u00fcn\u00fc hafifletiyor, hem [&hellip;]<\/p>\n","protected":false},"author":2,"featured_media":37270,"comment_status":"closed","ping_status":"closed","sticky":false,"template":"","format":"standard","meta":{"footnotes":""},"categories":[3],"tags":[],"class_list":["post-37269","post","type-post","status-publish","format-standard","has-post-thumbnail","hentry","category-manset"],"views":7,"_links":{"self":[{"href":"https:\/\/mersinkadingazetesi.com\/index.php?rest_route=\/wp\/v2\/posts\/37269"}],"collection":[{"href":"https:\/\/mersinkadingazetesi.com\/index.php?rest_route=\/wp\/v2\/posts"}],"about":[{"href":"https:\/\/mersinkadingazetesi.com\/index.php?rest_route=\/wp\/v2\/types\/post"}],"author":[{"embeddable":true,"href":"https:\/\/mersinkadingazetesi.com\/index.php?rest_route=\/wp\/v2\/users\/2"}],"replies":[{"embeddable":true,"href":"https:\/\/mersinkadingazetesi.com\/index.php?rest_route=%2Fwp%2Fv2%2Fcomments&post=37269"}],"version-history":[{"count":1,"href":"https:\/\/mersinkadingazetesi.com\/index.php?rest_route=\/wp\/v2\/posts\/37269\/revisions"}],"predecessor-version":[{"id":37271,"href":"https:\/\/mersinkadingazetesi.com\/index.php?rest_route=\/wp\/v2\/posts\/37269\/revisions\/37271"}],"wp:featuredmedia":[{"embeddable":true,"href":"https:\/\/mersinkadingazetesi.com\/index.php?rest_route=\/wp\/v2\/media\/37270"}],"wp:attachment":[{"href":"https:\/\/mersinkadingazetesi.com\/index.php?rest_route=%2Fwp%2Fv2%2Fmedia&parent=37269"}],"wp:term":[{"taxonomy":"category","embeddable":true,"href":"https:\/\/mersinkadingazetesi.com\/index.php?rest_route=%2Fwp%2Fv2%2Fcategories&post=37269"},{"taxonomy":"post_tag","embeddable":true,"href":"https:\/\/mersinkadingazetesi.com\/index.php?rest_route=%2Fwp%2Fv2%2Ftags&post=37269"}],"curies":[{"name":"wp","href":"https:\/\/api.w.org\/{rel}","templated":true}]}}