{"id":37272,"date":"2024-11-25T11:38:43","date_gmt":"2024-11-25T08:38:43","guid":{"rendered":"https:\/\/mersinkadingazetesi.com\/?p=37272"},"modified":"2024-11-25T11:38:44","modified_gmt":"2024-11-25T08:38:44","slug":"kadina-siddetin-simgesi-ozgecan-aslan-unutulmadi","status":"publish","type":"post","link":"https:\/\/mersinkadingazetesi.com\/?p=37272","title":{"rendered":"Kad\u0131na \u015eiddet&#8217;in Simgesi \u00d6zgecan Aslan Unutulmad\u0131"},"content":{"rendered":"\n<p>Kad\u0131na \u015eiddetin simge isimlerinden olan \u00d6zgecan Aslan&#8217;\u0131 kad\u0131nlar Mersin&#8217;de mezar\u0131 ba\u015f\u0131nda ziyaret etti. Dua eden kad\u0131nlar, \u00d6zgecan&#8217;\u0131n kabrine karanfil b\u0131rakt\u0131.<br>Erdemli Belediyesi Kad\u0131n ve Aile Dan\u0131\u015fma Merkezi ekipleri Mersin&#8217;de 2015 tarihinde vah\u015fice bir cinayete kurban giden \u00d6zgecan Aslan&#8217;\u0131 unutmad\u0131.<\/p>\n\n\n\n<p>25 Kas\u0131m Kad\u0131na \u015eiddete Kar\u015f\u0131 Uluslararas\u0131 M\u00fccadele G\u00fcn\u00fc kapsam\u0131nda bir araya gelen kad\u0131nlar, Erdemli Belediye Ba\u015fkan\u0131 Mustafa Kara e\u015fli\u011finde \u00d6zgecan Aslan&#8217;\u0131 kabri ba\u015f\u0131nda ziyaret etti. \u00d6zgecan Aslan&#8217;\u0131 mezar\u0131 ba\u015f\u0131nda dua ederek karanfil b\u0131rakt\u0131.<\/p>\n\n\n\n<p>Kad\u0131nlar\u0131n ortak mesaj\u0131 ise &#8216;Kad\u0131na Kar\u015f\u0131 \u015eiddet Art\u0131k Son Bulsun&#8217; oldu.<\/p>\n\n\n\n<p>Kad\u0131na kar\u015f\u0131 \u015fiddetin her daim kar\u015f\u0131s\u0131nda oldu\u011funu ifade eden Erdemli Belediye Ba\u015fkan\u0131 Mustafa Kara, &#8221; G\u00f6zlerde ya\u015f biter, y\u00fcrek a\u011flamaya devam eder. \u00d6zgecan Aslan karde\u015fimiz de y\u00fcre\u011fimizde a\u011flayan bir yara. \u015eiddetin her t\u00fcrl\u00fc kar\u015f\u0131s\u0131nday\u0131z. \u015eiddete hay\u0131r diyoruz. Erdemli Belediyesi olarak da Kad\u0131n Dayan\u0131\u015fma \u00fcyelerimizle birlikte bir\u00e7ok \u00e7al\u0131\u015fma yap\u0131yoruz. Kad\u0131nlar\u0131m\u0131z\u0131n her zaman yan\u0131nday\u0131z. \u00d6zgecan Aslan karde\u015fimizin bug\u00fcn kabri ba\u015f\u0131ndayd\u0131k, dualar\u0131m\u0131z\u0131 ettik, karanfillerimizi b\u0131rakt\u0131k. Kad\u0131na \u015fiddete dur diyoruz&#8221; diye konu\u015ftu.<\/p>\n\n\n\n<p>Anne olarak \u015fiddete kar\u015f\u0131 oldu\u011funu ifade eden Ay\u015feg\u00fcl Yavuuz, &#8220;Bir anne olarak \u00d6zgecan Aslan&#8217;\u0131n mezar\u0131na geldik. Kad\u0131na \u015fiddete hay\u0131r diyorum&#8221; diye konu\u015ftu.<\/p>\n\n\n\n<p>Art\u0131k hi\u00e7bir kad\u0131n\u0131n \u00f6lmesini istemediklerini ifade eden Beyza Korkmaz, &#8221; Bug\u00fcn burada \u00d6zgecan Aslan&#8217;\u0131n mezar\u0131nda kad\u0131nlar\u0131m\u0131zla beraber karanfil b\u0131rakmaya geldik. Art\u0131k hi\u00e7bir kad\u0131n\u0131n \u00f6lmesini istemiyoruz. Kad\u0131nlar olarak \u015fiddetin durmas\u0131n\u0131 istiyoruz&#8221; diye konu\u015ftu.<\/p>\n\n\n\n<p>K\u0131z ve erkek \u00e7ocuklar\u0131n\u0131 e\u015fit \u015fekilde yeti\u015ftirmek gerekti\u011fini ifade eden \u0130rem S\u00f6z\u00fcg\u00fczel, &#8220;Uluslararas\u0131 Kad\u0131na Kar\u015f\u0131 \u015eiddete M\u00fccadele i\u00e7in buraday\u0131z. \u00d6zgecan Aslan&#8217;\u0131n mezar\u0131n\u0131 ziyaret ettik. Hem \u015fiddetin sembol\u00fc olan \u00d6zgecan Aslan hem de Mersinli hem\u015fehrimiz oldu\u011fu i\u00e7in kad\u0131nlar\u0131m\u0131zla beraber karanfil b\u0131rakt\u0131k, dualar\u0131m\u0131z\u0131 ettik. \u015eiddete kar\u015f\u0131 art\u0131k l\u00fctfen dur diyelim. Sadece sevgi olsun ve \u00e7ocuklar\u0131m\u0131z\u0131 k\u00fc\u00e7\u00fck ya\u015ftan itibaren cinsiyet e\u015fit\u00e7ili\u011fini \u00f6\u011fretelim l\u00fctfen. K\u0131z ve erkek \u00e7ocuklar\u0131n\u0131 e\u015fit \u015fekilde b\u00fcy\u00fctelim, \u015fiddete bir dur diyelim&#8221; diye konu\u015ftu.<\/p>\n","protected":false},"excerpt":{"rendered":"<p>Kad\u0131na \u015eiddetin simge isimlerinden olan \u00d6zgecan Aslan&#8217;\u0131 kad\u0131nlar Mersin&#8217;de mezar\u0131 ba\u015f\u0131nda ziyaret etti. Dua eden kad\u0131nlar, \u00d6zgecan&#8217;\u0131n kabrine karanfil b\u0131rakt\u0131.Erdemli Belediyesi Kad\u0131n ve Aile Dan\u0131\u015fma Merkezi ekipleri Mersin&#8217;de 2015 tarihinde vah\u015fice bir cinayete kurban giden \u00d6zgecan Aslan&#8217;\u0131 unutmad\u0131. 25 Kas\u0131m Kad\u0131na \u015eiddete Kar\u015f\u0131 Uluslararas\u0131 M\u00fccadele G\u00fcn\u00fc kapsam\u0131nda bir araya gelen kad\u0131nlar, Erdemli Belediye Ba\u015fkan\u0131 Mustafa [&hellip;]<\/p>\n","protected":false},"author":2,"featured_media":37273,"comment_status":"closed","ping_status":"closed","sticky":false,"template":"","format":"standard","meta":{"footnotes":""},"categories":[3],"tags":[],"class_list":["post-37272","post","type-post","status-publish","format-standard","has-post-thumbnail","hentry","category-manset"],"views":9,"_links":{"self":[{"href":"https:\/\/mersinkadingazetesi.com\/index.php?rest_route=\/wp\/v2\/posts\/37272"}],"collection":[{"href":"https:\/\/mersinkadingazetesi.com\/index.php?rest_route=\/wp\/v2\/posts"}],"about":[{"href":"https:\/\/mersinkadingazetesi.com\/index.php?rest_route=\/wp\/v2\/types\/post"}],"author":[{"embeddable":true,"href":"https:\/\/mersinkadingazetesi.com\/index.php?rest_route=\/wp\/v2\/users\/2"}],"replies":[{"embeddable":true,"href":"https:\/\/mersinkadingazetesi.com\/index.php?rest_route=%2Fwp%2Fv2%2Fcomments&post=37272"}],"version-history":[{"count":1,"href":"https:\/\/mersinkadingazetesi.com\/index.php?rest_route=\/wp\/v2\/posts\/37272\/revisions"}],"predecessor-version":[{"id":37274,"href":"https:\/\/mersinkadingazetesi.com\/index.php?rest_route=\/wp\/v2\/posts\/37272\/revisions\/37274"}],"wp:featuredmedia":[{"embeddable":true,"href":"https:\/\/mersinkadingazetesi.com\/index.php?rest_route=\/wp\/v2\/media\/37273"}],"wp:attachment":[{"href":"https:\/\/mersinkadingazetesi.com\/index.php?rest_route=%2Fwp%2Fv2%2Fmedia&parent=37272"}],"wp:term":[{"taxonomy":"category","embeddable":true,"href":"https:\/\/mersinkadingazetesi.com\/index.php?rest_route=%2Fwp%2Fv2%2Fcategories&post=37272"},{"taxonomy":"post_tag","embeddable":true,"href":"https:\/\/mersinkadingazetesi.com\/index.php?rest_route=%2Fwp%2Fv2%2Ftags&post=37272"}],"curies":[{"name":"wp","href":"https:\/\/api.w.org\/{rel}","templated":true}]}}