{"id":37284,"date":"2024-11-25T13:19:07","date_gmt":"2024-11-25T10:19:07","guid":{"rendered":"https:\/\/mersinkadingazetesi.com\/?p=37284"},"modified":"2024-11-25T13:19:07","modified_gmt":"2024-11-25T10:19:07","slug":"mip-ust-uste-14-kez-yilin-liman-operatoru-secildi","status":"publish","type":"post","link":"https:\/\/mersinkadingazetesi.com\/?p=37284","title":{"rendered":"MIP \u00fcst \u00fcste 14. kez Y\u0131l\u0131n Liman Operat\u00f6r\u00fc se\u00e7ildi"},"content":{"rendered":"\n<p>Mersin Uluslararas\u0131 Liman \u0130\u015fletmecili\u011fi A.\u015e. (MIP), Logitrans Uluslararas\u0131 Transport ve Lojistik Fuar\u0131 kapsam\u0131nda bu y\u0131l on be\u015fincisi d\u00fczenlenen &#8216;Atlas Lojistik \u00d6d\u00fclleri&#8217;nde \u00fcst \u00fcste 14. kez \u201cY\u0131l\u0131n Liman \u0130\u015fletmecisi\u201d \u00f6d\u00fcl\u00fcne lay\u0131k g\u00f6r\u00fcld\u00fc.<\/p>\n\n\n\n<p>EKO MMI Fuarc\u0131l\u0131k taraf\u0131ndan d\u00fczenlenen Uluslararas\u0131 Logitrans Transport Lojistik Fuar\u0131&#8217;n\u0131n ev sahipli\u011finde 15 y\u0131ld\u0131r aral\u0131ks\u0131z olarak ger\u00e7ekle\u015ftirilen \u201cAtlas Lojistik \u00d6d\u00fclleri\u201d yar\u0131\u015fmas\u0131n\u0131n \u00f6d\u00fcl t\u00f6reni 21 Kas\u0131m 2024 tarihinde ger\u00e7ekle\u015ftirildi. \u00d6d\u00fcl t\u00f6renine lojistik sekt\u00f6r\u00fc yo\u011fun ilgi g\u00f6sterirken, \u00f6d\u00fcller sahiplerine ula\u015ft\u0131.<\/p>\n\n\n\n<p>MIP, lojistik sekt\u00f6r\u00fc medyas\u0131 ve sivil toplum kurulu\u015flar\u0131n\u0131n deste\u011fiyle devam eden \u201cAtlas Lojistik \u00d6d\u00fclleri\u201d yar\u0131\u015fmas\u0131nda Liman \u0130\u015fletmecileri kategorisinde bir kez daha birincili\u011fi elde etti. MIP ad\u0131na \u00f6d\u00fcl\u00fc MIP Konvansiyonel Kargo ve Katma De\u011ferli Hizmetler Grup M\u00fcd\u00fcr\u00fc Mehmet Halit Bezek ald\u0131. Ciro, \u00e7al\u0131\u015fan say\u0131s\u0131, elle\u00e7lenen konteyner miktar\u0131, kuru ve s\u0131v\u0131 y\u00fck miktar\u0131 gibi kriterlerin de\u011ferlendirildi\u011fi Liman \u0130\u015fletmecileri kategorisinde, her y\u0131l elle\u00e7ledi\u011fi y\u00fck miktar\u0131ndaki art\u0131\u015fla dikkat \u00e7eken T\u00fcrkiye&#8217;nin Lider Liman\u0131 MIP, \u201cY\u0131l\u0131n Liman \u0130\u015fletmecisi\u201d oldu.<\/p>\n\n\n\n<p>MIP Genel M\u00fcd\u00fcr\u00fc Ajay Kumar Singh: \u201cBu \u00f6d\u00fcl, yetenekli \u00e7al\u0131\u015fanlar\u0131m\u0131z\u0131n s\u0131k\u0131 \u00e7al\u0131\u015fmalar\u0131 ve \u00f6zverilerinin yan\u0131 s\u0131ra m\u00fc\u015fterilerimize \u00fcst\u00fcn hizmetler sunma konusunda s\u00fcregelen kararl\u0131l\u0131\u011f\u0131m\u0131z\u0131n ve tesislerimizi b\u00fcy\u00fctme ve modernize etme konusundaki kararl\u0131l\u0131\u011f\u0131m\u0131z\u0131n bir g\u00f6stergesidir. Liman\u0131m\u0131z\u0131n kapasitesini 2026 y\u0131l\u0131na kadar 2,6 milyon TEU&#8217;dan 3,6 milyon TEU&#8217;ya \u00e7\u0131karacak olan yeni East Med Hub II (EMH2) projemiz bunun a\u00e7\u0131k bir \u00f6rne\u011fidir\u201d dedi.<\/p>\n","protected":false},"excerpt":{"rendered":"<p>Mersin Uluslararas\u0131 Liman \u0130\u015fletmecili\u011fi A.\u015e. (MIP), Logitrans Uluslararas\u0131 Transport ve Lojistik Fuar\u0131 kapsam\u0131nda bu y\u0131l on be\u015fincisi d\u00fczenlenen &#8216;Atlas Lojistik \u00d6d\u00fclleri&#8217;nde \u00fcst \u00fcste 14. kez \u201cY\u0131l\u0131n Liman \u0130\u015fletmecisi\u201d \u00f6d\u00fcl\u00fcne lay\u0131k g\u00f6r\u00fcld\u00fc. EKO MMI Fuarc\u0131l\u0131k taraf\u0131ndan d\u00fczenlenen Uluslararas\u0131 Logitrans Transport Lojistik Fuar\u0131&#8217;n\u0131n ev sahipli\u011finde 15 y\u0131ld\u0131r aral\u0131ks\u0131z olarak ger\u00e7ekle\u015ftirilen \u201cAtlas Lojistik \u00d6d\u00fclleri\u201d yar\u0131\u015fmas\u0131n\u0131n \u00f6d\u00fcl t\u00f6reni 21 [&hellip;]<\/p>\n","protected":false},"author":2,"featured_media":37285,"comment_status":"closed","ping_status":"closed","sticky":false,"template":"","format":"standard","meta":{"footnotes":""},"categories":[1,2,3,5],"tags":[],"class_list":["post-37284","post","type-post","status-publish","format-standard","has-post-thumbnail","hentry","category-genel","category-gundem","category-manset","category-mersin"],"views":4,"_links":{"self":[{"href":"https:\/\/mersinkadingazetesi.com\/index.php?rest_route=\/wp\/v2\/posts\/37284"}],"collection":[{"href":"https:\/\/mersinkadingazetesi.com\/index.php?rest_route=\/wp\/v2\/posts"}],"about":[{"href":"https:\/\/mersinkadingazetesi.com\/index.php?rest_route=\/wp\/v2\/types\/post"}],"author":[{"embeddable":true,"href":"https:\/\/mersinkadingazetesi.com\/index.php?rest_route=\/wp\/v2\/users\/2"}],"replies":[{"embeddable":true,"href":"https:\/\/mersinkadingazetesi.com\/index.php?rest_route=%2Fwp%2Fv2%2Fcomments&post=37284"}],"version-history":[{"count":1,"href":"https:\/\/mersinkadingazetesi.com\/index.php?rest_route=\/wp\/v2\/posts\/37284\/revisions"}],"predecessor-version":[{"id":37286,"href":"https:\/\/mersinkadingazetesi.com\/index.php?rest_route=\/wp\/v2\/posts\/37284\/revisions\/37286"}],"wp:featuredmedia":[{"embeddable":true,"href":"https:\/\/mersinkadingazetesi.com\/index.php?rest_route=\/wp\/v2\/media\/37285"}],"wp:attachment":[{"href":"https:\/\/mersinkadingazetesi.com\/index.php?rest_route=%2Fwp%2Fv2%2Fmedia&parent=37284"}],"wp:term":[{"taxonomy":"category","embeddable":true,"href":"https:\/\/mersinkadingazetesi.com\/index.php?rest_route=%2Fwp%2Fv2%2Fcategories&post=37284"},{"taxonomy":"post_tag","embeddable":true,"href":"https:\/\/mersinkadingazetesi.com\/index.php?rest_route=%2Fwp%2Fv2%2Ftags&post=37284"}],"curies":[{"name":"wp","href":"https:\/\/api.w.org\/{rel}","templated":true}]}}