{"id":37299,"date":"2024-11-26T10:28:15","date_gmt":"2024-11-26T07:28:15","guid":{"rendered":"https:\/\/mersinkadingazetesi.com\/?p=37299"},"modified":"2024-11-26T10:28:16","modified_gmt":"2024-11-26T07:28:16","slug":"akkuyu-nukleer-a-s-den-aciklama","status":"publish","type":"post","link":"https:\/\/mersinkadingazetesi.com\/?p=37299","title":{"rendered":"AKKUYU N\u00dcKLEER A.\u015e.\u2019DEN A\u00c7IKLAMA\u00a0"},"content":{"rendered":"\n<p>Mersin&#8217;in G\u00fclnar il\u00e7esinde Akkuyu N\u00fckleer A.\u015e. i\u015f\u00e7ilerinin kald\u0131\u011f\u0131 \u00e7at\u0131 f\u0131rt\u0131na nedeniyle u\u00e7mu\u015f, 1 ki\u015fi hayat\u0131n\u0131 kaybetmi\u015fti. Akkuyu N\u00fckleer A.\u015e konuya ili\u015fkin yaz\u0131l\u0131\u00a0<a href=\"http:\/\/www.dha.com.tr\/haberleri\/aciklama\" target=\"_blank\" rel=\"noreferrer noopener\">a\u00e7\u0131klama<\/a>\u00a0yapt\u0131.<br>A\u00e7\u0131klamada \u015fu ifadelere yer verildi:<\/p>\n\n\n\n<p>\u201cMersin ilinde 23 Kas\u0131m Cumartesi g\u00fcn\u00fcn\u00fc 24 Kas\u0131m Pazar g\u00fcn\u00fcne ba\u011flayan gece, h\u0131z\u0131 saatte 87 kilometreyi bulan \u015fiddetli bir f\u0131rt\u0131na meydana gelmi\u015ftir. Bu f\u0131rt\u0131na \u00f6ncesinde yap\u0131lan uyar\u0131lar dikkate al\u0131narak Akkuyu NGS \u015fantiyesindeki ilgili birimlerin \u00e7al\u0131\u015fmalar\u0131na baz\u0131 k\u0131s\u0131tlamalar getirilmi\u015ftir.<\/p>\n\n\n\n<p>\u201cBu kapsamda vin\u00e7 ve iskele kullan\u0131m\u0131 da dahil olmak \u00fczere y\u00fcksekte yap\u0131lan t\u00fcm \u00e7al\u0131\u015fmalar ask\u0131ya al\u0131nm\u0131\u015f, a\u00e7\u0131k alanlarda depolanan iskele ile hafif ve dengesiz malzeme ve ekipmanlar\u0131n sabitlenmesini sa\u011flamak i\u00e7in \u00f6nlemler al\u0131nm\u0131\u015ft\u0131r. A\u00e7\u0131k alanlarda \u00e7al\u0131\u015fan personel say\u0131s\u0131 en aza indirilmi\u015f, \u00e7al\u0131\u015fma alanlar\u0131n\u0131n yak\u0131n\u0131nda personel i\u00e7in g\u00fcvenli bar\u0131naklar d\u00fczenlenmi\u015ftir. F\u0131rt\u0131nan\u0131n \u00f6nceki g\u00fcn\u00fcnde, yani 22 Kas\u0131m Cuma g\u00fcn\u00fc t\u00fcm y\u00fcklenici ve alt y\u00fckleniciler \u015fiddetli r\u00fczg\u00e2r ko\u015fullar\u0131nda \u00e7al\u0131\u015fma yaparken al\u0131nmas\u0131 gereken \u00f6nlemler konusunda bilgilendirilmi\u015ftir.<\/p>\n\n\n\n<p>\u201c24 Kas\u0131m Pazar g\u00fcn\u00fc saat 10:40 civar\u0131nda Akkuyu NGS in\u015faat sahas\u0131n\u0131n d\u0131\u015f\u0131nda yer alan ve ba\u015fka bir kurulu\u015f taraf\u0131ndan y\u00f6netilen Sipahili yerle\u015fim alan\u0131nda, konut binas\u0131n\u0131n \u00e7at\u0131 par\u00e7alar\u0131n\u0131n \u015fiddetli r\u00fczg\u00e2r nedeniyle koptu\u011fu belirlenmi\u015ftir. Olay sonucu yaralanan ta\u015feron kurulu\u015f \u00e7al\u0131\u015fan\u0131, acilen Ayd\u0131nc\u0131k \u0130l\u00e7e Devlet Hastanesine kald\u0131r\u0131lm\u0131\u015f, ancak kurtar\u0131lamam\u0131\u015ft\u0131r.<\/p>\n\n\n\n<p>\u201cOlayda ta\u015feron kurulu\u015fun bir ba\u015fka \u00e7al\u0131\u015fan\u0131 da a\u011f\u0131r yaralanm\u0131\u015ft\u0131r. Silifke Devlet Hastanesi&#8217;ne kald\u0131r\u0131lan, daha sonra da Mersin \u00dcniversitesi Hastanesi&#8217;ne sevk edilen&nbsp;<a href=\"https:\/\/www.dha.com.tr\/haberleri\/yarali\" target=\"_blank\" rel=\"noreferrer noopener\">yaral\u0131<\/a>, t\u0131bbi g\u00f6zlem alt\u0131nda tutulmaktad\u0131r.<\/p>\n\n\n\n<p>\u201cYa\u015fanan bu olay\u0131n nedenlerini tespit etmek \u00fczere bir komisyon kurulmu\u015ftur. Akkuyu N\u00fckleer A.\u015e., gerekli olmas\u0131 halinde, olay\u0131n soru\u015fturulmas\u0131nda soru\u015fturma makamlar\u0131na yard\u0131mc\u0131 olmaya haz\u0131rd\u0131r. Akkuyu N\u00fckleer A.\u015e. olarak merhumun ailesine ve yak\u0131nlar\u0131na en i\u00e7ten ba\u015f sa\u011fl\u0131\u011f\u0131 dileklerimizi sunuyor, yaral\u0131 personelin sa\u011fl\u0131\u011f\u0131na kavu\u015fmas\u0131n\u0131 temenni ediyoruz.\u201d<\/p>\n","protected":false},"excerpt":{"rendered":"<p>Mersin&#8217;in G\u00fclnar il\u00e7esinde Akkuyu N\u00fckleer A.\u015e. i\u015f\u00e7ilerinin kald\u0131\u011f\u0131 \u00e7at\u0131 f\u0131rt\u0131na nedeniyle u\u00e7mu\u015f, 1 ki\u015fi hayat\u0131n\u0131 kaybetmi\u015fti. Akkuyu N\u00fckleer A.\u015e konuya ili\u015fkin yaz\u0131l\u0131\u00a0a\u00e7\u0131klama\u00a0yapt\u0131.A\u00e7\u0131klamada \u015fu ifadelere yer verildi: \u201cMersin ilinde 23 Kas\u0131m Cumartesi g\u00fcn\u00fcn\u00fc 24 Kas\u0131m Pazar g\u00fcn\u00fcne ba\u011flayan gece, h\u0131z\u0131 saatte 87 kilometreyi bulan \u015fiddetli bir f\u0131rt\u0131na meydana gelmi\u015ftir. Bu f\u0131rt\u0131na \u00f6ncesinde yap\u0131lan uyar\u0131lar dikkate al\u0131narak [&hellip;]<\/p>\n","protected":false},"author":2,"featured_media":37300,"comment_status":"closed","ping_status":"closed","sticky":false,"template":"","format":"standard","meta":{"footnotes":""},"categories":[3,11],"tags":[],"class_list":["post-37299","post","type-post","status-publish","format-standard","has-post-thumbnail","hentry","category-manset","category-teknoloji"],"views":3,"_links":{"self":[{"href":"https:\/\/mersinkadingazetesi.com\/index.php?rest_route=\/wp\/v2\/posts\/37299"}],"collection":[{"href":"https:\/\/mersinkadingazetesi.com\/index.php?rest_route=\/wp\/v2\/posts"}],"about":[{"href":"https:\/\/mersinkadingazetesi.com\/index.php?rest_route=\/wp\/v2\/types\/post"}],"author":[{"embeddable":true,"href":"https:\/\/mersinkadingazetesi.com\/index.php?rest_route=\/wp\/v2\/users\/2"}],"replies":[{"embeddable":true,"href":"https:\/\/mersinkadingazetesi.com\/index.php?rest_route=%2Fwp%2Fv2%2Fcomments&post=37299"}],"version-history":[{"count":1,"href":"https:\/\/mersinkadingazetesi.com\/index.php?rest_route=\/wp\/v2\/posts\/37299\/revisions"}],"predecessor-version":[{"id":37301,"href":"https:\/\/mersinkadingazetesi.com\/index.php?rest_route=\/wp\/v2\/posts\/37299\/revisions\/37301"}],"wp:featuredmedia":[{"embeddable":true,"href":"https:\/\/mersinkadingazetesi.com\/index.php?rest_route=\/wp\/v2\/media\/37300"}],"wp:attachment":[{"href":"https:\/\/mersinkadingazetesi.com\/index.php?rest_route=%2Fwp%2Fv2%2Fmedia&parent=37299"}],"wp:term":[{"taxonomy":"category","embeddable":true,"href":"https:\/\/mersinkadingazetesi.com\/index.php?rest_route=%2Fwp%2Fv2%2Fcategories&post=37299"},{"taxonomy":"post_tag","embeddable":true,"href":"https:\/\/mersinkadingazetesi.com\/index.php?rest_route=%2Fwp%2Fv2%2Ftags&post=37299"}],"curies":[{"name":"wp","href":"https:\/\/api.w.org\/{rel}","templated":true}]}}