{"id":37302,"date":"2024-11-26T10:28:55","date_gmt":"2024-11-26T07:28:55","guid":{"rendered":"https:\/\/mersinkadingazetesi.com\/?p=37302"},"modified":"2024-11-26T10:28:56","modified_gmt":"2024-11-26T07:28:56","slug":"buyuksehir-cocuk-meclisinde-kadina-siddet-ve-akran-zorbaligina-dikkat-cekildi","status":"publish","type":"post","link":"https:\/\/mersinkadingazetesi.com\/?p=37302","title":{"rendered":"B\u00dcY\u00dcK\u015eEH\u0130R \u00c7OCUK MECL\u0130S\u0130&#8217;NDE KADINA \u015e\u0130DDET VE AKRAN ZORBALI\u011eINA D\u0130KKAT \u00c7EK\u0130LD\u0130"},"content":{"rendered":"\n<p><span style=\"font-family: &quot;Times New Roman&quot;, serif; font-size: revert; text-align: justify; white-space-collapse: collapse; color: initial;\">Mersin B\u00fcy\u00fck\u015fehir Belediyesi Kad\u0131n ve Aile Hizmetleri Dairesi Ba\u015fkanl\u0131\u011f\u0131 b\u00fcnyesinde kurulan \u00c7ocuk Meclisi, 1. D\u00f6nem Kas\u0131m Ay\u0131 Ola\u011fan Toplant\u0131s\u0131&#8217;n\u0131 d\u00fczenledi. Kongre ve Sergi Saray\u0131 \u00c7ok Ama\u00e7l\u0131 Salon&#8217;da yap\u0131lan ve Ba\u015fkan Vekili Aysel Sude G\u00fcltekin&#8217;in y\u00f6netti\u011fi toplant\u0131da 5 g\u00fcndem maddesi g\u00f6r\u00fc\u015f\u00fcld\u00fc. Bir y\u0131l\u0131n\u0131 dolduran \u00c7ocuk Meclisi&#8217;nde bug\u00fcne kadar yap\u0131lanlarla ilgili genel bilgilendirme yap\u0131l\u0131rken, \u00e7ocuklar An\u0131tkabir&#8217;i ziyaret etme taleplerini toplu olarak dile getirdi. Meclis Toplant\u0131s\u0131&#8217;nda, okullarda ya\u015fanan akran zorbal\u0131\u011f\u0131 ve 25 Kas\u0131m Kad\u0131na Y\u00f6nelik \u015eiddete Kar\u015f\u0131 Uluslararas\u0131 M\u00fccadele G\u00fcn\u00fc&#8217;ne dikkat \u00e7eken konu\u015fmalar yap\u0131larak fark\u0131ndal\u0131k yarat\u0131ld\u0131.<\/span><div id=\"v1divtagdefaultwrapper\" dir=\"ltr\" style=\"box-sizing: border-box; white-space-collapse: collapse; font-size: 12pt; font-family: Calibri, Helvetica, sans-serif;\"><div style=\"box-sizing: border-box;\"><div style=\"box-sizing: border-box;\"><div id=\"v1divtagdefaultwrapper\" dir=\"ltr\" style=\"box-sizing: border-box; font-size: 12pt;\"><div style=\"box-sizing: border-box;\"><div style=\"box-sizing: border-box;\"><div id=\"v1divtagdefaultwrapper\" dir=\"ltr\" style=\"box-sizing: border-box; font-size: 12pt;\"><p class=\"v1MsoNoSpacing\" style=\"box-sizing: border-box; margin-top: 0px; margin-bottom: 0px; text-align: justify;\"><span style=\"box-sizing: border-box; font-family: &quot;Times New Roman&quot;, serif;\">\u00a0<\/span><\/p><p class=\"v1MsoNoSpacing\" style=\"box-sizing: border-box; margin-top: 0px; margin-bottom: 0px; text-align: justify;\"><span style=\"box-sizing: border-box; font-weight: bolder;\"><span style=\"box-sizing: border-box; font-family: &quot;Times New Roman&quot;, serif;\">Ba\u015fkan Vekili G\u00fcltekin, okullarda ya\u015fanan akran zorbal\u0131\u011f\u0131na dikkat \u00e7ekti<\/span><\/span><\/p><p class=\"v1MsoNoSpacing\" style=\"box-sizing: border-box; margin-top: 0px; margin-bottom: 0px; text-align: justify;\"><span style=\"box-sizing: border-box; font-family: &quot;Times New Roman&quot;, serif;\">Okullarda ya\u015fanan akran zorbal\u0131\u011f\u0131na ili\u015fkin bir a\u00e7\u0131klama yapan Ba\u015fkan Vekili Aysel Sude G\u00fcltekin,\u00a0<span style=\"box-sizing: border-box; font-weight: bolder;\">&#8220;Okullarda arkada\u015flar\u0131n\u0131za \u015faka ama\u00e7l\u0131 da olsa, l\u00fctfen zorbal\u0131k yapmay\u0131n. Kar\u015f\u0131n\u0131zdakiyle empati kurun. Kar\u015f\u0131n\u0131zdaki ki\u015fi siz zorbal\u0131k yapt\u0131\u011f\u0131n\u0131z zaman \u00fcz\u00fclebilir, psikolojisi bozulur. Bu durum maalesef intihara kadar gidiyor. Zorba olmak zorunda de\u011filsiniz, \u00e7\u00fcnk\u00fc siz de e\u015fit haklara sahipsiniz. Kimseyi sizden \u00fcst\u00fcn veya a\u015fa\u011f\u0131da g\u00f6rmeyin&#8221;<\/span>\u00a0\u015feklinde konu\u015ftu.<span style=\"box-sizing: border-box; font-weight: bolder;\"><\/span><\/span><\/p><p class=\"v1MsoNoSpacing\" style=\"box-sizing: border-box; margin-top: 0px; margin-bottom: 0px; text-align: justify;\"><span style=\"box-sizing: border-box; font-family: &quot;Times New Roman&quot;, serif;\">\u00a0<\/span><\/p><p class=\"v1MsoNoSpacing\" style=\"box-sizing: border-box; margin-top: 0px; margin-bottom: 0px; text-align: justify;\"><span style=\"box-sizing: border-box; font-weight: bolder;\"><span style=\"box-sizing: border-box; font-family: &quot;Times New Roman&quot;, serif;\">Kaya: &#8220;Eyl\u00fcl ay\u0131na kadar T\u00fcrkiye&#8217;de 295 kad\u0131n katledildi&#8221;<\/span><\/span><\/p><p class=\"v1MsoNoSpacing\" style=\"box-sizing: border-box; margin-top: 0px; margin-bottom: 0px; text-align: justify;\"><span style=\"box-sizing: border-box; font-family: &quot;Times New Roman&quot;, serif;\">Meclis&#8217;te yapt\u0131\u011f\u0131 konu\u015fmada, T\u00fcrkiye&#8217;de gittik\u00e7e artan kad\u0131n ve \u00e7ocuk cinayetlerine dikkat \u00e7eken Meclis \u00dcyesi Firdevs Kaya,\u00a0<span style=\"box-sizing: border-box; font-weight: bolder;\">&#8220;Maalesef \u00fclkemizde ya\u015fanan kad\u0131n ve \u00e7ocuk cinayetlerini, yoldan ge\u00e7en k\u00fc\u00e7\u00fcc\u00fck bir \u00e7ocu\u011fa bile sorsam, en ince ayr\u0131nt\u0131s\u0131na kadar anlatabilir. Bu durum ger\u00e7ekten \u00e7ok \u00fcz\u00fcc\u00fc. Sadece bu y\u0131l Eyl\u00fcl ay\u0131na kadar 295 kad\u0131n katledildi. Ocak ay\u0131nda 31, \u015eubat ay\u0131nda 36, Mart&#8217;ta 25, Nisan&#8217;da 32, May\u0131s&#8217;ta 40, Haziran&#8217;da 41, Temmuz&#8217;da 23, A\u011fustos&#8217;ta 33 ve Eyl\u00fcl ay\u0131nda 34 kad\u0131n katledildi&#8221;\u00a0<\/span>ifadelerini kulland\u0131.<\/span><\/p><p class=\"v1MsoNoSpacing\" style=\"box-sizing: border-box; margin-top: 0px; margin-bottom: 0px; text-align: justify;\"><span style=\"box-sizing: border-box; font-family: &quot;Times New Roman&quot;, serif;\">\u00a0<\/span><\/p><p class=\"v1MsoNoSpacing\" style=\"box-sizing: border-box; margin-top: 0px; margin-bottom: 0px; text-align: justify;\"><span style=\"box-sizing: border-box; font-family: &quot;Times New Roman&quot;, serif;\">Katledilen baz\u0131 kad\u0131n ve \u00e7ocuklar\u0131n foto\u011fraflar\u0131n\u0131 Meclis \u00dcyeleri&#8217;ne de g\u00f6steren Kaya,\u00a0<span style=\"box-sizing: border-box; font-weight: bolder;\">&#8220;\u0130nsan bakmaya k\u0131yam\u0131yor, ama baz\u0131 caniler sebepsiz yere veya pis emelleriyle onlar\u0131 katlediyor. Ge\u00e7ti\u011fimiz aylarda katledilen Narin G\u00fcran 8 ya\u015f\u0131ndayd\u0131 ve sebebi bilinemeyen bir \u015fekilde katledildi. Kad\u0131n ve \u00e7ocuk cinayetleri \u00fclkemizde fazlas\u0131yla artt\u0131. Hakk\u0131n yerini bulmad\u0131\u011f\u0131n\u0131 hepimiz biliyoruz. Ama \u015fu s\u0131ralarda bizim \u00fclkemizde uygulanan adalet, sadece duvarda yaz\u0131lan bir yaz\u0131dan ibaret&#8221;<\/span>\u00a0diye konu\u015ftu.<\/span><\/p><p class=\"v1MsoNoSpacing\" style=\"box-sizing: border-box; margin-top: 0px; margin-bottom: 0px; text-align: justify;\"><span style=\"box-sizing: border-box; font-family: &quot;Times New Roman&quot;, serif;\">\u00a0<\/span><\/p><p class=\"v1MsoNoSpacing\" style=\"box-sizing: border-box; margin-top: 0px; margin-bottom: 0px; text-align: justify;\"><span style=\"box-sizing: border-box; font-family: &quot;Times New Roman&quot;, serif;\">\u00c7ocuklar g\u00fcndem d\u0131\u015f\u0131 konu\u015fmalarda ise \u00e7evre kirlili\u011fi, okullar\u0131n temizli\u011fi ve bak\u0131m\u0131 konusunda duyarl\u0131 olma \u00e7a\u011fr\u0131s\u0131 yapt\u0131lar.<\/span><\/p><p style=\"box-sizing: border-box; margin-top: 0px; margin-bottom: 0px;\"><\/p><\/div><\/div><\/div><\/div><\/div><\/div><\/div><span style=\"color: rgb(44, 54, 58); font-family: Roboto, sans-serif; font-size: 14px; white-space-collapse: collapse;\"><\/span><\/p>\n","protected":false},"excerpt":{"rendered":"<p>Mersin B\u00fcy\u00fck\u015fehir Belediyesi Kad\u0131n ve Aile Hizmetleri Dairesi Ba\u015fkanl\u0131\u011f\u0131 b\u00fcnyesinde kurulan \u00c7ocuk Meclisi, 1. D\u00f6nem Kas\u0131m Ay\u0131 Ola\u011fan Toplant\u0131s\u0131&#8217;n\u0131 d\u00fczenledi. Kongre ve Sergi Saray\u0131 \u00c7ok Ama\u00e7l\u0131 Salon&#8217;da yap\u0131lan ve Ba\u015fkan Vekili Aysel Sude G\u00fcltekin&#8217;in y\u00f6netti\u011fi toplant\u0131da 5 g\u00fcndem maddesi g\u00f6r\u00fc\u015f\u00fcld\u00fc. Bir y\u0131l\u0131n\u0131 dolduran \u00c7ocuk Meclisi&#8217;nde bug\u00fcne kadar yap\u0131lanlarla ilgili genel bilgilendirme yap\u0131l\u0131rken, \u00e7ocuklar An\u0131tkabir&#8217;i ziyaret [&hellip;]<\/p>\n","protected":false},"author":2,"featured_media":37303,"comment_status":"closed","ping_status":"closed","sticky":false,"template":"","format":"standard","meta":{"footnotes":""},"categories":[3],"tags":[],"class_list":["post-37302","post","type-post","status-publish","format-standard","has-post-thumbnail","hentry","category-manset"],"views":3,"_links":{"self":[{"href":"https:\/\/mersinkadingazetesi.com\/index.php?rest_route=\/wp\/v2\/posts\/37302"}],"collection":[{"href":"https:\/\/mersinkadingazetesi.com\/index.php?rest_route=\/wp\/v2\/posts"}],"about":[{"href":"https:\/\/mersinkadingazetesi.com\/index.php?rest_route=\/wp\/v2\/types\/post"}],"author":[{"embeddable":true,"href":"https:\/\/mersinkadingazetesi.com\/index.php?rest_route=\/wp\/v2\/users\/2"}],"replies":[{"embeddable":true,"href":"https:\/\/mersinkadingazetesi.com\/index.php?rest_route=%2Fwp%2Fv2%2Fcomments&post=37302"}],"version-history":[{"count":1,"href":"https:\/\/mersinkadingazetesi.com\/index.php?rest_route=\/wp\/v2\/posts\/37302\/revisions"}],"predecessor-version":[{"id":37304,"href":"https:\/\/mersinkadingazetesi.com\/index.php?rest_route=\/wp\/v2\/posts\/37302\/revisions\/37304"}],"wp:featuredmedia":[{"embeddable":true,"href":"https:\/\/mersinkadingazetesi.com\/index.php?rest_route=\/wp\/v2\/media\/37303"}],"wp:attachment":[{"href":"https:\/\/mersinkadingazetesi.com\/index.php?rest_route=%2Fwp%2Fv2%2Fmedia&parent=37302"}],"wp:term":[{"taxonomy":"category","embeddable":true,"href":"https:\/\/mersinkadingazetesi.com\/index.php?rest_route=%2Fwp%2Fv2%2Fcategories&post=37302"},{"taxonomy":"post_tag","embeddable":true,"href":"https:\/\/mersinkadingazetesi.com\/index.php?rest_route=%2Fwp%2Fv2%2Ftags&post=37302"}],"curies":[{"name":"wp","href":"https:\/\/api.w.org\/{rel}","templated":true}]}}