{"id":37305,"date":"2024-11-26T10:29:34","date_gmt":"2024-11-26T07:29:34","guid":{"rendered":"https:\/\/mersinkadingazetesi.com\/?p=37305"},"modified":"2024-11-26T10:29:35","modified_gmt":"2024-11-26T07:29:35","slug":"meski-azalan-su-kaynaklarina-karsi-alternatif-cozumler-uretiyor","status":"publish","type":"post","link":"https:\/\/mersinkadingazetesi.com\/?p=37305","title":{"rendered":"MESK\u0130, AZALAN SU KAYNAKLARINA KAR\u015eI ALTERNAT\u0130F \u00c7\u00d6Z\u00dcMLER \u00dcRET\u0130YOR"},"content":{"rendered":"\n<p>Mersin B\u00fcy\u00fck\u015fehir Belediyesi Mersin Su ve Kanalizasyon \u0130daresi (MESK\u0130) Genel M\u00fcd\u00fcrl\u00fc\u011f\u00fc, Toroslar \u0130l\u00e7esi Yavca Mahallesi i\u00e7me suyu \u015febeke ve isale hatt\u0131 yap\u0131m i\u015fine devam ediyor.<\/p>\n\n\n\n<p>T\u00fcm d\u00fcnyay\u0131 etkileyen k\u00fcresel \u0131s\u0131nmayla birlikte ya\u011f\u0131\u015flar\u0131n azalmas\u0131 ve kurakl\u0131\u011f\u0131n artmas\u0131 dolay\u0131s\u0131yla, Mersin&#8217;de de su kaynaklar\u0131 azalma tehlikesiyle kar\u015f\u0131 kar\u015f\u0131ya kal\u0131yor. Yavca Mahallesi&#8217;nde i\u00e7me suyu kayna\u011f\u0131nda kurakl\u0131k dolay\u0131s\u0131yla azalmalar meydana gelmesi \u00fczerine harekete ge\u00e7en MESK\u0130, alternatif kaynaklarla vatanda\u015flar\u0131n i\u00e7me suyu sorununa \u00e7\u00f6z\u00fcm sunuyor. MESK\u0130&#8217;nin yap\u0131m i\u015fi kapsam\u0131nda, Yavca Mahallesi&#8217;ne muhtelif \u00e7aplarda ve yakla\u015f\u0131k 23 kilometre uzunlu\u011funda i\u00e7me suyu hatt\u0131 yap\u0131lmas\u0131 planlan\u0131yor.<\/p>\n\n\n\n<p><strong>Muhtar T\u00fcrkay: &#8220;B\u00fcy\u00fck\u015fehir sayesinde k\u00f6y\u00fcm\u00fcz\u00fcn i\u00e7me suyu sorunu \u00e7\u00f6z\u00fclecek&#8221;<\/strong><\/p>\n\n\n\n<p>Yavca Mahallesi&#8217;ne, iklim \u015fartlar\u0131ndan dolay\u0131 2-3 senedir kar ya\u011fmad\u0131\u011f\u0131n\u0131 ve bundan dolay\u0131 i\u00e7me suyu kaynaklar\u0131n\u0131n \u00e7o\u011funun kurudu\u011funu ifade eden Yavca Mahalle Muhtar\u0131 Metin T\u00fcrkay,&nbsp;<strong>&#8220;\u0130\u00e7me suyunda 3 y\u0131ld\u0131r s\u0131k\u0131nt\u0131 ya\u015f\u0131yoruz. Sa\u011f olsun B\u00fcy\u00fck\u015fehir Belediye Ba\u015fkan\u0131m\u0131z Vahap Se\u00e7er, MESK\u0130 Genel M\u00fcd\u00fcr\u00fcm\u00fcz \u0130rfan Bey bu konuda bize yard\u0131mc\u0131 oldular. 3 y\u0131ld\u0131r benim mahallem tankerden su i\u00e7iyordu. Bu duruma, sa\u011f olsun Vahap Ba\u015fkan\u0131m el att\u0131. K\u00f6y\u00fcm\u00fcz\u00fcn i\u00e7me suyu sorununu \u00e7\u00f6zece\u011fiz. Ba\u015fta Vahap Se\u00e7er Ba\u015fkan\u0131m olmak \u00fczere, eme\u011fi ge\u00e7en t\u00fcm MESK\u0130 \u00e7al\u0131\u015fanlar\u0131na \u00e7ok te\u015fekk\u00fcr ediyorum&#8221;&nbsp;<\/strong>dedi.<\/p>\n","protected":false},"excerpt":{"rendered":"<p>Mersin B\u00fcy\u00fck\u015fehir Belediyesi Mersin Su ve Kanalizasyon \u0130daresi (MESK\u0130) Genel M\u00fcd\u00fcrl\u00fc\u011f\u00fc, Toroslar \u0130l\u00e7esi Yavca Mahallesi i\u00e7me suyu \u015febeke ve isale hatt\u0131 yap\u0131m i\u015fine devam ediyor. T\u00fcm d\u00fcnyay\u0131 etkileyen k\u00fcresel \u0131s\u0131nmayla birlikte ya\u011f\u0131\u015flar\u0131n azalmas\u0131 ve kurakl\u0131\u011f\u0131n artmas\u0131 dolay\u0131s\u0131yla, Mersin&#8217;de de su kaynaklar\u0131 azalma tehlikesiyle kar\u015f\u0131 kar\u015f\u0131ya kal\u0131yor. Yavca Mahallesi&#8217;nde i\u00e7me suyu kayna\u011f\u0131nda kurakl\u0131k dolay\u0131s\u0131yla azalmalar meydana [&hellip;]<\/p>\n","protected":false},"author":2,"featured_media":37306,"comment_status":"closed","ping_status":"closed","sticky":false,"template":"","format":"standard","meta":{"footnotes":""},"categories":[3],"tags":[],"class_list":["post-37305","post","type-post","status-publish","format-standard","has-post-thumbnail","hentry","category-manset"],"views":3,"_links":{"self":[{"href":"https:\/\/mersinkadingazetesi.com\/index.php?rest_route=\/wp\/v2\/posts\/37305"}],"collection":[{"href":"https:\/\/mersinkadingazetesi.com\/index.php?rest_route=\/wp\/v2\/posts"}],"about":[{"href":"https:\/\/mersinkadingazetesi.com\/index.php?rest_route=\/wp\/v2\/types\/post"}],"author":[{"embeddable":true,"href":"https:\/\/mersinkadingazetesi.com\/index.php?rest_route=\/wp\/v2\/users\/2"}],"replies":[{"embeddable":true,"href":"https:\/\/mersinkadingazetesi.com\/index.php?rest_route=%2Fwp%2Fv2%2Fcomments&post=37305"}],"version-history":[{"count":1,"href":"https:\/\/mersinkadingazetesi.com\/index.php?rest_route=\/wp\/v2\/posts\/37305\/revisions"}],"predecessor-version":[{"id":37307,"href":"https:\/\/mersinkadingazetesi.com\/index.php?rest_route=\/wp\/v2\/posts\/37305\/revisions\/37307"}],"wp:featuredmedia":[{"embeddable":true,"href":"https:\/\/mersinkadingazetesi.com\/index.php?rest_route=\/wp\/v2\/media\/37306"}],"wp:attachment":[{"href":"https:\/\/mersinkadingazetesi.com\/index.php?rest_route=%2Fwp%2Fv2%2Fmedia&parent=37305"}],"wp:term":[{"taxonomy":"category","embeddable":true,"href":"https:\/\/mersinkadingazetesi.com\/index.php?rest_route=%2Fwp%2Fv2%2Fcategories&post=37305"},{"taxonomy":"post_tag","embeddable":true,"href":"https:\/\/mersinkadingazetesi.com\/index.php?rest_route=%2Fwp%2Fv2%2Ftags&post=37305"}],"curies":[{"name":"wp","href":"https:\/\/api.w.org\/{rel}","templated":true}]}}