{"id":37308,"date":"2024-11-26T10:30:22","date_gmt":"2024-11-26T07:30:22","guid":{"rendered":"https:\/\/mersinkadingazetesi.com\/?p=37308"},"modified":"2024-11-26T10:30:23","modified_gmt":"2024-11-26T07:30:23","slug":"chp-mersin-milletvekili-gulcan-kis-ulastirma-bakanina-mersinin-yarim-kalan-projelerini-sordu","status":"publish","type":"post","link":"https:\/\/mersinkadingazetesi.com\/?p=37308","title":{"rendered":"CHP Mersin Milletvekili G\u00fclcan K\u0131\u015f, Ula\u015ft\u0131rma Bakan\u0131&#8217;na Mersin&#8217;in Yar\u0131m Kalan Projelerini Sordu"},"content":{"rendered":"\n<p>Cumhuriyet Halk Partisi (CHP) Mersin Milletvekili G\u00fclcan K\u0131\u015f, TBMM Plan ve B\u00fct\u00e7e Komisyonu&#8217;nda 2025 y\u0131l\u0131 Ula\u015ft\u0131rma ve Altyap\u0131 Bakanl\u0131\u011f\u0131 b\u00fct\u00e7esi g\u00f6r\u00fc\u015fmelerinde yapt\u0131\u011f\u0131 konu\u015fmada, Mersin&#8217;in y\u0131llard\u0131r ihmal edilen ula\u015f\u0131m ve altyap\u0131 projelerini sert bir dille ele\u015ftirdi. G\u00fclcan K\u0131\u015f, Ula\u015ft\u0131rma ve Altyap\u0131 Bakan\u0131 Abdulkadir Uralo\u011flu&#8217;na hitaben Mersin&#8217;in bekleyen projelerinin ak\u0131betini sordu.<\/p>\n\n\n\n<p><strong>&#8220;AKBELEN KATLI KAV\u015eA\u011eI YILLARDIR TAMAMLANMADI&#8221;<\/strong><\/p>\n\n\n\n<p>CHP Mersin Milletvekili G\u00fclcan K\u0131\u015f, Mersin&#8217;in trafik sorunlar\u0131na \u00e7\u00f6z\u00fcm sa\u011flayacak olan Akbelen Katl\u0131 Kav\u015fa\u011f\u0131 projesinin 2017 y\u0131l\u0131nda ihale edilmesine ra\u011fmen hala tamamlanmad\u0131\u011f\u0131n\u0131 vurgulad\u0131. &#8220;Mersin B\u00fcy\u00fck\u015fehir Belediye Ba\u015fkan\u0131m\u0131z Vahap Se\u00e7er, kent trafi\u011fini rahatlatmak ad\u0131na benzer projeleri 85 g\u00fcn gibi k\u0131sa s\u00fcrelerde tamaml\u0131yor. Ancak Karayollar\u0131&#8217;n\u0131n sorumlulu\u011funda olan Akbelen Katl\u0131 Kav\u015fa\u011f\u0131&#8217;na 8 y\u0131ld\u0131r tek bir \u00e7ivi bile \u00e7ak\u0131lmad\u0131. Mersin trafi\u011fi i\u00e7in hayati \u00f6nem ta\u015f\u0131yan bu kav\u015fak ne zaman yap\u0131lacak?&#8221; ifadelerini kulland\u0131.<\/p>\n\n\n\n<p><strong>&#8220;\u00c7UKUROVA HAVAL\u0130MANI&#8217;NA MERS\u0130N NEDEN DAH\u0130L ED\u0130LM\u0130YOR?&#8221;<\/strong><\/p>\n\n\n\n<p>G\u00fclcan K\u0131\u015f, k\u0131sa s\u00fcre \u00f6nce a\u00e7\u0131lan \u00c7ukurova Havaliman\u0131&#8217;ndaki anonslarda &#8220;Mersin&#8221; isminin kullan\u0131lmamas\u0131n\u0131 ele\u015ftirdi. Ayr\u0131ca T\u00fcrk Hava Yollar\u0131 u\u00e7u\u015flar\u0131nda i\u00e7 hat destinasyonlar\u0131nda Mersin&#8217;in yer almamas\u0131na da dikkat \u00e7ekerek, &#8220;T\u00fcrk Hava Yollar\u0131 u\u00e7u\u015flar\u0131nda 44 il ve 3 il\u00e7e yer al\u0131rken, Mersin neden yok? Bu havaliman\u0131 Mersin&#8217;in topraklar\u0131nda yer al\u0131yor. Ancak anonslarda Mersin&#8217;in ad\u0131n\u0131 duyam\u0131yoruz. Mersin&#8217;in kimli\u011fini yok sayan bu uygulama, Mersin halk\u0131na b\u00fcy\u00fck bir sayg\u0131s\u0131zl\u0131kt\u0131r!&#8221; dedi.<\/p>\n\n\n\n<p><strong>&#8220;TARSUS OSB YOLU VE OTOYOL \u00dcCRETLER\u0130 SORUNU&#8221;<\/strong><\/p>\n\n\n\n<p>Tarsus Organize Sanayi B\u00f6lgesi&#8217;nde (OSB) \u00e7al\u0131\u015fan binlerce ki\u015fi i\u00e7in otoyol \u00fccretlerinin yaratt\u0131\u011f\u0131 ma\u011fduriyete dikkat \u00e7eken CHP&#8217;li K\u0131\u015f, il\u00e7eler aras\u0131 ge\u00e7i\u015flerde \u00fccret al\u0131nmas\u0131n\u0131n Mersin halk\u0131n\u0131 zor durumda b\u0131rakt\u0131\u011f\u0131n\u0131 belirtti. &#8220;Vatanda\u015flar\u0131m\u0131z Tarsus&#8217;a g\u00fcnl\u00fck gidip gelirken her seferinde otoyol \u00fccreti \u00f6demek zorunda b\u0131rak\u0131l\u0131yor. OSB ba\u011flant\u0131 yollar\u0131ndaki eksiklikler bu ma\u011fduriyeti art\u0131r\u0131yor. Otoyol \u2013 Tarsus OSB \u2013 D-400 ba\u011flant\u0131s\u0131n\u0131 sa\u011flayacak projeyi ne zaman hayata ge\u00e7ireceksiniz?&#8221; diye sordu.<\/p>\n\n\n\n<p><strong>&#8220;AYDINCIK YAT L\u0130MANI PROJES\u0130 TUR\u0130ZME VE \u00c7EVREYE ZARAR VER\u0130YOR&#8221;<\/strong><\/p>\n\n\n\n<p>G\u00fclcan K\u0131\u015f, Ula\u015ft\u0131rma Bakanl\u0131\u011f\u0131 taraf\u0131ndan planlanan ve altyap\u0131 \u00e7al\u0131\u015fmalar\u0131n\u0131n 2025 y\u0131l\u0131nda tamamlanaca\u011f\u0131 belirtilen Ayd\u0131nc\u0131k Yat Liman\u0131 projesine de tepki g\u00f6sterdi. G\u00fclcan K\u0131\u015f, projenin deniz canl\u0131lar\u0131na zarar verdi\u011fini ve b\u00f6lgedeki turizmi olumsuz etkiledi\u011fini belirterek, &#8220;Mersin halk\u0131, yasalara ayk\u0131r\u0131 \u015fekilde ve \u00c7ED raporu olmaks\u0131z\u0131n hayata ge\u00e7irilmek istenen bu projeyi kabul etmiyor. Mersin halk\u0131n\u0131n itirazlar\u0131na ra\u011fmen bu yat liman\u0131 projesine neden devam ediliyor?&#8221; dedi.<\/p>\n\n\n\n<p><strong>&#8220;OTOBAN \u00dcCRETLER\u0130 VE YETERS\u0130Z BA\u011eLANTI YOLLARI&#8221;<\/strong><\/p>\n\n\n\n<p>Mersin&#8217;deki otoyol ge\u00e7i\u015flerinde ya\u015fanan \u00fccretlendirme sorununa de\u011finen CHP Mersin Milletvekili G\u00fclcan K\u0131\u015f, g\u00fcnl\u00fck i\u015fe gidip gelen vatanda\u015flar\u0131n y\u00fcksek \u00fccretlerden \u015fikayet\u00e7i oldu\u011funu s\u00f6yledi. &#8220;Mersin gibi b\u00fcy\u00fck bir \u015fehirde, ba\u011flant\u0131 yollar\u0131n\u0131n yetersizli\u011fi ve il\u00e7eler aras\u0131 ge\u00e7i\u015fte al\u0131nan y\u00fcksek otoyol \u00fccretleri, halk\u0131m\u0131z\u0131 ekonomik olarak zorlamaktad\u0131r. Bu soruna \u00e7\u00f6z\u00fcm \u00fcretecek misiniz?&#8221; diye ekledi.<\/p>\n\n\n\n<p><strong>&#8220;MERS\u0130N HALKI H\u0130ZMET BEKL\u0130YOR&#8221;<\/strong><\/p>\n\n\n\n<p>G\u00fclcan K\u0131\u015f, y\u0131llard\u0131r tamamlanmay\u0131 bekleyen projelerle ilgili Ula\u015ft\u0131rma ve Altyap\u0131 Bakanl\u0131\u011f\u0131&#8217;na somut ad\u0131mlar atma \u00e7a\u011fr\u0131s\u0131 yapt\u0131. &#8220;Mersin halk\u0131n\u0131n bekledi\u011fi bu projeleri ne zaman tamamlayacaks\u0131n\u0131z? Y\u0131llard\u0131r g\u00f6rmezden geldi\u011finiz Mersin&#8217;e 2025 y\u0131l\u0131na kadar hizmet verebilecek misiniz?&#8221; diyerek s\u00f6zlerini noktalad\u0131.<\/p>\n\n\n\n<p>CHP Mersin Milletvekili G\u00fclcan K\u0131\u015f&#8217;\u0131n bu ele\u015ftirileri, Mersin&#8217;in ula\u015f\u0131m ve altyap\u0131 alan\u0131ndaki ihmalini bir kez daha g\u00f6zler \u00f6n\u00fcne serdi.<\/p>\n","protected":false},"excerpt":{"rendered":"<p>Cumhuriyet Halk Partisi (CHP) Mersin Milletvekili G\u00fclcan K\u0131\u015f, TBMM Plan ve B\u00fct\u00e7e Komisyonu&#8217;nda 2025 y\u0131l\u0131 Ula\u015ft\u0131rma ve Altyap\u0131 Bakanl\u0131\u011f\u0131 b\u00fct\u00e7esi g\u00f6r\u00fc\u015fmelerinde yapt\u0131\u011f\u0131 konu\u015fmada, Mersin&#8217;in y\u0131llard\u0131r ihmal edilen ula\u015f\u0131m ve altyap\u0131 projelerini sert bir dille ele\u015ftirdi. G\u00fclcan K\u0131\u015f, Ula\u015ft\u0131rma ve Altyap\u0131 Bakan\u0131 Abdulkadir Uralo\u011flu&#8217;na hitaben Mersin&#8217;in bekleyen projelerinin ak\u0131betini sordu. &#8220;AKBELEN KATLI KAV\u015eA\u011eI YILLARDIR TAMAMLANMADI&#8221; CHP [&hellip;]<\/p>\n","protected":false},"author":2,"featured_media":37309,"comment_status":"closed","ping_status":"closed","sticky":false,"template":"","format":"standard","meta":{"footnotes":""},"categories":[2,3,5],"tags":[],"class_list":["post-37308","post","type-post","status-publish","format-standard","has-post-thumbnail","hentry","category-gundem","category-manset","category-mersin"],"views":3,"_links":{"self":[{"href":"https:\/\/mersinkadingazetesi.com\/index.php?rest_route=\/wp\/v2\/posts\/37308"}],"collection":[{"href":"https:\/\/mersinkadingazetesi.com\/index.php?rest_route=\/wp\/v2\/posts"}],"about":[{"href":"https:\/\/mersinkadingazetesi.com\/index.php?rest_route=\/wp\/v2\/types\/post"}],"author":[{"embeddable":true,"href":"https:\/\/mersinkadingazetesi.com\/index.php?rest_route=\/wp\/v2\/users\/2"}],"replies":[{"embeddable":true,"href":"https:\/\/mersinkadingazetesi.com\/index.php?rest_route=%2Fwp%2Fv2%2Fcomments&post=37308"}],"version-history":[{"count":1,"href":"https:\/\/mersinkadingazetesi.com\/index.php?rest_route=\/wp\/v2\/posts\/37308\/revisions"}],"predecessor-version":[{"id":37310,"href":"https:\/\/mersinkadingazetesi.com\/index.php?rest_route=\/wp\/v2\/posts\/37308\/revisions\/37310"}],"wp:featuredmedia":[{"embeddable":true,"href":"https:\/\/mersinkadingazetesi.com\/index.php?rest_route=\/wp\/v2\/media\/37309"}],"wp:attachment":[{"href":"https:\/\/mersinkadingazetesi.com\/index.php?rest_route=%2Fwp%2Fv2%2Fmedia&parent=37308"}],"wp:term":[{"taxonomy":"category","embeddable":true,"href":"https:\/\/mersinkadingazetesi.com\/index.php?rest_route=%2Fwp%2Fv2%2Fcategories&post=37308"},{"taxonomy":"post_tag","embeddable":true,"href":"https:\/\/mersinkadingazetesi.com\/index.php?rest_route=%2Fwp%2Fv2%2Ftags&post=37308"}],"curies":[{"name":"wp","href":"https:\/\/api.w.org\/{rel}","templated":true}]}}