{"id":37317,"date":"2024-11-26T12:16:53","date_gmt":"2024-11-26T09:16:53","guid":{"rendered":"https:\/\/mersinkadingazetesi.com\/?p=37317"},"modified":"2024-11-26T12:16:53","modified_gmt":"2024-11-26T09:16:53","slug":"deva-partisi-milletvekillerinden-mulakatta-elenen-ogretmenler-icin-kritik-kanun-teklifi","status":"publish","type":"post","link":"https:\/\/mersinkadingazetesi.com\/?p=37317","title":{"rendered":"DEVA Partisi milletvekillerinden m\u00fclakatta elenen \u00f6\u011fretmenler i\u00e7in kritik kanun teklifi\u00a0"},"content":{"rendered":"\n<figure class=\"wp-block-table\"><table class=\"has-fixed-layout\"><tbody><tr><td><strong>DEVA Partili 15 milletvekilinin imzas\u0131n\u0131 ta\u015f\u0131yan Devlet Memurlar\u0131 Kanunu\u2019nda De\u011fi\u015fiklik Yap\u0131lmas\u0131na \u0130li\u015fkin Kanun Teklifi, T\u00fcrkiye B\u00fcy\u00fck Millet Meclisi(TBMM) Ba\u015fkanl\u0131\u011f\u0131na sunuldu. Teklif ile KPSS\u2019de ve m\u00fclakatta ba\u015far\u0131l\u0131 olmalar\u0131na ra\u011fmen, komisyonlar aras\u0131 de\u011ferlendirme dengesizli\u011fi nedeniyle kota d\u0131\u015f\u0131 kalan \u00f6\u011fretmenlerin bir kereye mahsus ek kadro tahsisi ile atanmas\u0131 \u00f6ng\u00f6r\u00fcl\u00fcyor. \u0130lgili teklifin yasala\u015fmas\u0131 halinde 2024 y\u0131l\u0131 s\u00f6zle\u015fmeli \u00f6\u011fretmen al\u0131m\u0131nda ma\u011fdur olan ve kamuoyunda geni\u015f yer bulan m\u00fclakat ma\u011fduru \u00f6\u011fretmenlerin sorunlar\u0131 a\u015f\u0131lm\u0131\u015f olacak.&nbsp;<\/strong>&nbsp;Mill\u00ee E\u011fitim Bakanl\u0131\u011f\u0131 ile ilgili s\u00fcre\u00e7leri takipten sorumlu DEVA Partisi Genel Ba\u015fkan Yard\u0131mc\u0131s\u0131 ve Mersin Milletvekili Mehmet Emin Ekmen, \u201cTeklif ile \u00f6nerdi\u011fimiz y\u00f6ntem, ge\u00e7mi\u015fte AK Parti\u2019nin sorunlu s\u0131nav sonu\u00e7lar\u0131nda defalarca kez denedi\u011fi bir sorun \u00e7\u00f6zme y\u00f6ntemidir. Genel Ba\u015fkan\u0131m\u0131z Say\u0131n Ali Babacan ile isti\u015fare ederek bu kanun teklifini t\u00fcm arkada\u015flar\u0131m\u0131z\u0131n ortak imzas\u0131 ile Meclis Ba\u015fkanl\u0131\u011f\u0131na sunduk\u201d dedi.&nbsp;&nbsp;Ekmen, tekliflerinde yer alan ge\u00e7ici maddenin B\u00fct\u00e7e Kanunu ya da gelen paketlere eklenmesi i\u00e7in AK Parti Grup Ba\u015fkan\u0131 Abdullah G\u00fcler ve Milli E\u011fitim Bakan\u0131 Yusuf Tekin ile g\u00f6r\u00fc\u015feceklerini de kaydetti.&nbsp;<strong>\u201cKomisyonlar aras\u0131ndaki de\u011ferlendirme farklar\u0131, f\u0131rsat e\u015fitli\u011finin ihlaline yol a\u00e7t\u0131\u201d<\/strong>Kanun teklifinin gerek\u00e7esinde \u201cE\u011fitim, bir toplumun gelece\u011fini \u015fekillendiren en \u00f6nemli unsurlardan biridir. \u00d6\u011fretmenler ise bu s\u00fcrecin temel yap\u0131 ta\u015flar\u0131n\u0131 olu\u015fturmaktad\u0131r. \u00dclkemizde \u00f6\u011fretmen ihtiyac\u0131n\u0131n kar\u015f\u0131lanmas\u0131 amac\u0131yla uygulanan s\u00f6zle\u015fmeli \u00f6\u011fretmenlik sistemi, ba\u015far\u0131l\u0131 \u00f6\u011fretmenlerin atanmas\u0131n\u0131 sa\u011flamay\u0131 hedeflemektedir. Ancak, 2024 y\u0131l\u0131 s\u00f6zle\u015fmeli \u00f6\u011fretmenlik s\u0131navlar\u0131nda yaz\u0131l\u0131 ve s\u00f6zl\u00fc s\u0131navlarda ba\u015far\u0131l\u0131 olmalar\u0131na ra\u011fmen, komisyonlar aras\u0131 de\u011ferlendirme farkl\u0131l\u0131klar\u0131 nedeniyle baz\u0131 \u00f6\u011fretmen adaylar\u0131 kota d\u0131\u015f\u0131 kalarak atanamam\u0131\u015f ve ma\u011fdur olmu\u015ftur. S\u0131navlarda ba\u015far\u0131l\u0131 olan adaylar\u0131n sadece komisyonlar aras\u0131ndaki de\u011ferlendirme farklar\u0131 nedeniyle atanamam\u0131\u015f olmas\u0131, adaylar aras\u0131nda f\u0131rsat e\u015fitli\u011finin ihlaline yol a\u00e7m\u0131\u015f ve adalet duygusunu zedeleme\u015ftir\u201d dendi.&nbsp;&nbsp;<strong>\u201cNitelikli \u00f6\u011fretmenlerin ma\u011fduriyeti giderilmelidir. Bu kanun teklifi, atamalardaki ma\u011fduriyeti sonland\u0131racak \u201d<\/strong>\u201cBu ma\u011fduriyetin bir sefere mahsus bir yasal d\u00fczenlemeyle giderilmesi, \u00f6\u011fretmen adaylar\u0131na hak ettikleri f\u0131rsatlar\u0131 sunacak, &nbsp;ve komisyonlar aras\u0131 dengesizlikten kaynaklanan olumsuzluklar\u0131 ortadan kald\u0131racakt\u0131r. B\u00f6yle bir d\u00fczenleme, adaylar aras\u0131nda f\u0131rsat e\u015fitli\u011fini g\u00fc\u00e7lendirirken, ba\u015far\u0131l\u0131 \u00f6\u011fretmen adaylar\u0131n\u0131n hak etti\u011fi \u015fekilde atanmas\u0131n\u0131 sa\u011flayarak e\u011fitim sistemimize olumlu katk\u0131lar sunacakt\u0131r.\u201d&nbsp;<strong>\u201c\u00d6\u011fretmenlik mesle\u011finde liyakatin esas al\u0131nmas\u0131n\u0131 hedefliyoruz\u201d<\/strong>\u201cSonu\u00e7 olarak, 2024 y\u0131l\u0131 s\u00f6zle\u015fmeli \u00f6\u011fretmenlik s\u0131nav\u0131nda ba\u015far\u0131l\u0131 olan ancak komisyonlar aras\u0131ndaki yakla\u015f\u0131m farklar\u0131 nedeniyle atanamayan \u00f6\u011fretmen adaylar\u0131n\u0131n ma\u011fduriyetinin giderilmesi, e\u011fitim sisteminin adil, \u015feffaf ve e\u015fitlik\u00e7i bir yap\u0131ya kavu\u015fmas\u0131 a\u00e7\u0131s\u0131ndan \u00f6nem ta\u015f\u0131maktad\u0131r. Bu d\u00fczenleme ile ma\u011fduriyetlerin \u00f6n\u00fcne ge\u00e7ilerek, bu atama grubunda hakkaniyet tesis edilecektir.\u201d&nbsp;Ekmen son olarak prensipte istisnalar d\u0131\u015f\u0131nda kamuya al\u0131mlarda m\u00fclakata kar\u015f\u0131 olduklar\u0131n\u0131 ancak bu teklifin amac\u0131n\u0131n son al\u0131mlarda ya\u015fanan spesifik ma\u011fduriyeti gidermek oldu\u011funu s\u00f6yledi.&nbsp;<\/td><\/tr><\/tbody><\/table><\/figure>\n","protected":false},"excerpt":{"rendered":"<p>DEVA Partili 15 milletvekilinin imzas\u0131n\u0131 ta\u015f\u0131yan Devlet Memurlar\u0131 Kanunu\u2019nda De\u011fi\u015fiklik Yap\u0131lmas\u0131na \u0130li\u015fkin Kanun Teklifi, T\u00fcrkiye B\u00fcy\u00fck Millet Meclisi(TBMM) Ba\u015fkanl\u0131\u011f\u0131na sunuldu. Teklif ile KPSS\u2019de ve m\u00fclakatta ba\u015far\u0131l\u0131 olmalar\u0131na ra\u011fmen, komisyonlar aras\u0131 de\u011ferlendirme dengesizli\u011fi nedeniyle kota d\u0131\u015f\u0131 kalan \u00f6\u011fretmenlerin bir kereye mahsus ek kadro tahsisi ile atanmas\u0131 \u00f6ng\u00f6r\u00fcl\u00fcyor. \u0130lgili teklifin yasala\u015fmas\u0131 halinde 2024 y\u0131l\u0131 s\u00f6zle\u015fmeli \u00f6\u011fretmen al\u0131m\u0131nda [&hellip;]<\/p>\n","protected":false},"author":2,"featured_media":37318,"comment_status":"closed","ping_status":"closed","sticky":false,"template":"","format":"standard","meta":{"footnotes":""},"categories":[3],"tags":[],"class_list":["post-37317","post","type-post","status-publish","format-standard","has-post-thumbnail","hentry","category-manset"],"views":1,"_links":{"self":[{"href":"https:\/\/mersinkadingazetesi.com\/index.php?rest_route=\/wp\/v2\/posts\/37317"}],"collection":[{"href":"https:\/\/mersinkadingazetesi.com\/index.php?rest_route=\/wp\/v2\/posts"}],"about":[{"href":"https:\/\/mersinkadingazetesi.com\/index.php?rest_route=\/wp\/v2\/types\/post"}],"author":[{"embeddable":true,"href":"https:\/\/mersinkadingazetesi.com\/index.php?rest_route=\/wp\/v2\/users\/2"}],"replies":[{"embeddable":true,"href":"https:\/\/mersinkadingazetesi.com\/index.php?rest_route=%2Fwp%2Fv2%2Fcomments&post=37317"}],"version-history":[{"count":1,"href":"https:\/\/mersinkadingazetesi.com\/index.php?rest_route=\/wp\/v2\/posts\/37317\/revisions"}],"predecessor-version":[{"id":37319,"href":"https:\/\/mersinkadingazetesi.com\/index.php?rest_route=\/wp\/v2\/posts\/37317\/revisions\/37319"}],"wp:featuredmedia":[{"embeddable":true,"href":"https:\/\/mersinkadingazetesi.com\/index.php?rest_route=\/wp\/v2\/media\/37318"}],"wp:attachment":[{"href":"https:\/\/mersinkadingazetesi.com\/index.php?rest_route=%2Fwp%2Fv2%2Fmedia&parent=37317"}],"wp:term":[{"taxonomy":"category","embeddable":true,"href":"https:\/\/mersinkadingazetesi.com\/index.php?rest_route=%2Fwp%2Fv2%2Fcategories&post=37317"},{"taxonomy":"post_tag","embeddable":true,"href":"https:\/\/mersinkadingazetesi.com\/index.php?rest_route=%2Fwp%2Fv2%2Ftags&post=37317"}],"curies":[{"name":"wp","href":"https:\/\/api.w.org\/{rel}","templated":true}]}}