{"id":37344,"date":"2024-11-27T11:15:27","date_gmt":"2024-11-27T08:15:27","guid":{"rendered":"https:\/\/mersinkadingazetesi.com\/?p=37344"},"modified":"2024-11-27T11:15:28","modified_gmt":"2024-11-27T08:15:28","slug":"son-teknoloji-ile-tasarlanan-cukurova-uluslararasi-havalimani-kesintisiz-hizmet-vermeye-devam-ediyor","status":"publish","type":"post","link":"https:\/\/mersinkadingazetesi.com\/?p=37344","title":{"rendered":"Son teknoloji ile tasarlanan \u00c7ukurova Uluslararas\u0131 Havaliman\u0131 kesintisiz hizmet vermeye devam ediyor"},"content":{"rendered":"\n<p>Adana, Mersin, Osmaniye, Ni\u011fde ve Hatay\u2019\u0131 kapsayan \u00c7ukurova b\u00f6lgesinin Ortado\u011fu\u2019ya ve d\u00fcnyaya a\u00e7\u0131lan kap\u0131s\u0131 \u00c7ukurova Uluslararas\u0131 Havaliman\u0131 yolcular\u0131n\u0131 a\u011f\u0131rlamaya devam ediyor. 23 Kas\u0131m Cumartesi ve 24 Kas\u0131m Pazar g\u00fcn\u00fc T\u00fcm T\u00fcrkiye\u2019yi etkisi alt\u0131na alan olumsuz hava ko\u015fullar\u0131 hava trafi\u011finde de aksamalara yol a\u00e7t\u0131. <strong>Bu noktada \u00c7ukurova Uluslararas\u0131 Havaliman\u0131 kalk\u0131\u015fl\u0131 u\u00e7u\u015flarda bir sorun ya\u015fanmamakla birlikte, hem olumsuz hava ko\u015fullar\u0131ndan etkilenen b\u00f6lge u\u00e7u\u015flar\u0131na hem de ilave seferlere ev sahipli\u011fi yapt\u0131.<\/strong><\/p>\n\n\n\n<p>\u00c7ukurova Uluslararas\u0131 Havaliman\u0131 Direkt\u00f6r\u00fc O\u011fuz Oflaz; i\u00e7 hat ve d\u0131\u015f hat yolcular\u0131na hizmet vermek \u00fczere uluslararas\u0131 standartlarda tasarlanan \u00c7ukurova Uluslararas\u0131 Havaliman\u0131\u2019n\u0131n alt ve \u00fcst yap\u0131s\u0131yla u\u00e7aklar\u0131n g\u00fcvenli ini\u015f ve kalk\u0131\u015f yapmas\u0131na imkan sa\u011flayan son teknolojiye sahip pistiyle, havaliman\u0131 yerle\u015fkesiyle \u00c7ukurova B\u00f6lgesi ba\u015fta olmak \u00fczere T\u00fcrkiye\u2019nin ve D\u00fcnyan\u0131n odakland\u0131\u011f\u0131 en \u00f6nemli havac\u0131l\u0131k yat\u0131r\u0131mlar\u0131ndan biri oldu\u011funu belirtti.<\/p>\n\n\n\n<p>T\u00fcm havaalanlar\u0131nda \u00f6nemli unsurlardan birisinin de do\u011fa olaylar\u0131yla m\u00fccadele oldu\u011funun alt\u0131n\u0131 \u00e7izen Oflaz, olumsuz hava ko\u015fullar\u0131n\u0131n havalimanlar\u0131n\u0131 etkileyebilece\u011fini ancak h\u0131zl\u0131 m\u00fcdahale ve \u00e7\u00f6z\u00fcm kabiliyetlerinin \u00f6nemine dikkati \u00e7ekerek \u201cT\u00fcm T\u00fcrkiye\u2019yi etkisi alt\u0131na alan olumsuz hava ko\u015fullar\u0131nda \u00c7ukurova Uluslararas\u0131 Havaliman\u0131 kalk\u0131\u015fl\u0131 u\u00e7u\u015flarda herhangi bir sorun ya\u015famad\u0131k ve u\u00e7u\u015f iptalimiz olmad\u0131. \u00d6zellikle 23 ve 24 Kas\u0131m tarihlerinde a\u011f\u0131rla\u015fan olumsuz hava ko\u015fullar\u0131 nedeniyle Meteoroloji Genel M\u00fcd\u00fcrl\u00fc\u011f\u00fc taraf\u0131ndan turuncu (tehlikeli &#8211; 70 ila 90 km aras\u0131 r\u00fczgar h\u0131z\u0131) kod uyar\u0131s\u0131n\u0131n verildi\u011fi Antalya b\u00f6lgesi var\u0131\u015fl\u0131 u\u00e7u\u015flar \u00c7ukurova Uluslararas\u0131 Havaliman\u0131\u2019na inerek yak\u0131t al\u0131mlar\u0131n\u0131 tamamlad\u0131ktan sonra hedef var\u0131\u015f noktalar\u0131na devam ettiler. Ayr\u0131ca kar\u015f\u0131 hava meydanlar\u0131ndaki olumsuz hava durumunun iyile\u015fmesi sonras\u0131nda olu\u015fan yo\u011fun talep \u00fczerine de havayollar\u0131 taraf\u0131ndan eklenen 6 ilave sefere de ev sahipli\u011fi yaparak yolcular\u0131m\u0131z\u0131 a\u011f\u0131rlamaya devam ettik\u2019\u2019 dedi.<\/p>\n\n\n\n<p><strong>D\u00fcnyan\u0131n Kesi\u015fme Noktas\u0131<\/strong><\/p>\n\n\n\n<p><strong>\u201c1 Milyon Yolcu A\u011f\u0131rlayan Havaliman\u0131ndan 7 \u00dclke ve 16 Hatta U\u00e7u\u015f Yap\u0131l\u0131yor\u201d<\/strong><\/p>\n\n\n\n<p>Uluslararas\u0131 standartlarda t\u00fcm yeterliliklere sahip olarak tasarlanan havaliman\u0131nda \u0130\u00e7 hatlarda 9 nokta ve 10 hat; d\u0131\u015f hatlarda ise 7 nokta ve 16 hat olmak \u00fczere toplamda 16 nokta ve 26 hatta u\u00e7u\u015f ger\u00e7ekle\u015ftiriliyor.<\/p>\n\n\n\n<p>\u201cAlmanya, Hollanda, Bel\u00e7ika, \u0130ngiltere, KKTC, Rusya ve L\u00fcbnan\u2019da toplamda 16 farkl\u0131 noktaya (M\u00fcnih, Frankfurt, N\u00fcrnberg, D\u00fcsseldorf, Stuttgart, Hannover, K\u00f6ln, Hamburg, Berlin, Amsterdam, Londra, Br\u00fcksel, Ercan, Moskova Domodedovo, Moskova \u015eeremetyevo, Beyrut)<\/p>\n\n\n\n<p>KZV Havalimanlar\u0131\u2019n\u0131n en son teknolojiyi kullanarak&nbsp;<strong>\u201c<\/strong>Yap-\u0130\u015flet-Devret\u201d modeliyle in\u015fa etti\u011fi ve y\u0131ll\u0131k 9 milyon yolcu kapasitesine sahip olan \u00c7ukurova Uluslararas\u0131 Havaliman\u0131 do\u011frudan ve dolayl\u0131 olarak 4.500-5.000 bin ki\u015fiye istihdam olana\u011f\u0131 sa\u011fl\u0131yor.<\/p>\n\n\n\n<p>\u00c7ukurova Uluslararas\u0131 Havaliman\u0131 mevcut pist ve yard\u0131mc\u0131 pisti ile d\u00fcnyan\u0131n en b\u00fcy\u00fck yolcu u\u00e7aklar\u0131n\u0131n dahi ini\u015f ve kalk\u0131\u015f\u0131na olanak sa\u011flayan ve b\u00f6lgenin t\u00fcm havayolu ihtiyac\u0131n\u0131 kar\u015f\u0131layacak toplamda 69 park pozisyonuna sahiptir.<\/p>\n","protected":false},"excerpt":{"rendered":"<p>Adana, Mersin, Osmaniye, Ni\u011fde ve Hatay\u2019\u0131 kapsayan \u00c7ukurova b\u00f6lgesinin Ortado\u011fu\u2019ya ve d\u00fcnyaya a\u00e7\u0131lan kap\u0131s\u0131 \u00c7ukurova Uluslararas\u0131 Havaliman\u0131 yolcular\u0131n\u0131 a\u011f\u0131rlamaya devam ediyor. 23 Kas\u0131m Cumartesi ve 24 Kas\u0131m Pazar g\u00fcn\u00fc T\u00fcm T\u00fcrkiye\u2019yi etkisi alt\u0131na alan olumsuz hava ko\u015fullar\u0131 hava trafi\u011finde de aksamalara yol a\u00e7t\u0131. Bu noktada \u00c7ukurova Uluslararas\u0131 Havaliman\u0131 kalk\u0131\u015fl\u0131 u\u00e7u\u015flarda bir sorun ya\u015fanmamakla birlikte, hem [&hellip;]<\/p>\n","protected":false},"author":2,"featured_media":37345,"comment_status":"closed","ping_status":"closed","sticky":false,"template":"","format":"standard","meta":{"footnotes":""},"categories":[3,5],"tags":[],"class_list":["post-37344","post","type-post","status-publish","format-standard","has-post-thumbnail","hentry","category-manset","category-mersin"],"views":2,"_links":{"self":[{"href":"https:\/\/mersinkadingazetesi.com\/index.php?rest_route=\/wp\/v2\/posts\/37344"}],"collection":[{"href":"https:\/\/mersinkadingazetesi.com\/index.php?rest_route=\/wp\/v2\/posts"}],"about":[{"href":"https:\/\/mersinkadingazetesi.com\/index.php?rest_route=\/wp\/v2\/types\/post"}],"author":[{"embeddable":true,"href":"https:\/\/mersinkadingazetesi.com\/index.php?rest_route=\/wp\/v2\/users\/2"}],"replies":[{"embeddable":true,"href":"https:\/\/mersinkadingazetesi.com\/index.php?rest_route=%2Fwp%2Fv2%2Fcomments&post=37344"}],"version-history":[{"count":1,"href":"https:\/\/mersinkadingazetesi.com\/index.php?rest_route=\/wp\/v2\/posts\/37344\/revisions"}],"predecessor-version":[{"id":37346,"href":"https:\/\/mersinkadingazetesi.com\/index.php?rest_route=\/wp\/v2\/posts\/37344\/revisions\/37346"}],"wp:featuredmedia":[{"embeddable":true,"href":"https:\/\/mersinkadingazetesi.com\/index.php?rest_route=\/wp\/v2\/media\/37345"}],"wp:attachment":[{"href":"https:\/\/mersinkadingazetesi.com\/index.php?rest_route=%2Fwp%2Fv2%2Fmedia&parent=37344"}],"wp:term":[{"taxonomy":"category","embeddable":true,"href":"https:\/\/mersinkadingazetesi.com\/index.php?rest_route=%2Fwp%2Fv2%2Fcategories&post=37344"},{"taxonomy":"post_tag","embeddable":true,"href":"https:\/\/mersinkadingazetesi.com\/index.php?rest_route=%2Fwp%2Fv2%2Ftags&post=37344"}],"curies":[{"name":"wp","href":"https:\/\/api.w.org\/{rel}","templated":true}]}}