{"id":37357,"date":"2024-11-27T15:55:05","date_gmt":"2024-11-27T12:55:05","guid":{"rendered":"https:\/\/mersinkadingazetesi.com\/?p=37357"},"modified":"2024-11-27T15:55:06","modified_gmt":"2024-11-27T12:55:06","slug":"tarsusta-uluslararasi-tarim-calistayi-basliyor","status":"publish","type":"post","link":"https:\/\/mersinkadingazetesi.com\/?p=37357","title":{"rendered":"TARSUS\u2019TA, ULUSLARARASI TARIM \u00c7ALI\u015eTAYI BA\u015eLIYOR"},"content":{"rendered":"\n<p>Tarsus Belediyesi taraf\u0131ndan tar\u0131m\u0131n gelece\u011fini \u015fekillendirmek amac\u0131yla 28-29 Kas\u0131m tarihlerinde d\u00fczenlenecek olan &#8220;Uluslararas\u0131 Tar\u0131m \u00c7al\u0131\u015ftay\u0131&#8221; ba\u015fl\u0131yor. 2 g\u00fcn boyunca s\u00fcrd\u00fcr\u00fclebilir tar\u0131m ve tar\u0131m\u0131n gelece\u011fi \u00fczerine \u00f6nemli konular\u0131n ele al\u0131naca\u011f\u0131 \u00e7al\u0131\u015ftay, kat\u0131l\u0131mc\u0131lar\u0131n\u0131 bekliyor.<\/p>\n\n\n\n<p>Tarsus Belediye Tar\u0131msal Hizmetler M\u00fcd\u00fcrl\u00fc\u011f\u00fc koordinesinde ger\u00e7ekle\u015fecek etkinlikte, tar\u0131m sekt\u00f6r\u00fc i\u00e7in s\u00fcrd\u00fcr\u00fclebilir \u00e7\u00f6z\u00fcmler ve yenilik\u00e7i y\u00f6ntemler gibi pek \u00e7ok \u00f6nemli konu ele al\u0131nacak. Alan\u0131nda uzman akademisyenler, giri\u015fimciler ve tar\u0131msal kalk\u0131nma anlam\u0131nda \u00f6nemli isimler, sekt\u00f6r\u00fcn mevcut durumunu de\u011ferlendirecek ve gelece\u011fe y\u00f6nelik stratejiler geli\u015ftirecek. Ayn\u0131 zamanda \u00e7al\u0131\u015ftaya Cumhuriyet Halk Partisi (CHP) Grup Ba\u015fkan Vekili Do\u00e7. Dr. G\u00f6khan G\u00fcnayd\u0131n ve CHP Tar\u0131m Politikalar\u0131ndan Sorumlu Genel Ba\u015fkan Yard\u0131mc\u0131s\u0131 Erhan Adem de kat\u0131l\u0131m sa\u011flayacak.<\/p>\n\n\n\n<p><strong>TARSUS\u2019TA TARIMIN GELECE\u011e\u0130 \u015eEK\u0130LLEN\u0130YOR<\/strong><\/p>\n\n\n\n<p>Tarsus Belediyesi Meclis Salonu\u2019nda ger\u00e7ekle\u015fecek \u00e7al\u0131\u015ftayda, \u201cTar\u0131msal Kalk\u0131nma ve Kooperatif\u00e7ilik\u201d, \u201cTar\u0131mda Yenilik\u00e7i Uygulamalar\u201d, \u201cBitki Sa\u011fl\u0131\u011f\u0131\u201d, \u201cZeytin Yeti\u015ftiricili\u011fi\u201d ve \u201cTar\u0131m\u0131n Gelece\u011fi\u201d gibi farkl\u0131 oturumlarda zengin i\u00e7erikler sunulacak. Tarsus\u2019un tar\u0131msal potansiyelini uluslararas\u0131 boyuta ta\u015f\u0131may\u0131 hedefleyen bu etkinlik, b\u00f6lgedeki \u00e7ift\u00e7iler ve kooperatifler i\u00e7in de \u00f6nemli bir yol haritas\u0131 olacak.<\/p>\n","protected":false},"excerpt":{"rendered":"<p>Tarsus Belediyesi taraf\u0131ndan tar\u0131m\u0131n gelece\u011fini \u015fekillendirmek amac\u0131yla 28-29 Kas\u0131m tarihlerinde d\u00fczenlenecek olan &#8220;Uluslararas\u0131 Tar\u0131m \u00c7al\u0131\u015ftay\u0131&#8221; ba\u015fl\u0131yor. 2 g\u00fcn boyunca s\u00fcrd\u00fcr\u00fclebilir tar\u0131m ve tar\u0131m\u0131n gelece\u011fi \u00fczerine \u00f6nemli konular\u0131n ele al\u0131naca\u011f\u0131 \u00e7al\u0131\u015ftay, kat\u0131l\u0131mc\u0131lar\u0131n\u0131 bekliyor. Tarsus Belediye Tar\u0131msal Hizmetler M\u00fcd\u00fcrl\u00fc\u011f\u00fc koordinesinde ger\u00e7ekle\u015fecek etkinlikte, tar\u0131m sekt\u00f6r\u00fc i\u00e7in s\u00fcrd\u00fcr\u00fclebilir \u00e7\u00f6z\u00fcmler ve yenilik\u00e7i y\u00f6ntemler gibi pek \u00e7ok \u00f6nemli konu ele al\u0131nacak. [&hellip;]<\/p>\n","protected":false},"author":2,"featured_media":37358,"comment_status":"closed","ping_status":"closed","sticky":false,"template":"","format":"standard","meta":{"footnotes":""},"categories":[3],"tags":[],"class_list":["post-37357","post","type-post","status-publish","format-standard","has-post-thumbnail","hentry","category-manset"],"views":6,"_links":{"self":[{"href":"https:\/\/mersinkadingazetesi.com\/index.php?rest_route=\/wp\/v2\/posts\/37357"}],"collection":[{"href":"https:\/\/mersinkadingazetesi.com\/index.php?rest_route=\/wp\/v2\/posts"}],"about":[{"href":"https:\/\/mersinkadingazetesi.com\/index.php?rest_route=\/wp\/v2\/types\/post"}],"author":[{"embeddable":true,"href":"https:\/\/mersinkadingazetesi.com\/index.php?rest_route=\/wp\/v2\/users\/2"}],"replies":[{"embeddable":true,"href":"https:\/\/mersinkadingazetesi.com\/index.php?rest_route=%2Fwp%2Fv2%2Fcomments&post=37357"}],"version-history":[{"count":1,"href":"https:\/\/mersinkadingazetesi.com\/index.php?rest_route=\/wp\/v2\/posts\/37357\/revisions"}],"predecessor-version":[{"id":37359,"href":"https:\/\/mersinkadingazetesi.com\/index.php?rest_route=\/wp\/v2\/posts\/37357\/revisions\/37359"}],"wp:featuredmedia":[{"embeddable":true,"href":"https:\/\/mersinkadingazetesi.com\/index.php?rest_route=\/wp\/v2\/media\/37358"}],"wp:attachment":[{"href":"https:\/\/mersinkadingazetesi.com\/index.php?rest_route=%2Fwp%2Fv2%2Fmedia&parent=37357"}],"wp:term":[{"taxonomy":"category","embeddable":true,"href":"https:\/\/mersinkadingazetesi.com\/index.php?rest_route=%2Fwp%2Fv2%2Fcategories&post=37357"},{"taxonomy":"post_tag","embeddable":true,"href":"https:\/\/mersinkadingazetesi.com\/index.php?rest_route=%2Fwp%2Fv2%2Ftags&post=37357"}],"curies":[{"name":"wp","href":"https:\/\/api.w.org\/{rel}","templated":true}]}}