{"id":37388,"date":"2024-11-28T12:27:11","date_gmt":"2024-11-28T09:27:11","guid":{"rendered":"https:\/\/mersinkadingazetesi.com\/?p=37388"},"modified":"2024-11-28T12:27:12","modified_gmt":"2024-11-28T09:27:12","slug":"toroslar-temizlik-ekip-ve-ekipmanlarini-guclendiriyor","status":"publish","type":"post","link":"https:\/\/mersinkadingazetesi.com\/?p=37388","title":{"rendered":"TOROSLAR, TEM\u0130ZL\u0130K EK\u0130P VE EK\u0130PMANLARINI G\u00dc\u00c7LEND\u0130R\u0130YOR"},"content":{"rendered":"\n<p>&#8220;Mahallede Temizlik Var&#8221; kampanyas\u0131 kapsam\u0131nda sokaklara inen Toroslar Belediye Ba\u015fkan\u0131 Abdurrahman Y\u0131ld\u0131z, belediyenin temizlik ekibini g\u00fc\u00e7lendirdiklerini ve yeni temizlik ara\u00e7lar\u0131 ald\u0131klar\u0131n\u0131 belirterek &#8220;Toroslar s\u00f6z verdi\u011fimiz gibi tertemiz bir il\u00e7e haline gelecek. Temiz bir Toroslar, hepimizin eseri olacak&#8221; dedi.<\/p>\n\n\n\n<p>31 Mart 2024 Se\u00e7imlerinde g\u00f6reve gelir gelmez temizlik konusunda fark\u0131ndal\u0131k yaratmak amac\u0131yla &#8220;Mahallede Temizlik Var&#8221; kampanyas\u0131n\u0131 ba\u015flatan Toroslar Belediye Ba\u015fkan\u0131 Abdurrahman Y\u0131ld\u0131z, bu hafta Toroslar Mahallesinde yap\u0131lan \u00e7al\u0131\u015fmaya kat\u0131ld\u0131.<\/p>\n\n\n\n<p>Ba\u015fkan yard\u0131mc\u0131lar\u0131, belediye meclisi \u00fcyeleri ve mahalle sakinleriyle birlikte sokaklar\u0131 gezen, temizlik \u00e7al\u0131\u015fmalar\u0131na kat\u0131lan Ba\u015fkan Y\u0131ld\u0131z, mahallede dip k\u00f6\u015fe temizlik yapan ekiplerin \u00e7al\u0131\u015fmalar\u0131n\u0131 inceledi, bilgi ald\u0131.<\/p>\n\n\n\n<p><strong>&#8220;HEDEF\u0130M\u0130Z TEM\u0130Z, HUZURLU TOROSLAR&#8221;<\/strong><\/p>\n\n\n\n<p>Etkinlik sonunda bir a\u00e7\u0131klama yapan Ba\u015fkan Y\u0131ld\u0131z, &#8220;Toroslar Mahallesi, kentimizin g\u00f6rece yeni mahallelerinden birisi. Bu anlamda, \u00f6zellikle belli kesimleri daha planl\u0131 geli\u015fmi\u015f, daha d\u00fczg\u00fcn geli\u015fmi\u015f mahallelerimizden bir tanesi. Ama her zaman s\u00f6yledi\u011fimiz gibi, biz b\u00fct\u00fcn Toroslar&#8217;\u0131 \u00c7a\u011fda\u015fkent gibi, Okan Merzeci gibi, Portakal Mahallesi gibi yap\u0131ncaya kadar elimizden gelen her \u015feyi yapaca\u011f\u0131z. Yani b\u00fct\u00fcn Toroslar hem planl\u0131 ve kaliteli, konforlu ya\u015fam alanlar\u0131 haline gelecek hem de ger\u00e7ekten temiz, huzurlu, insanlar\u0131n rahat ya\u015fad\u0131\u011f\u0131 mekanlar olacak&#8221; dedi.<\/p>\n\n\n\n<p><strong>&#8220;AMACIMIZ TEM\u0130ZL\u0130K KONUSUNDA HASSAS\u0130YET OLU\u015eTURMAK&#8221;<\/strong><\/p>\n\n\n\n<p>&#8220;Mahallede Temizlik Var&#8221; kampanyas\u0131n\u0131n amac\u0131n\u0131n temizlik konusunda fark\u0131ndal\u0131k yaratmak, vatanda\u015flar\u0131n temizlik konusunda daha hassas olmas\u0131n\u0131 sa\u011flamak oldu\u011funu ifade eden Ba\u015fkan Y\u0131ld\u0131z, &#8220;\u00c7\u00fcnk\u00fc biliyoruz ki temiz kalman\u0131n birinci ko\u015fulu, kirletmemekten ge\u00e7iyor. Dolay\u0131s\u0131yla g\u00fcnl\u00fck ya\u015fam\u0131m\u0131zda konteynerlerimizi kullan\u0131rken, soka\u011fa \u00e7\u00f6p atarken biraz daha hassas olmam\u0131z laz\u0131m. \u00c7ocuklar\u0131m\u0131z\u0131n da bu kampanyalara \u00e7o\u011fu zaman kat\u0131ld\u0131\u011f\u0131n\u0131 g\u00f6r\u00fcyoruz. \u00c7ocuklar\u0131m\u0131z\u0131n g\u00fcnl\u00fck ya\u015famlar\u0131nda, parklarda, bah\u00e7elerde oynarken ve sokaklarda y\u00fcr\u00fcrken hassasiyetlerini art\u0131rmalar\u0131na y\u00f6nelik bir kampanya asl\u0131nda bu&#8221; ifadelerini kulland\u0131.<\/p>\n\n\n\n<p><strong>&#8220;YEN\u0130 TEM\u0130ZL\u0130K PERSONEL\u0130M\u0130Z \u00d6N\u00dcM\u00dcZDEK\u0130 G\u00dcNLERDE G\u00d6REVE BA\u015eLAYACAK&#8221;<\/strong><\/p>\n\n\n\n<p>&#8220;Hava ko\u015fullar\u0131 el verdi\u011fi m\u00fcddet\u00e7e, 67 mahallemizin tamam\u0131nda bu kampanyalar\u0131 ger\u00e7ekle\u015ftirece\u011fiz ve Toroslar&#8217;da temizlik meselesi, bir sorun olmaktan \u00e7\u0131k\u0131ncaya kadar devam edece\u011fiz&#8221; diyen Ba\u015fkan Y\u0131ld\u0131z s\u00f6zlerini \u015f\u00f6yle s\u00fcrd\u00fcrd\u00fc:<\/p>\n\n\n\n<p>&nbsp;&#8220;Bir di\u011fer mesele ise Toroslar&#8217;\u0131m\u0131zda, biliyorsunuz, bu konuda kar\u015f\u0131la\u015ft\u0131\u011f\u0131m\u0131z en b\u00fcy\u00fck zorluklardan biri alet, edevat ve makine eksikli\u011fiydi. \u00c7al\u0131\u015fan eksikli\u011fimiz de bir ba\u015fka sorun olarak kar\u015f\u0131m\u0131za \u00e7\u0131k\u0131yordu. Ancak bu konularda k\u0131ymetli mesai arkada\u015flar\u0131m\u0131z \u00e7ok ciddi \u00e7al\u0131\u015fmalar yap\u0131yorlar. Art\u0131k \u00e7\u00f6p kamyonlar\u0131m\u0131z yenilendi, \u00e7\u00f6p ara\u00e7lar\u0131m\u0131z s\u0131f\u0131rland\u0131 ve yeni ara\u00e7lar al\u0131nd\u0131. \u00d6rne\u011fin, Toroslar\u0131m\u0131zda art\u0131k sekiz tane s\u00fcp\u00fcrge arac\u0131yla hizmet vermeye ba\u015flad\u0131k ve sokaklar\u0131m\u0131z\u0131 bunlarla s\u00fcp\u00fcr\u00fcyoruz. Ayn\u0131 zamanda, bug\u00fcnlerde ekiplerimiz yeni tahkimatlar yaparak yeni elemanlar kazand\u0131rmaya ba\u015flad\u0131. Bu arkada\u015flar\u0131m\u0131z, birka\u00e7 hafta i\u00e7inde Toroslar&#8217;\u0131n b\u00fct\u00fcn sokaklar\u0131nda g\u00f6rev yapmaya ba\u015flayacaklar. B\u00f6ylelikle, Toroslar s\u00f6z verdi\u011fimiz gibi tertemiz bir il\u00e7e haline gelecek. Bu konuda kendimiz de \u00f6zel bir gayret g\u00f6steriyoruz. Bu i\u015fi ki\u015fisel olarak da \u00e7ok ciddi \u015fekilde takip ediyoruz, buna ili\u015fkin yat\u0131r\u0131mlar yap\u0131yoruz ve \u00e7al\u0131\u015fmalar y\u00fcr\u00fct\u00fcyoruz. Dolay\u0131s\u0131yla temiz bir Toroslar, hepimizin eseri olacak.&#8221;<\/p>\n\n\n\n<p><strong>MUHTAR SEYF\u0130 KILI\u00c7&#8217;TAN TE\u015eEKK\u00dcR<\/strong><\/p>\n\n\n\n<p>Toroslar Mahallesi Muhtar\u0131 Seyfi K\u0131l\u0131\u00e7 da &#8220;Ba\u015fkan\u0131ma mahallem ad\u0131na te\u015fekk\u00fcr ederim. Bu g\u00fczel projeden herkes memnun kalacak in\u015fallah. Burada ben de duyurmak istiyorum: \u00c7evremizi temiz tutal\u0131m. Mahalle sakinlerime \u00f6zellikle s\u00f6yl\u00fcyorum. Herkes kap\u0131s\u0131n\u0131n \u00f6n\u00fcn\u00fc temizlesin. M\u00fcmk\u00fcnse el birli\u011fiyle temizli\u011fimizi yapal\u0131m&#8221; ifadelerini kulland\u0131.<\/p>\n","protected":false},"excerpt":{"rendered":"<p>&#8220;Mahallede Temizlik Var&#8221; kampanyas\u0131 kapsam\u0131nda sokaklara inen Toroslar Belediye Ba\u015fkan\u0131 Abdurrahman Y\u0131ld\u0131z, belediyenin temizlik ekibini g\u00fc\u00e7lendirdiklerini ve yeni temizlik ara\u00e7lar\u0131 ald\u0131klar\u0131n\u0131 belirterek &#8220;Toroslar s\u00f6z verdi\u011fimiz gibi tertemiz bir il\u00e7e haline gelecek. Temiz bir Toroslar, hepimizin eseri olacak&#8221; dedi. 31 Mart 2024 Se\u00e7imlerinde g\u00f6reve gelir gelmez temizlik konusunda fark\u0131ndal\u0131k yaratmak amac\u0131yla &#8220;Mahallede Temizlik Var&#8221; kampanyas\u0131n\u0131 ba\u015flatan [&hellip;]<\/p>\n","protected":false},"author":2,"featured_media":37389,"comment_status":"closed","ping_status":"closed","sticky":false,"template":"","format":"standard","meta":{"footnotes":""},"categories":[3],"tags":[],"class_list":["post-37388","post","type-post","status-publish","format-standard","has-post-thumbnail","hentry","category-manset"],"views":2,"_links":{"self":[{"href":"https:\/\/mersinkadingazetesi.com\/index.php?rest_route=\/wp\/v2\/posts\/37388"}],"collection":[{"href":"https:\/\/mersinkadingazetesi.com\/index.php?rest_route=\/wp\/v2\/posts"}],"about":[{"href":"https:\/\/mersinkadingazetesi.com\/index.php?rest_route=\/wp\/v2\/types\/post"}],"author":[{"embeddable":true,"href":"https:\/\/mersinkadingazetesi.com\/index.php?rest_route=\/wp\/v2\/users\/2"}],"replies":[{"embeddable":true,"href":"https:\/\/mersinkadingazetesi.com\/index.php?rest_route=%2Fwp%2Fv2%2Fcomments&post=37388"}],"version-history":[{"count":1,"href":"https:\/\/mersinkadingazetesi.com\/index.php?rest_route=\/wp\/v2\/posts\/37388\/revisions"}],"predecessor-version":[{"id":37390,"href":"https:\/\/mersinkadingazetesi.com\/index.php?rest_route=\/wp\/v2\/posts\/37388\/revisions\/37390"}],"wp:featuredmedia":[{"embeddable":true,"href":"https:\/\/mersinkadingazetesi.com\/index.php?rest_route=\/wp\/v2\/media\/37389"}],"wp:attachment":[{"href":"https:\/\/mersinkadingazetesi.com\/index.php?rest_route=%2Fwp%2Fv2%2Fmedia&parent=37388"}],"wp:term":[{"taxonomy":"category","embeddable":true,"href":"https:\/\/mersinkadingazetesi.com\/index.php?rest_route=%2Fwp%2Fv2%2Fcategories&post=37388"},{"taxonomy":"post_tag","embeddable":true,"href":"https:\/\/mersinkadingazetesi.com\/index.php?rest_route=%2Fwp%2Fv2%2Ftags&post=37388"}],"curies":[{"name":"wp","href":"https:\/\/api.w.org\/{rel}","templated":true}]}}