{"id":37391,"date":"2024-11-28T17:04:14","date_gmt":"2024-11-28T14:04:14","guid":{"rendered":"https:\/\/mersinkadingazetesi.com\/?p=37391"},"modified":"2024-11-28T17:04:15","modified_gmt":"2024-11-28T14:04:15","slug":"milletvekili-uysal-erdemli-ve-tarsus-ilcelerine-otizm-gunduzlu-bakim-evi-kurulmasini-istedi","status":"publish","type":"post","link":"https:\/\/mersinkadingazetesi.com\/?p=37391","title":{"rendered":"M\u0130LLETVEK\u0130L\u0130 UYSAL, ERDEML\u0130 VE TARSUS \u0130L\u00c7ELER\u0130NE OT\u0130ZM G\u00dcND\u00dcZL\u00dc BAKIM EV\u0130 KURULMASINI \u0130STED\u0130"},"content":{"rendered":"\n<p>TBMM Plan ve B\u00fct\u00e7e Komisyonunda Aile ve Sosyal Hizmetler Bakanl\u0131\u011f\u0131n\u0131n 2025 b\u00fct\u00e7e g\u00f6r\u00fc\u015fmelerinde konu\u015fan Milliyet\u00e7i Hareket Partisi Mersin Milletvekili ve MYK \u00dcyesi Dr. Levent Uysal Erdemli ve Tarsus il\u00e7elerine otizm g\u00fcnd\u00fczl\u00fc bak\u0131m evi kurulmas\u0131n\u0131 istedi.<br>Mersin\u2019de 2 adet konukevi, 2 resmi, 6 \u00f6zel olmak \u00fczere toplam 8 adet huzurevi, 1\u2019i resmi, 10\u2019u \u00f6zel olmak \u00fczere 11 engelli bak\u0131m merkezi, 2 adet \u015fiddet \u00f6nleme merkezi, 1 adet otizm g\u00fcnd\u00fczl\u00fc bak\u0131m merkezi ve 1 adet aktif ya\u015fam merkezi bulundu\u011funu ve toplamda 1200 personelin \u00e7al\u0131\u015ft\u0131\u011f\u0131n\u0131 belirten Uysal personel say\u0131s\u0131n\u0131n art\u0131r\u0131lmas\u0131n\u0131 talep etti.<br>Mersin Milletvekili Uysal, Anamur ve Tarsus \u0130l\u00e7elerinde huzurevi ve ya\u015fl\u0131 bak\u0131m merkezi, Erdemli il\u00e7esinde ise kurulmas\u0131 planlanan engelsiz ya\u015fam merkezinin yap\u0131m\u0131n\u0131n h\u0131zland\u0131r\u0131lmas\u0131n\u0131 isteyerek \u201cSay\u0131n Bakan\u0131m, Mersin\u2019imizde ya\u015fayan ya\u015f alm\u0131\u015f ve \u00f6zel bireylerimiz i\u00e7in bakanl\u0131\u011f\u0131m\u0131zdan taleplerimiz olacak. Proje a\u015famas\u0131nda olan Anamur ve Tarsus il\u00e7elerimizde ki huzurevlerimizin ve Erdemli il\u00e7emizde kurulmas\u0131 planlanan engelsiz ya\u015fam merkezlerimizin yap\u0131m\u0131n\u0131n h\u0131zland\u0131r\u0131lmas\u0131n\u0131 talep ediyoruz. Tarsus 2, Akdeniz 2 Yeni\u015fehir 1, Mezitli 1 olmak \u00fczere toplamda 6 yeni huzurevi ve ya\u015fl\u0131 bak\u0131m merkezlerinin \u015fehrimize kazand\u0131r\u0131lmas\u0131n\u0131, Erdemli ve Tarsus il\u00e7elerimize otizm g\u00fcnd\u00fczl\u00fc bak\u0131m evi merkezleri kurulmas\u0131n\u0131 istiyoruz.\u201d \u015feklinde konu\u015ftu.<br>Aile ve Sosyal Hizmetler Bakanl\u0131\u011f\u0131yla ortakla\u015fa olarak Mersin\u2019de \u2018Sosyal Sorumluluk Zirvesi\u2019 d\u00fczenlenmesini talep eden Mersin Milletvekili Dr. Levent Uysal, engelli \u00f6\u011fretmen kadro desteklerini beklediklerini vurgulad\u0131. Uysal \u201cSay\u0131n bakan\u0131m, sizde uygun g\u00f6r\u00fcrseniz, bakanl\u0131\u011f\u0131m\u0131z\u0131n i\u015f birli\u011fiyle Mersin\u2019imizde \u201csosyal sorumluluk zirvesi\u201d d\u00fczenlenmesini talep ediyor, son olarak Mersin\u2019imizde atama bekleyen engelli \u00f6\u011fretmenlerimiz i\u00e7in kadro desteklerinin art\u0131r\u0131lmas\u0131n\u0131 bekliyoruz. Te\u015fekk\u00fcr ediyor, b\u00fct\u00e7emizin hay\u0131rlara vesile olmas\u0131n\u0131 diliyorum.\u201d dedi. (Haber Merkezi)<\/p>\n\n\n\n<h3 class=\"wp-block-heading\"><\/h3>\n","protected":false},"excerpt":{"rendered":"<p>TBMM Plan ve B\u00fct\u00e7e Komisyonunda Aile ve Sosyal Hizmetler Bakanl\u0131\u011f\u0131n\u0131n 2025 b\u00fct\u00e7e g\u00f6r\u00fc\u015fmelerinde konu\u015fan Milliyet\u00e7i Hareket Partisi Mersin Milletvekili ve MYK \u00dcyesi Dr. Levent Uysal Erdemli ve Tarsus il\u00e7elerine otizm g\u00fcnd\u00fczl\u00fc bak\u0131m evi kurulmas\u0131n\u0131 istedi.Mersin\u2019de 2 adet konukevi, 2 resmi, 6 \u00f6zel olmak \u00fczere toplam 8 adet huzurevi, 1\u2019i resmi, 10\u2019u \u00f6zel olmak \u00fczere 11 [&hellip;]<\/p>\n","protected":false},"author":2,"featured_media":37074,"comment_status":"closed","ping_status":"closed","sticky":false,"template":"","format":"standard","meta":{"footnotes":""},"categories":[3],"tags":[],"class_list":["post-37391","post","type-post","status-publish","format-standard","has-post-thumbnail","hentry","category-manset"],"views":5,"_links":{"self":[{"href":"https:\/\/mersinkadingazetesi.com\/index.php?rest_route=\/wp\/v2\/posts\/37391"}],"collection":[{"href":"https:\/\/mersinkadingazetesi.com\/index.php?rest_route=\/wp\/v2\/posts"}],"about":[{"href":"https:\/\/mersinkadingazetesi.com\/index.php?rest_route=\/wp\/v2\/types\/post"}],"author":[{"embeddable":true,"href":"https:\/\/mersinkadingazetesi.com\/index.php?rest_route=\/wp\/v2\/users\/2"}],"replies":[{"embeddable":true,"href":"https:\/\/mersinkadingazetesi.com\/index.php?rest_route=%2Fwp%2Fv2%2Fcomments&post=37391"}],"version-history":[{"count":1,"href":"https:\/\/mersinkadingazetesi.com\/index.php?rest_route=\/wp\/v2\/posts\/37391\/revisions"}],"predecessor-version":[{"id":37392,"href":"https:\/\/mersinkadingazetesi.com\/index.php?rest_route=\/wp\/v2\/posts\/37391\/revisions\/37392"}],"wp:featuredmedia":[{"embeddable":true,"href":"https:\/\/mersinkadingazetesi.com\/index.php?rest_route=\/wp\/v2\/media\/37074"}],"wp:attachment":[{"href":"https:\/\/mersinkadingazetesi.com\/index.php?rest_route=%2Fwp%2Fv2%2Fmedia&parent=37391"}],"wp:term":[{"taxonomy":"category","embeddable":true,"href":"https:\/\/mersinkadingazetesi.com\/index.php?rest_route=%2Fwp%2Fv2%2Fcategories&post=37391"},{"taxonomy":"post_tag","embeddable":true,"href":"https:\/\/mersinkadingazetesi.com\/index.php?rest_route=%2Fwp%2Fv2%2Ftags&post=37391"}],"curies":[{"name":"wp","href":"https:\/\/api.w.org\/{rel}","templated":true}]}}