{"id":37427,"date":"2024-11-29T13:13:32","date_gmt":"2024-11-29T10:13:32","guid":{"rendered":"https:\/\/mersinkadingazetesi.com\/?p=37427"},"modified":"2024-11-29T13:13:32","modified_gmt":"2024-11-29T10:13:32","slug":"akdeniz-vezneleri-hafta-sonu-acik-olacak","status":"publish","type":"post","link":"https:\/\/mersinkadingazetesi.com\/?p=37427","title":{"rendered":"AKDEN\u0130Z VEZNELER\u0130 HAFTA SONU A\u00c7IK OLACAK!"},"content":{"rendered":"\n<p>Akdeniz Belediyesi, son \u00f6deme tarihi 2 Aral\u0131k 2024 olan emlak, \u00e7evre temizlik, ilan ve reklam vergilerini \u00f6demek isteyen vatanda\u015flar i\u00e7in bu hafta sonu (Cumartesi-Pazar) merkez hizmet binas\u0131 tahsilat veznelerini a\u00e7\u0131k tutacak.<\/p>\n\n\n\n<p>Akdeniz Belediyesi Mali Hizmetler M\u00fcd\u00fcrl\u00fc\u011f\u00fc\u2019nden yap\u0131lan duyuruda, 2024 y\u0131l\u0131 emlak, \u00e7evre temizlik ve ilan vergilerinde 2\u2019inci taksitin son \u00f6deme tarihinin 2 Aral\u0131k 2024 oldu\u011fu hat\u0131rlat\u0131ld\u0131. A\u00e7\u0131klamada, ad\u0131 ge\u00e7en vergilerini \u00f6demek isteyen vatanda\u015flar\u0131n cezal\u0131 duruma d\u00fc\u015ferek ma\u011fdur olmamas\u0131 ve gecikme faizi ile kar\u015f\u0131la\u015fmamas\u0131 amac\u0131yla da 30 Kas\u0131m Cumartesi ile 1 Aral\u0131k Pazar g\u00fcnleri 09.00-15.00 saatleri aras\u0131nda merkez hizmet binas\u0131 veznelerinin a\u00e7\u0131k olaca\u011f\u0131 ve vatanda\u015flara hizmet verece\u011fi duyuruldu.<\/p>\n\n\n\n<p>Mali Hizmetler M\u00fcd\u00fcrl\u00fc\u011f\u00fc\u2019n\u00fcn a\u00e7\u0131klamas\u0131nda; vergi m\u00fckellefi vatanda\u015flar\u0131n \u00f6zellikle gecikme faizine maruz kalmamas\u0131 i\u00e7in s\u00f6z konusu \u00f6demelerini son g\u00fcne b\u0131rakmamalar\u0131n\u0131 istendi; veznelerde yo\u011funluk olu\u015fmamas\u0131 amac\u0131yla da 2024 y\u0131l\u0131 son taksit \u00f6demesi i\u00e7in merkez bina tahsilat veznelerinin bu hafta sonu a\u00e7\u0131k tutulaca\u011f\u0131 kaydedildi.<\/p>\n","protected":false},"excerpt":{"rendered":"<p>Akdeniz Belediyesi, son \u00f6deme tarihi 2 Aral\u0131k 2024 olan emlak, \u00e7evre temizlik, ilan ve reklam vergilerini \u00f6demek isteyen vatanda\u015flar i\u00e7in bu hafta sonu (Cumartesi-Pazar) merkez hizmet binas\u0131 tahsilat veznelerini a\u00e7\u0131k tutacak. Akdeniz Belediyesi Mali Hizmetler M\u00fcd\u00fcrl\u00fc\u011f\u00fc\u2019nden yap\u0131lan duyuruda, 2024 y\u0131l\u0131 emlak, \u00e7evre temizlik ve ilan vergilerinde 2\u2019inci taksitin son \u00f6deme tarihinin 2 Aral\u0131k 2024 oldu\u011fu [&hellip;]<\/p>\n","protected":false},"author":2,"featured_media":37424,"comment_status":"closed","ping_status":"closed","sticky":false,"template":"","format":"standard","meta":{"footnotes":""},"categories":[3],"tags":[],"class_list":["post-37427","post","type-post","status-publish","format-standard","has-post-thumbnail","hentry","category-manset"],"views":5,"_links":{"self":[{"href":"https:\/\/mersinkadingazetesi.com\/index.php?rest_route=\/wp\/v2\/posts\/37427"}],"collection":[{"href":"https:\/\/mersinkadingazetesi.com\/index.php?rest_route=\/wp\/v2\/posts"}],"about":[{"href":"https:\/\/mersinkadingazetesi.com\/index.php?rest_route=\/wp\/v2\/types\/post"}],"author":[{"embeddable":true,"href":"https:\/\/mersinkadingazetesi.com\/index.php?rest_route=\/wp\/v2\/users\/2"}],"replies":[{"embeddable":true,"href":"https:\/\/mersinkadingazetesi.com\/index.php?rest_route=%2Fwp%2Fv2%2Fcomments&post=37427"}],"version-history":[{"count":1,"href":"https:\/\/mersinkadingazetesi.com\/index.php?rest_route=\/wp\/v2\/posts\/37427\/revisions"}],"predecessor-version":[{"id":37428,"href":"https:\/\/mersinkadingazetesi.com\/index.php?rest_route=\/wp\/v2\/posts\/37427\/revisions\/37428"}],"wp:featuredmedia":[{"embeddable":true,"href":"https:\/\/mersinkadingazetesi.com\/index.php?rest_route=\/wp\/v2\/media\/37424"}],"wp:attachment":[{"href":"https:\/\/mersinkadingazetesi.com\/index.php?rest_route=%2Fwp%2Fv2%2Fmedia&parent=37427"}],"wp:term":[{"taxonomy":"category","embeddable":true,"href":"https:\/\/mersinkadingazetesi.com\/index.php?rest_route=%2Fwp%2Fv2%2Fcategories&post=37427"},{"taxonomy":"post_tag","embeddable":true,"href":"https:\/\/mersinkadingazetesi.com\/index.php?rest_route=%2Fwp%2Fv2%2Ftags&post=37427"}],"curies":[{"name":"wp","href":"https:\/\/api.w.org\/{rel}","templated":true}]}}