{"id":37435,"date":"2024-12-01T10:13:56","date_gmt":"2024-12-01T07:13:56","guid":{"rendered":"https:\/\/mersinkadingazetesi.com\/?p=37435"},"modified":"2024-12-01T10:13:56","modified_gmt":"2024-12-01T07:13:56","slug":"kariyer-merkezinden-kariyer-planlama-egitimi","status":"publish","type":"post","link":"https:\/\/mersinkadingazetesi.com\/?p=37435","title":{"rendered":"KAR\u0130YER MERKEZ\u0130&#8217;NDEN KAR\u0130YER PLANLAMA E\u011e\u0130T\u0130M\u0130"},"content":{"rendered":"\n<p>Mersin B\u00fcy\u00fck\u015fehir Belediyesi Kariyer Merkezi yetkilileri, Bah\u00e7e\u015fehir Koleji&#8217;nin MASTER6 Program\u0131 Mesleki G\u00f6zlem Mod\u00fcl\u00fc kapsam\u0131nda d\u00fczenlenen&nbsp;<strong><em>&#8216;Do\u011fru Kariyer Planlama Nas\u0131l Yap\u0131l\u0131r?&#8217;<\/em><\/strong>&nbsp;etkinli\u011finde, \u00f6\u011frencilerle bir araya geldi. Kariyer Merkezi, gen\u00e7lere do\u011fru meslek se\u00e7imlerinin \u00f6nemini anlatarak, gelece\u011fin profesyonellerine rehberlik ediyor.<\/p>\n\n\n\n<p>Kariyer Merkezi dan\u0131\u015fmanlar\u0131ndan Rukiye G\u00fcnay O\u011fuz taraf\u0131ndan ger\u00e7ekle\u015ftirilen sunumda; kariyer planlamas\u0131n\u0131n \u00f6nemi ve a\u015famalar\u0131, do\u011fru meslek se\u00e7imi, yanl\u0131\u015f meslek se\u00e7iminin olumsuz etkileri gibi konular ele al\u0131nd\u0131. \u00d6\u011frenciler ise kariyer yolculuklar\u0131n\u0131n temel ta\u015flar\u0131n\u0131 olu\u015fturan bu de\u011ferli bilgilerle bulu\u015farak, kendi potansiyellerini daha iyi ke\u015ffetme imkan\u0131 buldu.<\/p>\n\n\n\n<p><strong>Kariyer Planlama Semineri&#8217;ne \u00f6\u011frencilerden yo\u011fun ilgi<\/strong><\/p>\n\n\n\n<p>Kariyer Merkezi&#8217;nin gen\u00e7lere sundu\u011fu rehberlik hizmetleri, \u00f6\u011frencilerin kariyer yolculuklar\u0131nda daha bilin\u00e7li ve donan\u0131ml\u0131 bireyler olarak ilerlemelerine katk\u0131 sa\u011fl\u0131yor. Mersin B\u00fcy\u00fck\u015fehir Belediyesi Kariyer Merkezi; gen\u00e7lerin gelece\u011fe g\u00fc\u00e7l\u00fc ad\u0131mlarla ilerlemelerine destek olmay\u0131 s\u00fcrd\u00fcr\u00fcrken, Bah\u00e7e\u015fehir Koleji&#8217;nde ger\u00e7ekle\u015ftirilen etkinli\u011fe \u00f6\u011frenciler yo\u011fun ilgi g\u00f6sterdi.<\/p>\n\n\n\n<p>Bah\u00e7e\u015fehir Koleji Mersin Kamp\u00fcs\u00fc Kurumsal \u0130leti\u015fim M\u00fcd\u00fcr\u00fc \u00d6zlem Bora; Mersin B\u00fcy\u00fck\u015fehir Belediyesi Kariyer Merkezi&#8217;ni ziyaret ederek, lise \u00f6\u011frencilerinin kariyer tasar\u0131mlar\u0131na destek sunmak amac\u0131yla 5 etaptan olu\u015fan e\u011fitim program\u0131n\u0131n ilkini tamamlad\u0131klar\u0131n\u0131 belirtti. Bora, \u00f6\u011frencilere vizyon kazanmada destekleri ve k\u0131ymetli payla\u015f\u0131mlar\u0131 i\u00e7in, B\u00fcy\u00fck\u015fehir Kariyer Merkezi dan\u0131\u015fmanlar\u0131na te\u015fekk\u00fcrlerini sundu.<\/p>\n\n\n\n<p><strong>\u00d6zada: &#8220;Meslek se\u00e7imi, gen\u00e7lerin gelece\u011fini \u015fekillendiren en \u00f6nemli kararlardan biridir&#8221;<\/strong><\/p>\n\n\n\n<p>Etkinlik kapsam\u0131nda a\u00e7\u0131klamalarda bulunan Mersin B\u00fcy\u00fck\u015fehir Belediyesi Kariyer Merkezi M\u00fcd\u00fcr\u00fc Serkan \u00d6zada; do\u011fru meslek se\u00e7iminin, gen\u00e7lerin gelece\u011fini \u015fekillendiren en \u00f6nemli kararlardan biri oldu\u011funu vurgulayarak,&nbsp;<strong>&#8220;Gen\u00e7lerin do\u011fru meslek se\u00e7imleri yaparak kendi potansiyellerini ke\u015ffetmeleri ve i\u015f d\u00fcnyas\u0131n\u0131n ihtiya\u00e7 duydu\u011fu niteliklere sahip olmalar\u0131 kritik \u00f6nem ta\u015f\u0131yor. Kariyer Merkezi olarak, bu s\u00fcre\u00e7te rehberlik sunmaya ve gen\u00e7lerimizi desteklemeye devam edece\u011fiz&#8221;<\/strong>&nbsp;dedi.<\/p>\n\n\n\n<p>Pandemiyle birlikte i\u015f d\u00fcnyas\u0131n\u0131n b\u00fcy\u00fck bir dijital d\u00f6n\u00fc\u015f\u00fcm s\u00fcreci ya\u015fad\u0131\u011f\u0131n\u0131 hat\u0131rlatan \u00d6zada, gelece\u011fin mesleklerinin de bu ba\u011flamda yeniden \u015fekillendi\u011fine dikkat \u00e7ekti. Bu d\u00f6n\u00fc\u015f\u00fcmde i\u015f d\u00fcnyas\u0131n\u0131n bekledi\u011fi yetkinliklerin de\u011fi\u015fti\u011fini ifade eden \u00d6zada, gen\u00e7lerin \u00f6\u011frencilik d\u00f6nemlerinde bu fark\u0131ndal\u0131\u011fa sahip olmalar\u0131 i\u00e7in \u00e7al\u0131\u015fmalar\u0131n\u0131 s\u00fcrd\u00fcreceklerini belirtti.<\/p>\n","protected":false},"excerpt":{"rendered":"<p>Mersin B\u00fcy\u00fck\u015fehir Belediyesi Kariyer Merkezi yetkilileri, Bah\u00e7e\u015fehir Koleji&#8217;nin MASTER6 Program\u0131 Mesleki G\u00f6zlem Mod\u00fcl\u00fc kapsam\u0131nda d\u00fczenlenen&nbsp;&#8216;Do\u011fru Kariyer Planlama Nas\u0131l Yap\u0131l\u0131r?&#8217;&nbsp;etkinli\u011finde, \u00f6\u011frencilerle bir araya geldi. Kariyer Merkezi, gen\u00e7lere do\u011fru meslek se\u00e7imlerinin \u00f6nemini anlatarak, gelece\u011fin profesyonellerine rehberlik ediyor. Kariyer Merkezi dan\u0131\u015fmanlar\u0131ndan Rukiye G\u00fcnay O\u011fuz taraf\u0131ndan ger\u00e7ekle\u015ftirilen sunumda; kariyer planlamas\u0131n\u0131n \u00f6nemi ve a\u015famalar\u0131, do\u011fru meslek se\u00e7imi, yanl\u0131\u015f meslek se\u00e7iminin [&hellip;]<\/p>\n","protected":false},"author":2,"featured_media":37436,"comment_status":"closed","ping_status":"closed","sticky":false,"template":"","format":"standard","meta":{"footnotes":""},"categories":[3],"tags":[],"class_list":["post-37435","post","type-post","status-publish","format-standard","has-post-thumbnail","hentry","category-manset"],"views":7,"_links":{"self":[{"href":"https:\/\/mersinkadingazetesi.com\/index.php?rest_route=\/wp\/v2\/posts\/37435"}],"collection":[{"href":"https:\/\/mersinkadingazetesi.com\/index.php?rest_route=\/wp\/v2\/posts"}],"about":[{"href":"https:\/\/mersinkadingazetesi.com\/index.php?rest_route=\/wp\/v2\/types\/post"}],"author":[{"embeddable":true,"href":"https:\/\/mersinkadingazetesi.com\/index.php?rest_route=\/wp\/v2\/users\/2"}],"replies":[{"embeddable":true,"href":"https:\/\/mersinkadingazetesi.com\/index.php?rest_route=%2Fwp%2Fv2%2Fcomments&post=37435"}],"version-history":[{"count":1,"href":"https:\/\/mersinkadingazetesi.com\/index.php?rest_route=\/wp\/v2\/posts\/37435\/revisions"}],"predecessor-version":[{"id":37437,"href":"https:\/\/mersinkadingazetesi.com\/index.php?rest_route=\/wp\/v2\/posts\/37435\/revisions\/37437"}],"wp:featuredmedia":[{"embeddable":true,"href":"https:\/\/mersinkadingazetesi.com\/index.php?rest_route=\/wp\/v2\/media\/37436"}],"wp:attachment":[{"href":"https:\/\/mersinkadingazetesi.com\/index.php?rest_route=%2Fwp%2Fv2%2Fmedia&parent=37435"}],"wp:term":[{"taxonomy":"category","embeddable":true,"href":"https:\/\/mersinkadingazetesi.com\/index.php?rest_route=%2Fwp%2Fv2%2Fcategories&post=37435"},{"taxonomy":"post_tag","embeddable":true,"href":"https:\/\/mersinkadingazetesi.com\/index.php?rest_route=%2Fwp%2Fv2%2Ftags&post=37435"}],"curies":[{"name":"wp","href":"https:\/\/api.w.org\/{rel}","templated":true}]}}