{"id":37441,"date":"2024-12-01T10:16:44","date_gmt":"2024-12-01T07:16:44","guid":{"rendered":"https:\/\/mersinkadingazetesi.com\/?p=37441"},"modified":"2024-12-01T10:16:44","modified_gmt":"2024-12-01T07:16:44","slug":"tarimin-gelecegi-tarsusta-tartisildi-uluslararasi-calistay-yogun-ilgi-gordu","status":"publish","type":"post","link":"https:\/\/mersinkadingazetesi.com\/?p=37441","title":{"rendered":"TARIMIN GELECE\u011e\u0130 TARSUS\u2019TA TARTI\u015eILDI: ULUSLARARASI \u00c7ALI\u015eTAY YO\u011eUN \u0130LG\u0130 G\u00d6RD\u00dc"},"content":{"rendered":"\n<p>Tarsus Belediyesi taraf\u0131ndan d\u00fczenlenen \u201cUluslararas\u0131 Tar\u0131m \u00c7al\u0131\u015ftay\u0131\u201d 2 g\u00fcn s\u00fcren verimli bir program\u0131n ard\u0131ndan sona erdi. Yo\u011fun kat\u0131l\u0131mla ger\u00e7ekle\u015fen \u00e7al\u0131\u015ftayda, tar\u0131m sekt\u00f6r\u00fcn\u00fcn s\u00fcrd\u00fcr\u00fclebilir \u00e7\u00f6z\u00fcmlerle korunmas\u0131 ve gelece\u011fe y\u00f6nelik somut ad\u0131mlar at\u0131lmas\u0131 amac\u0131yla \u00f6nemli ba\u015fl\u0131klar ele al\u0131nd\u0131.<\/p>\n\n\n\n<p>Tarsus Belediyesi Tar\u0131msal Hizmetler M\u00fcd\u00fcrl\u00fc\u011f\u00fc koordinesinde d\u00fczenlenen Uluslararas\u0131 Tar\u0131m \u00c7al\u0131\u015ftay\u0131\u2019n\u0131n birinci g\u00fcn\u00fcnde, \u201cTar\u0131msal Kalk\u0131nma ve Kooperatif\u00e7ilik\u201d, \u201cTar\u0131mda Yenilik\u00e7i Uygulamalar ve Ara\u015ft\u0131rmalar\u201d ile \u201cBitki Sa\u011fl\u0131\u011f\u0131 ve Tar\u0131m- S\u00fcrd\u00fcr\u00fclebilir \u00c7\u00f6z\u00fcmlerle Gelece\u011fi \u015eekillendirmek\u201d gibi konular detayl\u0131 bir \u015fekilde ele al\u0131nd\u0131. \u00c7al\u0131\u015ftay\u0131n ikinci g\u00fcn\u00fcnde ise, \u201cTar\u0131m\u0131n Gelece\u011fi\u201d, \u201cTopraktan Sofraya S\u00fcrd\u00fcr\u00fclebilir Tar\u0131m\u201d ve \u201cNaturel S\u0131zma Zeytinya\u011f\u0131 Tad\u0131m\u0131 E\u011fitimine Giri\u015f\u201d gibi ba\u015fl\u0131klarla kat\u0131l\u0131mc\u0131lara de\u011ferli bilgiler aktar\u0131ld\u0131.<\/p>\n\n\n\n<p><strong>TARIMDA S\u00dcRD\u00dcR\u00dcLEB\u0130L\u0130R UYGULAMALARIN \u00d6NEM\u0130N\u0130 VURGULANDI<\/strong><\/p>\n\n\n\n<p>Alan\u0131nda uzman akademisyenler, giri\u015fimciler ve tar\u0131msal kalk\u0131nma alan\u0131nda \u00f6nemli isimler, sekt\u00f6rdeki mevcut durumu masaya yat\u0131rarak, kat\u0131l\u0131mc\u0131lara gelece\u011fe y\u00f6nelik perspektifler sundu. Tar\u0131mda s\u00fcrd\u00fcr\u00fclebilir uygulamalar\u0131n \u00f6nemi vurgulan\u0131rken, topra\u011f\u0131n korunmas\u0131n\u0131n gelecek nesiller i\u00e7in hayati oldu\u011fu dile getirildi.<\/p>\n\n\n\n<p>\u00c7al\u0131\u015ftay, kat\u0131l\u0131mc\u0131lar\u0131n aktif kat\u0131l\u0131m\u0131yla sona ererken, etkinlikte haz\u0131rlanan sonu\u00e7 raporu, tar\u0131m sekt\u00f6r\u00fcn\u00fcn geli\u015fimine y\u00f6nelik \u00f6nemli ad\u0131mlar\u0131n at\u0131lmas\u0131na zemin haz\u0131rlad\u0131.<\/p>\n","protected":false},"excerpt":{"rendered":"<p>Tarsus Belediyesi taraf\u0131ndan d\u00fczenlenen \u201cUluslararas\u0131 Tar\u0131m \u00c7al\u0131\u015ftay\u0131\u201d 2 g\u00fcn s\u00fcren verimli bir program\u0131n ard\u0131ndan sona erdi. Yo\u011fun kat\u0131l\u0131mla ger\u00e7ekle\u015fen \u00e7al\u0131\u015ftayda, tar\u0131m sekt\u00f6r\u00fcn\u00fcn s\u00fcrd\u00fcr\u00fclebilir \u00e7\u00f6z\u00fcmlerle korunmas\u0131 ve gelece\u011fe y\u00f6nelik somut ad\u0131mlar at\u0131lmas\u0131 amac\u0131yla \u00f6nemli ba\u015fl\u0131klar ele al\u0131nd\u0131. Tarsus Belediyesi Tar\u0131msal Hizmetler M\u00fcd\u00fcrl\u00fc\u011f\u00fc koordinesinde d\u00fczenlenen Uluslararas\u0131 Tar\u0131m \u00c7al\u0131\u015ftay\u0131\u2019n\u0131n birinci g\u00fcn\u00fcnde, \u201cTar\u0131msal Kalk\u0131nma ve Kooperatif\u00e7ilik\u201d, \u201cTar\u0131mda Yenilik\u00e7i Uygulamalar [&hellip;]<\/p>\n","protected":false},"author":2,"featured_media":37442,"comment_status":"closed","ping_status":"closed","sticky":false,"template":"","format":"standard","meta":{"footnotes":""},"categories":[3],"tags":[],"class_list":["post-37441","post","type-post","status-publish","format-standard","has-post-thumbnail","hentry","category-manset"],"views":4,"_links":{"self":[{"href":"https:\/\/mersinkadingazetesi.com\/index.php?rest_route=\/wp\/v2\/posts\/37441"}],"collection":[{"href":"https:\/\/mersinkadingazetesi.com\/index.php?rest_route=\/wp\/v2\/posts"}],"about":[{"href":"https:\/\/mersinkadingazetesi.com\/index.php?rest_route=\/wp\/v2\/types\/post"}],"author":[{"embeddable":true,"href":"https:\/\/mersinkadingazetesi.com\/index.php?rest_route=\/wp\/v2\/users\/2"}],"replies":[{"embeddable":true,"href":"https:\/\/mersinkadingazetesi.com\/index.php?rest_route=%2Fwp%2Fv2%2Fcomments&post=37441"}],"version-history":[{"count":1,"href":"https:\/\/mersinkadingazetesi.com\/index.php?rest_route=\/wp\/v2\/posts\/37441\/revisions"}],"predecessor-version":[{"id":37443,"href":"https:\/\/mersinkadingazetesi.com\/index.php?rest_route=\/wp\/v2\/posts\/37441\/revisions\/37443"}],"wp:featuredmedia":[{"embeddable":true,"href":"https:\/\/mersinkadingazetesi.com\/index.php?rest_route=\/wp\/v2\/media\/37442"}],"wp:attachment":[{"href":"https:\/\/mersinkadingazetesi.com\/index.php?rest_route=%2Fwp%2Fv2%2Fmedia&parent=37441"}],"wp:term":[{"taxonomy":"category","embeddable":true,"href":"https:\/\/mersinkadingazetesi.com\/index.php?rest_route=%2Fwp%2Fv2%2Fcategories&post=37441"},{"taxonomy":"post_tag","embeddable":true,"href":"https:\/\/mersinkadingazetesi.com\/index.php?rest_route=%2Fwp%2Fv2%2Ftags&post=37441"}],"curies":[{"name":"wp","href":"https:\/\/api.w.org\/{rel}","templated":true}]}}