{"id":37447,"date":"2024-12-01T10:21:47","date_gmt":"2024-12-01T07:21:47","guid":{"rendered":"https:\/\/mersinkadingazetesi.com\/?p=37447"},"modified":"2024-12-01T10:21:47","modified_gmt":"2024-12-01T07:21:47","slug":"rosatom-29-bm-iklim-degisikligi-konferansina-katildi","status":"publish","type":"post","link":"https:\/\/mersinkadingazetesi.com\/?p=37447","title":{"rendered":"Rosatom 29. BM \u0130klim De\u011fi\u015fikli\u011fi Konferans\u0131na kat\u0131ld\u0131"},"content":{"rendered":"\n<p><em>Rusya Devlet N\u00fckleer Enerji Kurulu\u015fu Rosatom, iklim hedeflerine ula\u015fmak i\u00e7in d\u00fc\u015f\u00fck karbonlu \u00fcretimi geli\u015ftirmenin \u00f6nemine ili\u015fkin vizyonunu payla\u015ft\u0131.<\/em><\/p>\n\n\n\n<p>Rosatom temsilcileri, bu y\u0131l Bak\u00fc&#8217;de d\u00fczenlenen 29. BM \u0130klim De\u011fi\u015fikli\u011fi Konferans\u0131 (COP29) \u00e7al\u0131\u015fmalar\u0131na kat\u0131ld\u0131.<\/p>\n\n\n\n<p>COP29&#8217;da Rosatom&#8217;un ana konu\u015fmac\u0131lar\u0131n aras\u0131nda Kalk\u0131nma ve Uluslararas\u0131 \u0130\u015f Geli\u015ftirmeden Sorumlu Birinci Genel M\u00fcd\u00fcr Yard\u0131mc\u0131s\u0131&nbsp;Kirill Komarov, \u0130nsan Kaynaklar\u0131 Genel M\u00fcd\u00fcr Yard\u0131mc\u0131s\u0131 Tatyana Terentyeva, Rosatom S\u00fcrd\u00fcr\u00fclebilir Kalk\u0131nma Departman\u0131 Direkt\u00f6r\u00fc Polina Lyon ve Rusatom Uluslararas\u0131 A\u011f \u015eirketi\u2019nin Genel M\u00fcd\u00fcr\u00fc Vadim Titov&nbsp;yer ald\u0131.<\/p>\n\n\n\n<p>Rosatom temsilcileri konu\u015fmalar\u0131nda n\u00fckleer enerjinin iklim g\u00fcndemi a\u00e7\u0131s\u0131ndan \u00f6neminin yan\u0131 s\u0131ra, son \u00fc\u00e7 y\u0131lda bu konuya kamuoyu ilgisinin ciddi oranda artt\u0131\u011f\u0131na da de\u011findi. Rosatom Rusya&#8217;da ve uluslararas\u0131 pazarlarda d\u00fc\u015f\u00fck karbonlu \u00fcretimin geli\u015ftirilmesi, \u201cye\u015fil d\u00fczenlemelerin\u201d olu\u015fturulmas\u0131 ve bilimsel ve e\u011fitim alanlar\u0131nda uluslararas\u0131 i\u015f birli\u011finin geni\u015fletilmesine y\u00f6nelik vizyonunu \u00f6zetledi. N\u00fckleer konulara ek olarak, Rosatom temsilcileri r\u00fczg\u00e2r santralleri, enerji depolama, elektrikli mobilite ve \u00e7ok daha fazlas\u0131 gibi di\u011fer ye\u015fil enerji \u00e7\u00f6z\u00fcmleri hakk\u0131nda da konu\u015ftu.<\/p>\n\n\n\n<p>N\u00fckleer enerjinin ye\u015fil enerjiye ge\u00e7i\u015fteki rol\u00fcn\u00fcn hem d\u00fcnyada hem de Rusya&#8217;da g\u00fc\u00e7lenmeye devam etti\u011fini kaydeden Rosatom Kalk\u0131nma ve Uluslararas\u0131 \u0130\u015f Geli\u015ftirmeden Sorumlu Birinci Genel M\u00fcd\u00fcr Yard\u0131mc\u0131s\u0131&nbsp;Kirill Komarov, <em>\u201cN\u00fckleer g\u00fc\u00e7 santralleri yaln\u0131zca d\u00fc\u015f\u00fck karbonlu enerji tedariki sa\u011flamakla kalm\u0131yor, ayn\u0131 zamanda enerji g\u00fcvenli\u011fi de sa\u011fl\u0131yor. Onlarca y\u0131ld\u0131r \u00f6ng\u00f6r\u00fclebilen kilovatsaat ba\u015f\u0131na maliyetleriyle g\u00fcvenilir elektrik kaynaklar\u0131 olma \u00f6zelli\u011fini ta\u015f\u0131yorlar. Rosatom d\u00fcnyan\u0131n bir\u00e7ok b\u00f6lgesinde n\u00fckleer teknolojilere olan talebi g\u00f6r\u00fcyor ve giderek daha fazla \u00fclke n\u00fckleer enerji \u00fcretimi yapmaya ba\u015flamaya veya enerji kar\u0131\u015f\u0131m\u0131ndaki pay\u0131n\u0131 geni\u015fletmeye \u00e7al\u0131\u015f\u0131yor. N\u00fckleer enerji \u00fcretim hacminin artt\u0131r\u0131lmas\u0131na, b\u00fcy\u00fck ve k\u00fc\u00e7\u00fck enerji santralleri i\u00e7in gerekli miktarda kilit ekipman, personel e\u011fitimi ve finans sekt\u00f6r\u00fcnden destek sa\u011flamak i\u00e7in \u00fcretim temelin buna uygun olarak geli\u015ftirilmesi e\u015flik etmeli. B\u00fct\u00fcn bunlar devletlerin ve i\u015f d\u00fcnyas\u0131n\u0131n ortak \u00e7abas\u0131n\u0131 gerektiriyor\u201d<\/em> dedi.<\/p>\n\n\n\n<p>Rosatom\u2019un \u00fcst \u00fcste 4 y\u0131ld\u0131r BM iklim konferans\u0131na kat\u0131ld\u0131\u011f\u0131n\u0131 ve k\u00fcresel enerji ge\u00e7i\u015finin bir par\u00e7as\u0131 olarak n\u00fckleer enerjiyi destekledi\u011fini belirten Rosatom S\u00fcrd\u00fcr\u00fclebilir Kalk\u0131nma Departman\u0131 Direkt\u00f6r\u00fc Polina Lyon da \u015funlar\u0131 kaydetti: \u201c<em>Bak\u00fc&#8217;deki COP29&#8217;da iyi bir \u00e7al\u0131\u015fma atmosferi vard\u0131. Farkl\u0131 \u00fclkelerden meslekta\u015flar n\u00fckleer enerjiyle aktif olarak ilgilendiler ve n\u00fckleer end\u00fcstriye y\u00f6nelik ye\u015fil d\u00fczenlemeyi tart\u0131\u015ft\u0131lar. Bu nedenle COP29 bizim i\u00e7in \u00f6zellikle yararl\u0131yd\u0131, hatta belki \u00f6ncekilerden daha etkiliydi.\u201d<\/em><\/p>\n\n\n\n<p>Toplant\u0131lar kapsam\u0131nda ayr\u0131ca Rosatom ve t\u00fcm k\u00fcresel n\u00fckleer end\u00fcstrinin \u00e7al\u0131\u015fmalar\u0131 sayesinde, n\u00fckleer enerjinin faydalar\u0131na ili\u015fkin fark\u0131ndal\u0131\u011f\u0131n art\u0131k \u00f6nemli \u00f6l\u00e7\u00fcde artt\u0131\u011f\u0131 ve gelece\u011fin \u00f6nemli bir ye\u015fil enerji teknolojisi olarak rol\u00fcn\u00fcn tan\u0131nmas\u0131n\u0131n artt\u0131\u011f\u0131 kaydedildi.<\/p>\n\n\n\n<p>Rosatom&#8217;un konferans alan\u0131ndaki \u00e7al\u0131\u015fmalar\u0131n\u0131n \u00f6nceliklerinden biri de geleneksel olarak n\u00fckleer e\u011fitim alan\u0131nda i\u015f birli\u011fi fikirlerinin desteklenmesi ve n\u00fckleer teknolojileri destekleyen gen\u00e7 profesyonellerin giri\u015fimlerinin desteklenmesi oldu. Bu kapsamda n\u00fckleer enerjinin gelece\u011finin tart\u0131\u015f\u0131laca\u011f\u0131 bir gen\u00e7lik platformunun geli\u015ftirilmesine y\u00f6nelik bir giri\u015fim de duyuruldu.<\/p>\n\n\n\n<p>Rosatom&#8217;un katk\u0131 sundu\u011fu bir di\u011fer \u00f6nemli ba\u015fl\u0131k da hassas Kuzey Kutbu ekosisteminin korunmas\u0131yd\u0131. Bu kapsamda uluslararas\u0131 kurulu\u015f \u201cKuzey Forumu\u201dnun Arktik pavyonunda, Kuzey Denizi Rotas\u0131 sular\u0131na y\u00f6nelik bir \u00e7evresel izleme program\u0131 sunuldu. Program, 2021 y\u0131l\u0131ndan bu yana Rosatom ve Moskova MV Lomonosov Devlet \u00dcniversitesi Deniz Ara\u015ft\u0131rma Merkezi taraf\u0131ndan uygulanmaya devam ediliyor.<\/p>\n\n\n\n<p><\/p>\n","protected":false},"excerpt":{"rendered":"<p>Rusya Devlet N\u00fckleer Enerji Kurulu\u015fu Rosatom, iklim hedeflerine ula\u015fmak i\u00e7in d\u00fc\u015f\u00fck karbonlu \u00fcretimi geli\u015ftirmenin \u00f6nemine ili\u015fkin vizyonunu payla\u015ft\u0131. Rosatom temsilcileri, bu y\u0131l Bak\u00fc&#8217;de d\u00fczenlenen 29. BM \u0130klim De\u011fi\u015fikli\u011fi Konferans\u0131 (COP29) \u00e7al\u0131\u015fmalar\u0131na kat\u0131ld\u0131. COP29&#8217;da Rosatom&#8217;un ana konu\u015fmac\u0131lar\u0131n aras\u0131nda Kalk\u0131nma ve Uluslararas\u0131 \u0130\u015f Geli\u015ftirmeden Sorumlu Birinci Genel M\u00fcd\u00fcr Yard\u0131mc\u0131s\u0131&nbsp;Kirill Komarov, \u0130nsan Kaynaklar\u0131 Genel M\u00fcd\u00fcr Yard\u0131mc\u0131s\u0131 Tatyana Terentyeva, [&hellip;]<\/p>\n","protected":false},"author":2,"featured_media":37448,"comment_status":"closed","ping_status":"closed","sticky":false,"template":"","format":"standard","meta":{"footnotes":""},"categories":[3,11],"tags":[],"class_list":["post-37447","post","type-post","status-publish","format-standard","has-post-thumbnail","hentry","category-manset","category-teknoloji"],"views":7,"_links":{"self":[{"href":"https:\/\/mersinkadingazetesi.com\/index.php?rest_route=\/wp\/v2\/posts\/37447"}],"collection":[{"href":"https:\/\/mersinkadingazetesi.com\/index.php?rest_route=\/wp\/v2\/posts"}],"about":[{"href":"https:\/\/mersinkadingazetesi.com\/index.php?rest_route=\/wp\/v2\/types\/post"}],"author":[{"embeddable":true,"href":"https:\/\/mersinkadingazetesi.com\/index.php?rest_route=\/wp\/v2\/users\/2"}],"replies":[{"embeddable":true,"href":"https:\/\/mersinkadingazetesi.com\/index.php?rest_route=%2Fwp%2Fv2%2Fcomments&post=37447"}],"version-history":[{"count":1,"href":"https:\/\/mersinkadingazetesi.com\/index.php?rest_route=\/wp\/v2\/posts\/37447\/revisions"}],"predecessor-version":[{"id":37449,"href":"https:\/\/mersinkadingazetesi.com\/index.php?rest_route=\/wp\/v2\/posts\/37447\/revisions\/37449"}],"wp:featuredmedia":[{"embeddable":true,"href":"https:\/\/mersinkadingazetesi.com\/index.php?rest_route=\/wp\/v2\/media\/37448"}],"wp:attachment":[{"href":"https:\/\/mersinkadingazetesi.com\/index.php?rest_route=%2Fwp%2Fv2%2Fmedia&parent=37447"}],"wp:term":[{"taxonomy":"category","embeddable":true,"href":"https:\/\/mersinkadingazetesi.com\/index.php?rest_route=%2Fwp%2Fv2%2Fcategories&post=37447"},{"taxonomy":"post_tag","embeddable":true,"href":"https:\/\/mersinkadingazetesi.com\/index.php?rest_route=%2Fwp%2Fv2%2Ftags&post=37447"}],"curies":[{"name":"wp","href":"https:\/\/api.w.org\/{rel}","templated":true}]}}