{"id":37450,"date":"2024-12-01T10:23:56","date_gmt":"2024-12-01T07:23:56","guid":{"rendered":"https:\/\/mersinkadingazetesi.com\/?p=37450"},"modified":"2024-12-01T10:23:56","modified_gmt":"2024-12-01T07:23:56","slug":"deva-partili-ekmen-atv-neden-dokunulmazdir","status":"publish","type":"post","link":"https:\/\/mersinkadingazetesi.com\/?p=37450","title":{"rendered":"DEVA Partili Ekmen: ATV neden dokunulmazd\u0131r?\u00a0"},"content":{"rendered":"\n<figure class=\"wp-block-table\"><table class=\"has-fixed-layout\"><tbody><tr><td><strong>DEVA Partisi Genel Ba\u015fkan Yard\u0131mc\u0131s\u0131 Mehmet Emin Ekmen, Aile Bakanl\u0131\u011f\u0131n\u0131<\/strong><strong>n 2025 b<\/strong><strong>\u00fct\u00e7e g<\/strong><strong>\u00f6<\/strong><strong>r\u00fc\u015fmelerinde ba\u015fta ATV olmak \u00fczere iktidar medyas\u0131nda gayri ahlaki yay\u0131n yapan sabah ku\u015fa\u011f\u0131 programlar\u0131n\u0131 g\u00fcndeme ta\u015f\u0131d\u0131.&nbsp;<\/strong><strong>&nbsp;<\/strong><strong>Aile ve Sosyal Hizmetler Bakan\u0131 Mahinur \u00d6zdemir G<\/strong><strong>\u00f6<\/strong><strong>kta\u015f\u2019a \u201cyerli ve mill\u00ee medyan\u0131n ko\u00e7ba\u015f\u0131\u201d ATV&#8217;nin sabah ku\u015fa\u011f\u0131 programlar\u0131n\u0131 izleyip izlemedi\u011fini soran Ekmen, RT<\/strong><strong>\u00dc<\/strong><strong>K\u2019\u00fcn neden harekete ge\u00e7<\/strong><strong>medi<\/strong><strong>\u011finin alt\u0131n\u0131 \u00e7izerek,&nbsp;<\/strong><strong>\u201c<\/strong><strong>ATV nas\u0131l bir dokunulmazl\u0131<\/strong><strong>k z<\/strong><strong>\u0131rh\u0131 i\u00e7erisinde RT<\/strong><strong>\u00dc<\/strong><strong>K&#8217;\u00fcn denetimlerinden kurtuluyor?\u201d diye sordu.<\/strong>&nbsp;DEVA Partisi Genel Ba\u015fkan Yard\u0131mc\u0131s\u0131 ve Mersin Milletvekili Mehmet Emin Ekmen, T\u00fcrkiye B\u00fcy\u00fck Millet Meclisi(TBMM) Plan ve B\u00fct\u00e7e Komisyonunda Aile ve Sosyal Hizmetler Bakanl\u0131\u011f\u0131n\u0131n 2025 y\u0131l\u0131 b\u00fct\u00e7esinde iktidar medyas\u0131nda yay\u0131nlanan sabah ku\u015fa\u011f\u0131 programlar\u0131n\u0131 g\u00fcndeme getirdi.&nbsp;<strong>RT\u00dcK neden ATV\u2019ye ceza uygulam\u0131yor?<\/strong>Ekmen, Aile ve Sosyal Hizmetler Bakan\u0131 Mahinur \u00d6zdemir G\u00f6kta\u015f\u2019a yerli ve mill\u00ee medyan\u0131n ko\u00e7ba\u015f\u0131 ATV&#8217;nin sabah ku\u015fa\u011f\u0131 programlar\u0131n\u0131 izleyip izlemedi\u011fini sorarak,&nbsp;\u201cE\u011fer izleyemiyorsan\u0131z bu programlar hakk\u0131nda bilginiz var m\u0131? Bu programlarda g\u00fcn boyu gayrime\u015fru, yasa d\u0131\u015f\u0131, gayri ahlaki ve \u00e7o\u011fu zaman da \u00fcst\u00fcn yarar\u0131 ihlal edilen \u00e7ocuklar hakk\u0131nda yap\u0131lan yay\u0131nlarla ilgili olarak RT\u00dcK&#8217;\u00fcn herhangi bir tedbiri, cezay\u0131 bug\u00fcne kadar uygulamam\u0131\u015f olmas\u0131n\u0131 nas\u0131l de\u011ferlendiriyorsunuz?\u201d ele\u015ftirisinde bulundu. &nbsp;<br><br><strong>ATV<\/strong><strong>\u2019<\/strong><strong>nin nas\u0131l bir dokunulmazl\u0131k z\u0131rh\u0131 var?<\/strong>Sabah ku\u015fa\u011f\u0131 programlar\u0131nda gayri ahlaki yay\u0131nlar\u0131n oldu\u011funu dile getiren Ekmen, \u015funlar\u0131 kaydetti:&nbsp;&nbsp;\u201cBu yay\u0131nlar\u0131n Say\u0131n Cumhurba\u015fkan\u0131n\u0131n \u0131srarla ve defaatle ifade etti\u011fi aile ve ahlak mefk\u00fbrelerine kar\u015f\u0131tl\u0131\u011f\u0131 ortadayken ATV&#8217;nin nas\u0131l bir dokunulmazl\u0131k z\u0131rh\u0131 i\u00e7erisinde RT\u00dcK&#8217;\u00fcn denetimlerinden kurtuldu\u011funu d\u00fc\u015f\u00fcn\u00fcyorsunuz? \u0130lk Kabinede Say\u0131n Cumhurba\u015fkan\u0131na bu yay\u0131nlarla ilgili \u015fik\u00e2yetleri iletmek \u00fczere bize bir s\u00f6z verebilir misiniz?\u201d&nbsp;2024 b\u00fct\u00e7esinde de ayn\u0131 konuyu Mahinur G\u00f6kta\u015f\u2019a sordu\u011funu hat\u0131rlatan Ekmen, RT\u00dcK\u2019\u00fcn elindeki denetim yetkisinin Demoklas\u2019in k\u0131l\u0131c\u0131 gibi yay\u0131n organlar\u0131n\u0131n \u00fczerinde salland\u0131\u011f\u0131n\u0131, iktidar\u0131n siyasi s\u00f6ylemini zedeleyen her yay\u0131na ac\u0131mas\u0131zca cezalar kesildi\u011fini, ancak \u00e7ok&nbsp;\u00f6nemli bir k\u0131sm\u0131 sadece ahlaks\u0131zl\u0131k de\u011fil su\u00e7&nbsp;da i\u00e7eren yay\u0131nlar\u0131n saatlerce yap\u0131lmas\u0131na m\u00fcdahale edilmedi\u011fini belirtti. &nbsp;Ekmen&nbsp;\u201cBu RT\u00dcK a\u00e7\u0131s\u0131ndan b\u00fcy\u00fck bir \u00e7ifte standartt\u0131r. \u0130ktidar ve Cumhurba\u015fkan\u0131 a\u00e7\u0131s\u0131ndan ise, hedef g\u00f6sterilen bir\u00e7ok yay\u0131n organdan daha ahlaks\u0131z, adeta bir irinin, bir kanalizasyonun evlere ak\u0131t\u0131lmas\u0131 gibi, hi\u00e7bir ahlak namus hukuk ve toplum tasavvuruna s\u0131\u011fd\u0131r\u0131lamayacak ili\u015fkilerin iktidara yak\u0131n medyada her g\u00fcn saatlerce ve f\u00fctursuzca yay\u0131nlanmas\u0131na izin verilmesi izah\u0131 imkans\u0131z bir tablodur. Cumhurba\u015fkan\u0131 Say\u0131n Erdo\u011fan hem bu yay\u0131nlara hem de RT\u00dcK ve Ba\u015fkan\u0131 Ebubekir \u015eahin\u2019e neden sessiz kalmaktad\u0131r?\u201d<\/td><\/tr><\/tbody><\/table><\/figure>\n","protected":false},"excerpt":{"rendered":"<p>DEVA Partisi Genel Ba\u015fkan Yard\u0131mc\u0131s\u0131 Mehmet Emin Ekmen, Aile Bakanl\u0131\u011f\u0131n\u0131n 2025 b\u00fct\u00e7e g\u00f6r\u00fc\u015fmelerinde ba\u015fta ATV olmak \u00fczere iktidar medyas\u0131nda gayri ahlaki yay\u0131n yapan sabah ku\u015fa\u011f\u0131 programlar\u0131n\u0131 g\u00fcndeme ta\u015f\u0131d\u0131.&nbsp;&nbsp;Aile ve Sosyal Hizmetler Bakan\u0131 Mahinur \u00d6zdemir G\u00f6kta\u015f\u2019a \u201cyerli ve mill\u00ee medyan\u0131n ko\u00e7ba\u015f\u0131\u201d ATV&#8217;nin sabah ku\u015fa\u011f\u0131 programlar\u0131n\u0131 izleyip izlemedi\u011fini soran Ekmen, RT\u00dcK\u2019\u00fcn neden harekete ge\u00e7medi\u011finin alt\u0131n\u0131 \u00e7izerek,&nbsp;\u201cATV nas\u0131l [&hellip;]<\/p>\n","protected":false},"author":2,"featured_media":37451,"comment_status":"closed","ping_status":"closed","sticky":false,"template":"","format":"standard","meta":{"footnotes":""},"categories":[3],"tags":[],"class_list":["post-37450","post","type-post","status-publish","format-standard","has-post-thumbnail","hentry","category-manset"],"views":2,"_links":{"self":[{"href":"https:\/\/mersinkadingazetesi.com\/index.php?rest_route=\/wp\/v2\/posts\/37450"}],"collection":[{"href":"https:\/\/mersinkadingazetesi.com\/index.php?rest_route=\/wp\/v2\/posts"}],"about":[{"href":"https:\/\/mersinkadingazetesi.com\/index.php?rest_route=\/wp\/v2\/types\/post"}],"author":[{"embeddable":true,"href":"https:\/\/mersinkadingazetesi.com\/index.php?rest_route=\/wp\/v2\/users\/2"}],"replies":[{"embeddable":true,"href":"https:\/\/mersinkadingazetesi.com\/index.php?rest_route=%2Fwp%2Fv2%2Fcomments&post=37450"}],"version-history":[{"count":1,"href":"https:\/\/mersinkadingazetesi.com\/index.php?rest_route=\/wp\/v2\/posts\/37450\/revisions"}],"predecessor-version":[{"id":37452,"href":"https:\/\/mersinkadingazetesi.com\/index.php?rest_route=\/wp\/v2\/posts\/37450\/revisions\/37452"}],"wp:featuredmedia":[{"embeddable":true,"href":"https:\/\/mersinkadingazetesi.com\/index.php?rest_route=\/wp\/v2\/media\/37451"}],"wp:attachment":[{"href":"https:\/\/mersinkadingazetesi.com\/index.php?rest_route=%2Fwp%2Fv2%2Fmedia&parent=37450"}],"wp:term":[{"taxonomy":"category","embeddable":true,"href":"https:\/\/mersinkadingazetesi.com\/index.php?rest_route=%2Fwp%2Fv2%2Fcategories&post=37450"},{"taxonomy":"post_tag","embeddable":true,"href":"https:\/\/mersinkadingazetesi.com\/index.php?rest_route=%2Fwp%2Fv2%2Ftags&post=37450"}],"curies":[{"name":"wp","href":"https:\/\/api.w.org\/{rel}","templated":true}]}}