{"id":37453,"date":"2024-12-01T10:26:13","date_gmt":"2024-12-01T07:26:13","guid":{"rendered":"https:\/\/mersinkadingazetesi.com\/?p=37453"},"modified":"2024-12-01T10:26:14","modified_gmt":"2024-12-01T07:26:14","slug":"buyuksehir-herkes-icin-daha-iyi-bir-yasam-surdurulebilir-bir-gezegen-bilim-senliginde-yerini-aldi","status":"publish","type":"post","link":"https:\/\/mersinkadingazetesi.com\/?p=37453","title":{"rendered":"B\u00dcY\u00dcK\u015eEH\u0130R, &#8216;HERKES \u0130\u00c7\u0130N DAHA \u0130Y\u0130 B\u0130R YA\u015eAM, S\u00dcRD\u00dcR\u00dcLEB\u0130L\u0130R B\u0130R GEZEGEN&#8217; B\u0130L\u0130M \u015eENL\u0130\u011e\u0130&#8217;NDE YER\u0130N\u0130 ALDI"},"content":{"rendered":"\n<p>Mersin B\u00fcy\u00fck\u015fehir Belediyesi,&nbsp;<strong>&#8216;T\u00dcB\u0130TAK 4007 Bilim \u015eenlikleri Destekleme Program\u0131&#8217;<\/strong>&nbsp;kapsam\u0131nda, Yeni\u015fehir \u0130l\u00e7e Milli E\u011fitim M\u00fcd\u00fcrl\u00fc\u011f\u00fc y\u00fcr\u00fct\u00fcc\u00fcl\u00fc\u011f\u00fcnde \u00e7e\u015fitli payda\u015flarla ger\u00e7ekle\u015ftirilen&nbsp;<strong><em>&#8216;Herkes i\u00e7in Daha \u0130yi Bir Ya\u015fam, S\u00fcrd\u00fcr\u00fclebilir Bir Gezegen&#8217;<\/em><\/strong>Bilim \u015eenli\u011fi&#8217;nde yerini ald\u0131. Yeni\u015fehir Belediyesi Fuar Alan\u0131&#8217;nda d\u00fczenlenen \u015fenlikte; \u0130klim De\u011fi\u015fikli\u011fi ve S\u0131f\u0131r At\u0131k, \u0130tfaiye, Kad\u0131n ve Aile Hizmetleri Daire Ba\u015fkanl\u0131klar\u0131 ile Mersin Su ve Kanalizasyon \u0130daresi (MESK\u0130) Genel M\u00fcd\u00fcrl\u00fc\u011f\u00fc ekiplerinin yer ald\u0131\u011f\u0131 stantlar, \u00f6\u011frencilerin ve bilim tutkunlar\u0131n\u0131n ilgi oda\u011f\u0131 oldu.&nbsp;<\/p>\n\n\n\n<p>\u00c7ocuklar\u0131 her alanda destekleyen B\u00fcy\u00fck\u015fehir Belediyesi, 3 g\u00fcn s\u00fcrecek bilim \u015fenli\u011finde, bilim ve beceri temelli at\u00f6lyeleri ile \u00e7ocuklara farkl\u0131 deneyimler ya\u015fat\u0131yor. B\u00fcy\u00fck\u015fehir&#8217;in Deniz Canl\u0131lar\u0131 ve \u0130klim \u00c7evre At\u00f6lyesi, Modelleme ve Stem At\u00f6lyesi ile Beceri At\u00f6lyesi&#8217;nde \u00e7ocuklara hem g\u00f6zleme dayal\u0131, hem de uygulamal\u0131 deneyim f\u0131rsat\u0131 sunuluyor.<\/p>\n\n\n\n<p>B\u00fcy\u00fck\u015fehir ekipleri taraf\u0131ndan kurulan itfaiye e\u011fitim stant\u0131 \u00e7ocuklar\u0131n g\u00f6zdesi olurken, \u00e7ocuklar itfaiyecilik mesle\u011fi hakk\u0131nda bilgi sahibi oldu. \u0130tfaiye k\u0131yafetleri giyerek e\u011fitim parkurunda e\u011flenceli zaman ge\u00e7iren \u00e7ocuklar, teorik bilgilerin ard\u0131ndan verilen uygulamal\u0131 e\u011fitimler sayesinde de anlat\u0131lan bilgileri birebir deneyimleme ve peki\u015ftirme f\u0131rsat\u0131 yakalad\u0131. Suyun \u00f6nemine dikkat \u00e7eken MESK\u0130 stant\u0131n\u0131 ziyaret eden \u00e7ocuklar, suyla ilgili deneyler yaparak keyifli zaman ge\u00e7irdi. Stanta gelen vatanda\u015flara su tasarrufu ile ilgili bro\u015f\u00fcrler da\u011f\u0131t\u0131larak, azalan su kaynaklar\u0131n\u0131n ve tasarruf yapman\u0131n \u00f6nemi anlat\u0131ld\u0131.<\/p>\n\n\n\n<p><strong>Y\u0131ld\u0131r\u0131m: &#8220;\u00c7ocuklar\u0131n becerilerine y\u00f6nelik at\u00f6lyeler ve parkurlar kuruldu&#8221;<\/strong><\/p>\n\n\n\n<p>Mercan 100. Y\u0131l \u0130klim ve \u00c7evre Bilim Merkezi \u00f6\u011fretmenlerinden Melisa Y\u0131ld\u0131r\u0131m, B\u00fcy\u00fck\u015fehir Belediyesi ve MESK\u0130&#8217;nin kurdu\u011fu stantlarda \u00e7ocuklara y\u00f6nelik bir\u00e7ok etkinlik yap\u0131ld\u0131\u011f\u0131n\u0131 anlatarak,&nbsp;<strong>&#8220;Bu stantlarda, \u00e7ocuklar\u0131n becerilerine y\u00f6nelik at\u00f6lyeler ve parkurlar kuruldu. Bilim Merkezi&#8217;nde yapt\u0131\u011f\u0131m\u0131z etkinlikleri, buradaki stantlar\u0131m\u0131za ta\u015f\u0131d\u0131k. \u00c7ocuklar uzay temal\u0131 modellemeler, 3D kalemle modellemeler, bal\u0131k g\u00f6zlemleri, mikroskobik incelemeler ve stem \u00e7al\u0131\u015fmalar\u0131 yapt\u0131lar. Ayr\u0131ca becerilerini ve motor geli\u015fimlerini destekleyecek parkurlarda keyifli vakit ge\u00e7irdiler&#8221;&nbsp;<\/strong>dedi.<\/p>\n\n\n\n<p><strong>Minik bilimseverler, d\u00fczenlenen etkinlikte bir araya geldiler<\/strong><\/p>\n\n\n\n<p>11 ya\u015f\u0131ndaki Kimya Zeynep \u00dclk\u00fc,&nbsp;<strong>&#8220;Bir\u00e7ok yeri deneyimledim. Ama en \u00e7ok sevdi\u011fim yerlerden biri olan G\u00fcne\u015f Sistemi&#8217;nde uzay meki\u011fi g\u00f6rd\u00fcm. MESK\u0130 stand\u0131nda ise su analizi yapt\u0131k. Suyun rengini de\u011fi\u015ftirdik, sonra eski haline geri getirdik. Farkl\u0131 bir deneyimdi. Daha \u00f6nce de b\u00f6yle yerlere gelmi\u015ftim, ama en farkl\u0131s\u0131 ve en g\u00fczeli buras\u0131yd\u0131&#8221;&nbsp;<\/strong>diye konu\u015ftu.<\/p>\n\n\n\n<p>10 ya\u015f\u0131ndaki Ravza Aky\u00fcz, \u015fenlikte bir\u00e7ok etkinlik yapt\u0131klar\u0131n\u0131 anlatarak,&nbsp;<strong>&#8220;\u0130lk ba\u015fta hikaye yazd\u0131k. \u0130tfaiye&#8217;nin parkuruna gittik. Bal\u0131klar\u0131 inceledik. Mikroskopla bakt\u0131m. \u00c7ok g\u00fczeldi, \u00e7ok e\u011flendim&#8221;&nbsp;<\/strong>dedi.&nbsp;&nbsp;<\/p>\n\n\n\n<p>Nevzat Aramko\u00e7,&nbsp;<strong>&#8220;B\u00fcy\u00fck\u015fehir Belediyesi&#8217;nin at\u00f6lyelerine kat\u0131ld\u0131m. Ak\u0131l ve haf\u0131za oyunlar\u0131n\u0131 oynad\u0131m. \u00c7ok e\u011flendim. \u0130tfaiye parkuru vard\u0131. \u00c7ok be\u011fendim&#8221;&nbsp;<\/strong>derken,Mirhan Bi\u00e7im&nbsp;<strong>&#8220;\u0130tfaiye parkurunda itfaiyeci kost\u00fcm\u00fc giyip parkur yapt\u0131m. MESK\u0130 stand\u0131nda ise su analizi yapt\u0131m&#8221;&nbsp;<\/strong>ifadelerine yer verdi.<\/p>\n\n\n\n<p>Mihrimah Asel Gitmez de&nbsp;<strong>&#8220;\u0130tfaiye&#8217;nin parkurunu kulland\u0131k. Sonra kitaplar\u0131 inceledik. Dikkat oyunlar\u0131 oynad\u0131k. Uzayla ilgili modellemeler yapt\u0131k&#8221;<\/strong>&nbsp;diye konu\u015ftu.<\/p>\n","protected":false},"excerpt":{"rendered":"<p>Mersin B\u00fcy\u00fck\u015fehir Belediyesi,&nbsp;&#8216;T\u00dcB\u0130TAK 4007 Bilim \u015eenlikleri Destekleme Program\u0131&#8217;&nbsp;kapsam\u0131nda, Yeni\u015fehir \u0130l\u00e7e Milli E\u011fitim M\u00fcd\u00fcrl\u00fc\u011f\u00fc y\u00fcr\u00fct\u00fcc\u00fcl\u00fc\u011f\u00fcnde \u00e7e\u015fitli payda\u015flarla ger\u00e7ekle\u015ftirilen&nbsp;&#8216;Herkes i\u00e7in Daha \u0130yi Bir Ya\u015fam, S\u00fcrd\u00fcr\u00fclebilir Bir Gezegen&#8217;Bilim \u015eenli\u011fi&#8217;nde yerini ald\u0131. Yeni\u015fehir Belediyesi Fuar Alan\u0131&#8217;nda d\u00fczenlenen \u015fenlikte; \u0130klim De\u011fi\u015fikli\u011fi ve S\u0131f\u0131r At\u0131k, \u0130tfaiye, Kad\u0131n ve Aile Hizmetleri Daire Ba\u015fkanl\u0131klar\u0131 ile Mersin Su ve Kanalizasyon \u0130daresi (MESK\u0130) Genel M\u00fcd\u00fcrl\u00fc\u011f\u00fc [&hellip;]<\/p>\n","protected":false},"author":2,"featured_media":37454,"comment_status":"closed","ping_status":"closed","sticky":false,"template":"","format":"standard","meta":{"footnotes":""},"categories":[3,5],"tags":[],"class_list":["post-37453","post","type-post","status-publish","format-standard","has-post-thumbnail","hentry","category-manset","category-mersin"],"views":3,"_links":{"self":[{"href":"https:\/\/mersinkadingazetesi.com\/index.php?rest_route=\/wp\/v2\/posts\/37453"}],"collection":[{"href":"https:\/\/mersinkadingazetesi.com\/index.php?rest_route=\/wp\/v2\/posts"}],"about":[{"href":"https:\/\/mersinkadingazetesi.com\/index.php?rest_route=\/wp\/v2\/types\/post"}],"author":[{"embeddable":true,"href":"https:\/\/mersinkadingazetesi.com\/index.php?rest_route=\/wp\/v2\/users\/2"}],"replies":[{"embeddable":true,"href":"https:\/\/mersinkadingazetesi.com\/index.php?rest_route=%2Fwp%2Fv2%2Fcomments&post=37453"}],"version-history":[{"count":1,"href":"https:\/\/mersinkadingazetesi.com\/index.php?rest_route=\/wp\/v2\/posts\/37453\/revisions"}],"predecessor-version":[{"id":37455,"href":"https:\/\/mersinkadingazetesi.com\/index.php?rest_route=\/wp\/v2\/posts\/37453\/revisions\/37455"}],"wp:featuredmedia":[{"embeddable":true,"href":"https:\/\/mersinkadingazetesi.com\/index.php?rest_route=\/wp\/v2\/media\/37454"}],"wp:attachment":[{"href":"https:\/\/mersinkadingazetesi.com\/index.php?rest_route=%2Fwp%2Fv2%2Fmedia&parent=37453"}],"wp:term":[{"taxonomy":"category","embeddable":true,"href":"https:\/\/mersinkadingazetesi.com\/index.php?rest_route=%2Fwp%2Fv2%2Fcategories&post=37453"},{"taxonomy":"post_tag","embeddable":true,"href":"https:\/\/mersinkadingazetesi.com\/index.php?rest_route=%2Fwp%2Fv2%2Ftags&post=37453"}],"curies":[{"name":"wp","href":"https:\/\/api.w.org\/{rel}","templated":true}]}}