{"id":37456,"date":"2024-12-01T10:29:25","date_gmt":"2024-12-01T07:29:25","guid":{"rendered":"https:\/\/mersinkadingazetesi.com\/?p=37456"},"modified":"2024-12-01T10:29:25","modified_gmt":"2024-12-01T07:29:25","slug":"mersin-buyuksehirin-mutfaklara-bereket-olan-dagitimlari-suruyor","status":"publish","type":"post","link":"https:\/\/mersinkadingazetesi.com\/?p=37456","title":{"rendered":"MERS\u0130N B\u00dcY\u00dcK\u015eEH\u0130R&#8217;\u0130N MUTFAKLARA BEREKET OLAN DA\u011eITIMLARI S\u00dcR\u00dcYOR"},"content":{"rendered":"\n<p>Mersin B\u00fcy\u00fck\u015fehir Belediyesi&#8217;nin \u00f6rnek olan sosyal destek projeleri devam ediyor. Ba\u015fkan Vahap Se\u00e7er&#8217;in g\u00f6reve geldi\u011fi andan itibaren ba\u015flayan yurtta\u015f odakl\u0131 sosyal projelerinden biri olan ve dezavantajl\u0131 b\u00f6lgelerde ya\u015fayan ailelere y\u00f6nelik y\u00fcr\u00fct\u00fclen&nbsp;<strong><em>&#8216;Un Katk\u0131s\u0131 Projesi&#8217;<\/em><\/strong>&nbsp;bu sene de ba\u015flad\u0131.&nbsp;<strong><em>&#8216;Hamurumuzda Dayan\u0131\u015fma Var&#8217;<\/em><\/strong>&nbsp;slogan\u0131yla Mersin&#8217;in 13 il\u00e7esinde ya\u015fayan dar gelirli 30 bin aileye 10&#8217;ar kilo paket \u015feklinde un da\u011f\u0131t\u0131m\u0131 ekipler taraf\u0131ndan titiz bir \u015fekilde s\u00fcrd\u00fcr\u00fcl\u00fcyor.<\/p>\n\n\n\n<p>Mersin B\u00fcy\u00fck\u015fehir Belediyesi Sosyal Hizmetler Dairesi Ba\u015fkanl\u0131\u011f\u0131 taraf\u0131ndan y\u00fcr\u00fct\u00fclen ve toplam 300 bin kilogram da\u011f\u0131t\u0131m\u0131n yap\u0131laca\u011f\u0131 \u00e7al\u0131\u015fma kapsam\u0131nda; mutfaklar\u0131n un ihtiyac\u0131 kar\u015f\u0131lan\u0131rken, aile b\u00fct\u00e7esine de katk\u0131 sa\u011flanm\u0131\u015f oluyor. B\u00fcy\u00fck\u015fehir&#8217;in belirli zamanlarda da\u011f\u0131tt\u0131\u011f\u0131 g\u0131da kolilerinin yan\u0131 s\u0131ra un paketleri de ihtiya\u00e7 sahibi ailelerin mutfaklar\u0131na bereket oluyor.<\/p>\n\n\n\n<p><strong>K\u0131sa: &#8220;B\u00fcy\u00fck bir memnuniyetle bu dayan\u0131\u015fmay\u0131 g\u00fc\u00e7lendiriyoruz&#8221;<\/strong><\/p>\n\n\n\n<p>B\u00fcy\u00fck\u015fehir Belediyesi Sosyal Hizmetler Dairesi Ba\u015fkanl\u0131\u011f\u0131&#8217;nda g\u00f6revli G\u00f6zde K\u0131sa, projenin 4. y\u0131lda da devam etti\u011fini kaydederek,&nbsp;<strong>&#8220;2021 y\u0131l\u0131nda&nbsp;<em>&#8216;Hamurumuzda Dayan\u0131\u015fma Var&#8217;<\/em>&nbsp;diyerek ba\u015flad\u0131\u011f\u0131m\u0131z Un Katk\u0131s\u0131 Projesi&#8217;nde kendi ekme\u011fini \u00fcretebilen, genellikle k\u0131rsal b\u00f6lgelerdeki mahallelerde ya\u015fayan hane halk\u0131na 10 kilo un ula\u015ft\u0131r\u0131yoruz. Bu projemizde vatanda\u015flar kendi evlerinde ekmeklerini yapabiliyorlar. Bu sayede vatanda\u015flar kendi eme\u011fiyle kendi ekmeklerini t\u00fcketebiliyor. Da\u011f\u0131t\u0131m\u0131m\u0131z t\u00fcm il\u00e7elerde devam ediyor. Mersin halk\u0131m\u0131zdan ald\u0131\u011f\u0131m\u0131z bu geri d\u00f6n\u00fc\u015fle asl\u0131nda ne kadar b\u00fcy\u00fck bir ihtiyac\u0131 da kar\u015f\u0131lad\u0131\u011f\u0131m\u0131z\u0131 g\u00f6steriyor. B\u00fcy\u00fck bir memnuniyetle bu dayan\u0131\u015fmay\u0131 g\u00fc\u00e7lendiriyoruz. Bizler de un katk\u0131s\u0131 projesiyle &#8216;<em>Hamurumuzda Dayan\u0131\u015fma Var&#8217;&nbsp;<\/em>diyoruz ve vatanda\u015f\u0131m\u0131za un deste\u011fi sunmaya devam ediyoruz&#8221;&nbsp;<\/strong>s\u00f6zlerine yer verdi.<\/p>\n\n\n\n<p>Silifke Koordinasyon Merkezi&#8217;nde \u00e7al\u0131\u015fan Nurcan T\u00f6zten,&nbsp;<strong>&#8220;Un da\u011f\u0131t\u0131m\u0131 i\u00e7in Silifke&#8217;de 88 mahallede yoksul ve yard\u0131ma ihtiya\u00e7 duyan ki\u015filere ula\u015fmaya \u00e7al\u0131\u015f\u0131yoruz. \u00d6zveriyle, tek tek evleri gezerek vatanda\u015flar\u0131n durumlar\u0131na g\u00f6re da\u011f\u0131t\u0131mlar\u0131m\u0131z\u0131 yap\u0131yoruz. Gitti\u011fimiz k\u00f6ylerde ihtiyac\u0131 olan aileleri kendimiz belirleyip veriyoruz&#8221;<\/strong>&nbsp;dedi. Memnuniyetin \u00e7ok y\u00fcksek oldu\u011funu vurgulayan T\u00f6zten,&nbsp;<strong>&#8220;Herkes \u00e7ok te\u015fekk\u00fcr ediyor, Vahap Ba\u015fkan\u0131m\u0131za selamlar\u0131n\u0131 g\u00f6nderiyorlar. D\u00f6n\u00fc\u015fleri \u00e7ok g\u00fczel al\u0131yoruz, herkes \u00e7ok memnun. Herkes devam\u0131n\u0131 istiyor&#8221;<\/strong>&nbsp;ifadelerine yer verdi.<\/p>\n\n\n\n<p><strong>Borlukan: &#8220;B\u00fcy\u00fck\u015fehir&#8217;in; Tarsus&#8217;un arkas\u0131nda oldu\u011funu biliyoruz&#8221;<\/strong><\/p>\n\n\n\n<p>Tarsus&#8217;un dezavantajl\u0131 b\u00f6lgelerinden Mithatpa\u015fa Mahallesi Muhtar\u0131 Muhittin Borlukan ise mahalle olarak B\u00fcy\u00fck\u015fehir Belediyesi&#8217;nden bir\u00e7ok hizmet ald\u0131klar\u0131n\u0131n alt\u0131n\u0131 \u00e7izerek,&nbsp;<strong>&#8220;Mersin B\u00fcy\u00fck\u015fehir Belediyesi&#8217;nin her zaman mahallemin ve Tarsus&#8217;un arkas\u0131nda oldu\u011funu biliyoruz. Un da\u011f\u0131t\u0131m\u0131 olsun, koli da\u011f\u0131t\u0131m\u0131 olsun, yol yap\u0131m\u0131 olsun her \u015feyden faydalan\u0131yoruz&#8221;<\/strong>&nbsp;dedi.<\/p>\n\n\n\n<p>Silifke Koordinasyondan arand\u0131\u011f\u0131n\u0131 ve ard\u0131ndan ihtiya\u00e7 sahiplerini B\u00fcy\u00fck\u015fehir&#8217;e bildirdi\u011fini s\u00f6yleyen G\u00fcnd\u00fczler Mahalle Muhtar\u0131 Mahmut Yel,&nbsp;<strong>&#8220;Kendileri gelerek ihtiya\u00e7 sahiplerine unu verdiler. Mahalleli \u00e7ok memnunum. Ben b\u00f6yle \u015feyleri \u00e7ok seviyorum. Ba\u015fkan\u0131m\u0131z bu yard\u0131mlar\u0131 yap\u0131yor, te\u015fekk\u00fcr ederiz&#8221;<\/strong>&nbsp;diyerek, mahallesi ad\u0131na da te\u015fekk\u00fcr etti.<\/p>\n\n\n\n<p>Aliefendio\u011flu Mahallesi Muhtar\u0131 \u0130brahim I\u015f\u0131k ise g\u0131da kolisi ve un paketlerinin aile b\u00fct\u00e7elerine destek oldu\u011funu vurgulayarak,&nbsp;<strong>&#8220;Bu destekler ihtiyac\u0131 olan vatanda\u015flar i\u00e7in \u00e7ok g\u00fczel bir destek. \u015eu an 10 kilo un bir ay destek demektir. Vahap Ba\u015fkan&#8217;a \u00e7ok te\u015fekk\u00fcr ediyoruz&#8221;<\/strong>&nbsp;ifadelerini kulland\u0131.<\/p>\n\n\n\n<p><strong>Yurtta\u015flar yap\u0131lan yard\u0131mlardan memnun<\/strong><\/p>\n\n\n\n<p>3 \u00e7ocu\u011fu engelli olan ve B\u00fcy\u00fck\u015fehir Belediyesi&#8217;nin sosyal yard\u0131mlar\u0131ndan faydalanan G\u00fclay Akar,&nbsp;<strong>&#8220;Desteklerinizi memnunlukla kar\u015f\u0131l\u0131yorum. Bizler her zaman sizlerden raz\u0131y\u0131z. Bize her zaman g\u0131da kolilerini ve erzaklar\u0131 g\u00f6nderiyorlar, bizler de yiyoruz. Biz \u015f\u00f6yle d\u00fc\u015f\u00fcn\u00fcyoruz; bizler kum tanesiyiz, kum taneleri birle\u015firse da\u011f olur&#8221;<\/strong>&nbsp;\u015feklinde konu\u015ftu.<\/p>\n\n\n\n<p>Tarsus&#8217;a ba\u011fl\u0131 olan ve ovada yer alan Aliefendio\u011flu Mahallesi&#8217;nden \u015eenay Manay da sosyal hizmetlerin yan\u0131 s\u0131ra B\u00fcy\u00fck\u015fehir Belediyesi&#8217;nin b\u00fct\u00fcn \u00e7al\u0131\u015fmalar\u0131ndan \u00e7ok memnun oldu\u011funu belirterek,&nbsp;<strong>&#8220;Ben Vahap Ba\u015fkan\u0131m\u0131za \u00e7ok te\u015fekk\u00fcr ediyorum. Kendisini \u00e7ok seviyoruz, iyi ki var, in\u015fallah hep hayat\u0131m\u0131zda var olur. Eksi\u011fimizi tamamlayan bir g\u0131da yard\u0131m\u0131 yollam\u0131\u015f. Yaln\u0131z un de\u011fil, her \u015feyimizi g\u00f6nderiyor. Ben 27 senedir bu k\u00f6ydeyim, yollar\u0131m\u0131z \u00e7ok berbatt\u0131. Yollar\u0131m\u0131z da \u00e7ok g\u00fczel oldu&#8221;<\/strong>&nbsp;dedi.<\/p>\n\n\n\n<p>B\u00fcy\u00fck\u015fehir ekiplerinin teslim etti\u011fi un ile hemen hamur yo\u011furmaya ba\u015flayan Figen Denli de b\u00f6rekten ekme\u011fe kadar \u00e7ok \u00e7e\u015fitli yiyecekleri pi\u015firdiklerini kaydederek,&nbsp;<strong>&#8220;Vahap Bey&#8217;in, bize \u00e7ok yard\u0131mlar\u0131 oluyor, \u00e7ok te\u015fekk\u00fcr ediyoruz. Bu un \u00e7ok kaliteli, \u00e7ok g\u00fczel bir un. \u00c7ok da memnunuz. Yard\u0131mlar\u0131n\u0131n da devam\u0131n\u0131 diliyoruz&#8221;<\/strong>&nbsp;diye konu\u015ftu.<\/p>\n\n\n\n<p>E\u015finin vefat\u0131n\u0131n ard\u0131ndan k\u00fc\u00e7\u00fck bir alanda \u00e7ift\u00e7ilik yaparak 3 \u00e7ocu\u011funu okutmaya \u00e7al\u0131\u015ft\u0131\u011f\u0131n\u0131 s\u00f6yleyen G\u00fcldane B\u00fcy\u00fckg\u00f6k\u00e7e,&nbsp;<strong>&#8220;Destekler ho\u015fuma gitti. Muhtar\u0131m\u0131za ihtiya\u00e7lar\u0131m\u0131z\u0131 s\u00f6yl\u00fcyoruz. Onun arac\u0131l\u0131\u011f\u0131yla bize b\u00f6yle yard\u0131mlar geliyor&#8221;<\/strong>&nbsp;dedi. Desteklerin devam\u0131n\u0131 beklediklerini s\u00f6yleyen B\u00fcy\u00fckg\u00f6k\u00e7e,&nbsp;<strong>&#8220;B\u00fcy\u00fck\u015fehir Belediye Ba\u015fkan\u0131m\u0131za te\u015fekk\u00fcr ediyorum. Elini \u00fczerimizden \u00e7ekmesin&#8221;<\/strong>&nbsp;s\u00f6zlerine yer verdi.<\/p>\n","protected":false},"excerpt":{"rendered":"<p>Mersin B\u00fcy\u00fck\u015fehir Belediyesi&#8217;nin \u00f6rnek olan sosyal destek projeleri devam ediyor. Ba\u015fkan Vahap Se\u00e7er&#8217;in g\u00f6reve geldi\u011fi andan itibaren ba\u015flayan yurtta\u015f odakl\u0131 sosyal projelerinden biri olan ve dezavantajl\u0131 b\u00f6lgelerde ya\u015fayan ailelere y\u00f6nelik y\u00fcr\u00fct\u00fclen&nbsp;&#8216;Un Katk\u0131s\u0131 Projesi&#8217;&nbsp;bu sene de ba\u015flad\u0131.&nbsp;&#8216;Hamurumuzda Dayan\u0131\u015fma Var&#8217;&nbsp;slogan\u0131yla Mersin&#8217;in 13 il\u00e7esinde ya\u015fayan dar gelirli 30 bin aileye 10&#8217;ar kilo paket \u015feklinde un da\u011f\u0131t\u0131m\u0131 ekipler taraf\u0131ndan [&hellip;]<\/p>\n","protected":false},"author":2,"featured_media":37457,"comment_status":"closed","ping_status":"closed","sticky":false,"template":"","format":"standard","meta":{"footnotes":""},"categories":[3,5],"tags":[],"class_list":["post-37456","post","type-post","status-publish","format-standard","has-post-thumbnail","hentry","category-manset","category-mersin"],"views":3,"_links":{"self":[{"href":"https:\/\/mersinkadingazetesi.com\/index.php?rest_route=\/wp\/v2\/posts\/37456"}],"collection":[{"href":"https:\/\/mersinkadingazetesi.com\/index.php?rest_route=\/wp\/v2\/posts"}],"about":[{"href":"https:\/\/mersinkadingazetesi.com\/index.php?rest_route=\/wp\/v2\/types\/post"}],"author":[{"embeddable":true,"href":"https:\/\/mersinkadingazetesi.com\/index.php?rest_route=\/wp\/v2\/users\/2"}],"replies":[{"embeddable":true,"href":"https:\/\/mersinkadingazetesi.com\/index.php?rest_route=%2Fwp%2Fv2%2Fcomments&post=37456"}],"version-history":[{"count":1,"href":"https:\/\/mersinkadingazetesi.com\/index.php?rest_route=\/wp\/v2\/posts\/37456\/revisions"}],"predecessor-version":[{"id":37458,"href":"https:\/\/mersinkadingazetesi.com\/index.php?rest_route=\/wp\/v2\/posts\/37456\/revisions\/37458"}],"wp:featuredmedia":[{"embeddable":true,"href":"https:\/\/mersinkadingazetesi.com\/index.php?rest_route=\/wp\/v2\/media\/37457"}],"wp:attachment":[{"href":"https:\/\/mersinkadingazetesi.com\/index.php?rest_route=%2Fwp%2Fv2%2Fmedia&parent=37456"}],"wp:term":[{"taxonomy":"category","embeddable":true,"href":"https:\/\/mersinkadingazetesi.com\/index.php?rest_route=%2Fwp%2Fv2%2Fcategories&post=37456"},{"taxonomy":"post_tag","embeddable":true,"href":"https:\/\/mersinkadingazetesi.com\/index.php?rest_route=%2Fwp%2Fv2%2Ftags&post=37456"}],"curies":[{"name":"wp","href":"https:\/\/api.w.org\/{rel}","templated":true}]}}