{"id":37460,"date":"2024-12-01T16:22:34","date_gmt":"2024-12-01T13:22:34","guid":{"rendered":"https:\/\/mersinkadingazetesi.com\/?p=37460"},"modified":"2024-12-01T16:22:35","modified_gmt":"2024-12-01T13:22:35","slug":"tarsusta-ucurtma-senligi-renkli-goruntulere-sahne-oldu","status":"publish","type":"post","link":"https:\/\/mersinkadingazetesi.com\/?p=37460","title":{"rendered":"TARSUS\u2019TA U\u00c7URTMA \u015eENL\u0130\u011e\u0130 RENKL\u0130 G\u00d6R\u00dcNT\u00dcLERE SAHNE OLDU"},"content":{"rendered":"\n<p>Tarsus Belediyesi\u2019nin Eshab-\u0131 Kehf\u2019te d\u00fczenledi\u011fi \u201cU\u00e7urtma \u015eenli\u011fi\u201d, renkli g\u00f6r\u00fcnt\u00fclere sahne oldu. \u00c7ocuklar y\u00fcz boyama etkinlikleri ve \u00e7e\u015fitli ikramlarla g\u00f6n\u00fcllerince e\u011flenirken, u\u00e7urtmalar\u0131n\u0131 g\u00f6ky\u00fcz\u00fcne b\u0131rakman\u0131n keyfini ya\u015fad\u0131.<\/p>\n\n\n\n<p>Tarsus Belediyesi Kad\u0131n ve Aile Hizmetleri M\u00fcd\u00fcrl\u00fc\u011f\u00fc taraf\u0131ndan \u201cU\u00e7urtma \u015eenli\u011fi ile Haklar\u0131m\u0131z\u0131 G\u00f6ky\u00fcz\u00fcne Ta\u015f\u0131yoruz\u201d temal\u0131 etkinlik ger\u00e7ekle\u015ftirildi. \u00c7ocuklar aileleri ile birlikte kat\u0131ld\u0131\u011f\u0131 \u015fenlikte doyas\u0131ya bir g\u00fcn ge\u00e7irdi.<\/p>\n\n\n\n<p><strong>E\u011eLENCE VE HUZUR B\u0130R ARADA<\/strong><\/p>\n\n\n\n<p>Eshab-\u0131 Kehf\u2019in do\u011fal ve huzurlu atmosferinde ger\u00e7ekle\u015ftirilen U\u00e7urtma \u015eenli\u011fi, kat\u0131l\u0131mc\u0131lara e\u011flence ve mutlu dolu bir hafta sonu ya\u015fatt\u0131. U\u00e7urtmalar\u0131n\u0131 g\u00f6ky\u00fcz\u00fcne b\u0131rakan \u00e7ocuklar unutulmaz bir g\u00fcn ge\u00e7irdi.<\/p>\n","protected":false},"excerpt":{"rendered":"<p>Tarsus Belediyesi\u2019nin Eshab-\u0131 Kehf\u2019te d\u00fczenledi\u011fi \u201cU\u00e7urtma \u015eenli\u011fi\u201d, renkli g\u00f6r\u00fcnt\u00fclere sahne oldu. \u00c7ocuklar y\u00fcz boyama etkinlikleri ve \u00e7e\u015fitli ikramlarla g\u00f6n\u00fcllerince e\u011flenirken, u\u00e7urtmalar\u0131n\u0131 g\u00f6ky\u00fcz\u00fcne b\u0131rakman\u0131n keyfini ya\u015fad\u0131. Tarsus Belediyesi Kad\u0131n ve Aile Hizmetleri M\u00fcd\u00fcrl\u00fc\u011f\u00fc taraf\u0131ndan \u201cU\u00e7urtma \u015eenli\u011fi ile Haklar\u0131m\u0131z\u0131 G\u00f6ky\u00fcz\u00fcne Ta\u015f\u0131yoruz\u201d temal\u0131 etkinlik ger\u00e7ekle\u015ftirildi. \u00c7ocuklar aileleri ile birlikte kat\u0131ld\u0131\u011f\u0131 \u015fenlikte doyas\u0131ya bir g\u00fcn ge\u00e7irdi. E\u011eLENCE VE HUZUR [&hellip;]<\/p>\n","protected":false},"author":2,"featured_media":37461,"comment_status":"closed","ping_status":"closed","sticky":false,"template":"","format":"standard","meta":{"footnotes":""},"categories":[3,5],"tags":[],"class_list":["post-37460","post","type-post","status-publish","format-standard","has-post-thumbnail","hentry","category-manset","category-mersin"],"views":8,"_links":{"self":[{"href":"https:\/\/mersinkadingazetesi.com\/index.php?rest_route=\/wp\/v2\/posts\/37460"}],"collection":[{"href":"https:\/\/mersinkadingazetesi.com\/index.php?rest_route=\/wp\/v2\/posts"}],"about":[{"href":"https:\/\/mersinkadingazetesi.com\/index.php?rest_route=\/wp\/v2\/types\/post"}],"author":[{"embeddable":true,"href":"https:\/\/mersinkadingazetesi.com\/index.php?rest_route=\/wp\/v2\/users\/2"}],"replies":[{"embeddable":true,"href":"https:\/\/mersinkadingazetesi.com\/index.php?rest_route=%2Fwp%2Fv2%2Fcomments&post=37460"}],"version-history":[{"count":1,"href":"https:\/\/mersinkadingazetesi.com\/index.php?rest_route=\/wp\/v2\/posts\/37460\/revisions"}],"predecessor-version":[{"id":37462,"href":"https:\/\/mersinkadingazetesi.com\/index.php?rest_route=\/wp\/v2\/posts\/37460\/revisions\/37462"}],"wp:featuredmedia":[{"embeddable":true,"href":"https:\/\/mersinkadingazetesi.com\/index.php?rest_route=\/wp\/v2\/media\/37461"}],"wp:attachment":[{"href":"https:\/\/mersinkadingazetesi.com\/index.php?rest_route=%2Fwp%2Fv2%2Fmedia&parent=37460"}],"wp:term":[{"taxonomy":"category","embeddable":true,"href":"https:\/\/mersinkadingazetesi.com\/index.php?rest_route=%2Fwp%2Fv2%2Fcategories&post=37460"},{"taxonomy":"post_tag","embeddable":true,"href":"https:\/\/mersinkadingazetesi.com\/index.php?rest_route=%2Fwp%2Fv2%2Ftags&post=37460"}],"curies":[{"name":"wp","href":"https:\/\/api.w.org\/{rel}","templated":true}]}}