{"id":37472,"date":"2024-12-02T11:30:59","date_gmt":"2024-12-02T08:30:59","guid":{"rendered":"https:\/\/mersinkadingazetesi.com\/?p=37472"},"modified":"2024-12-02T11:30:59","modified_gmt":"2024-12-02T08:30:59","slug":"toroslar-19-mayis-ilkokulunda-kulturun-izinde-mersin-sergisi-acildi","status":"publish","type":"post","link":"https:\/\/mersinkadingazetesi.com\/?p=37472","title":{"rendered":"TOROSLAR 19 MAYIS \u0130LKOKULUNDA &#8220;K\u00dcLT\u00dcR\u00dcN \u0130Z\u0130NDE MERS\u0130N&#8221; SERG\u0130S\u0130 A\u00c7ILDI\u00a0"},"content":{"rendered":"\n<p>Toroslar 19 May\u0131s \u0130lkokulunda &#8220;K\u00fclt\u00fcr\u00fcn \u0130zinde Mersin&#8221; projesi kapsam\u0131nda haz\u0131rlanan serginin a\u00e7\u0131l\u0131\u015f\u0131 ger\u00e7ekle\u015ftirildi.<\/p>\n\n\n\n<p>\u00d6\u011frencilerin ve \u00f6\u011fretmenlerin emekleriyle haz\u0131rlanan sergide Mersin&#8217;in yerel mutfa\u011f\u0131n\u0131 tan\u0131tan yemekler, y\u00f6r\u00fck k\u00fclt\u00fcr\u00fcne ait \u00fcr\u00fcnler, geleneksel \u00e7ad\u0131rlar, dokuma \u00f6rnekleri, y\u00f6reye \u00f6zg\u00fc k\u00fclt\u00fcrel zenginlikler&nbsp; yans\u0131t\u0131ld\u0131.<\/p>\n\n\n\n<p>\u0130l Mill\u00ee E\u011fitim M\u00fcd\u00fcr Yard\u0131mc\u0131s\u0131 Fatih Bur\u011fut, sergide yapt\u0131\u011f\u0131 konu\u015fmada, &#8220;Mersin&#8217;in k\u00fclt\u00fcrel de\u011ferlerini ya\u015fatmak ve yeni nesillere aktarmak \u00e7ok k\u0131ymetli. Bu sergi, hem \u00f6\u011frencilerimizin hem de toplumun k\u00fclt\u00fcr\u00fcm\u00fcz\u00fc daha yak\u0131ndan tan\u0131mas\u0131na vesile oldu.&#8221; diyerek eme\u011fi ge\u00e7enlere te\u015fekk\u00fcr etti.<\/p>\n\n\n\n<p>\u00d6\u011frencilerimizin bu \u00e7al\u0131\u015fmada yer almas\u0131 Mersin&#8217;in k\u00f6kl\u00fc k\u00fclt\u00fcr\u00fcne dair \u00f6nemli bir fark\u0131ndal\u0131k olu\u015fturdu. Onlar\u0131n da k\u00fclt\u00fcrel bilin\u00e7 kazanmalar\u0131 a\u00e7\u0131s\u0131ndan bu gibi etkinliklerin b\u00fcy\u00fck \u00f6nem ta\u015f\u0131d\u0131\u011f\u0131 bir kez daha vurguland\u0131.<\/p>\n\n\n\n<p>Sergiye, \u0130l Mill\u00ee E\u011fitim M\u00fcd\u00fcr Yard\u0131mc\u0131s\u0131 Fatih Bur\u011fut, Toroslar \u0130l\u00e7e Mill\u00ee E\u011fitim M\u00fcd\u00fcr\u00fc Kaan Aydemir, Mersin AK Parti \u0130l Ba\u015fkan Yard\u0131mc\u0131s\u0131 Cevdet Bal, T\u00fcrk E\u011fitim-Sen Mersin Bir Nolu \u015eube Ba\u015fkan\u0131 Metin Ercan, \u00e7ok say\u0131da \u00f6\u011fretmen ve \u00f6\u011frenci kat\u0131ld\u0131.<\/p>\n\n\n\n<p><a href=\"https:\/\/mersin.meb.gov.tr\/meb_iys_dosyalar\/2024_11\/28112248_whatsappimage20241128at10.13.14.jpg\" target=\"_blank\" rel=\"noreferrer noopener\"><\/a><\/p>\n","protected":false},"excerpt":{"rendered":"<p>Toroslar 19 May\u0131s \u0130lkokulunda &#8220;K\u00fclt\u00fcr\u00fcn \u0130zinde Mersin&#8221; projesi kapsam\u0131nda haz\u0131rlanan serginin a\u00e7\u0131l\u0131\u015f\u0131 ger\u00e7ekle\u015ftirildi. \u00d6\u011frencilerin ve \u00f6\u011fretmenlerin emekleriyle haz\u0131rlanan sergide Mersin&#8217;in yerel mutfa\u011f\u0131n\u0131 tan\u0131tan yemekler, y\u00f6r\u00fck k\u00fclt\u00fcr\u00fcne ait \u00fcr\u00fcnler, geleneksel \u00e7ad\u0131rlar, dokuma \u00f6rnekleri, y\u00f6reye \u00f6zg\u00fc k\u00fclt\u00fcrel zenginlikler&nbsp; yans\u0131t\u0131ld\u0131. \u0130l Mill\u00ee E\u011fitim M\u00fcd\u00fcr Yard\u0131mc\u0131s\u0131 Fatih Bur\u011fut, sergide yapt\u0131\u011f\u0131 konu\u015fmada, &#8220;Mersin&#8217;in k\u00fclt\u00fcrel de\u011ferlerini ya\u015fatmak ve yeni nesillere aktarmak [&hellip;]<\/p>\n","protected":false},"author":2,"featured_media":37473,"comment_status":"closed","ping_status":"closed","sticky":false,"template":"","format":"standard","meta":{"footnotes":""},"categories":[3],"tags":[],"class_list":["post-37472","post","type-post","status-publish","format-standard","has-post-thumbnail","hentry","category-manset"],"views":8,"_links":{"self":[{"href":"https:\/\/mersinkadingazetesi.com\/index.php?rest_route=\/wp\/v2\/posts\/37472"}],"collection":[{"href":"https:\/\/mersinkadingazetesi.com\/index.php?rest_route=\/wp\/v2\/posts"}],"about":[{"href":"https:\/\/mersinkadingazetesi.com\/index.php?rest_route=\/wp\/v2\/types\/post"}],"author":[{"embeddable":true,"href":"https:\/\/mersinkadingazetesi.com\/index.php?rest_route=\/wp\/v2\/users\/2"}],"replies":[{"embeddable":true,"href":"https:\/\/mersinkadingazetesi.com\/index.php?rest_route=%2Fwp%2Fv2%2Fcomments&post=37472"}],"version-history":[{"count":1,"href":"https:\/\/mersinkadingazetesi.com\/index.php?rest_route=\/wp\/v2\/posts\/37472\/revisions"}],"predecessor-version":[{"id":37474,"href":"https:\/\/mersinkadingazetesi.com\/index.php?rest_route=\/wp\/v2\/posts\/37472\/revisions\/37474"}],"wp:featuredmedia":[{"embeddable":true,"href":"https:\/\/mersinkadingazetesi.com\/index.php?rest_route=\/wp\/v2\/media\/37473"}],"wp:attachment":[{"href":"https:\/\/mersinkadingazetesi.com\/index.php?rest_route=%2Fwp%2Fv2%2Fmedia&parent=37472"}],"wp:term":[{"taxonomy":"category","embeddable":true,"href":"https:\/\/mersinkadingazetesi.com\/index.php?rest_route=%2Fwp%2Fv2%2Fcategories&post=37472"},{"taxonomy":"post_tag","embeddable":true,"href":"https:\/\/mersinkadingazetesi.com\/index.php?rest_route=%2Fwp%2Fv2%2Ftags&post=37472"}],"curies":[{"name":"wp","href":"https:\/\/api.w.org\/{rel}","templated":true}]}}