{"id":37484,"date":"2024-12-02T13:14:56","date_gmt":"2024-12-02T10:14:56","guid":{"rendered":"https:\/\/mersinkadingazetesi.com\/?p=37484"},"modified":"2024-12-02T13:14:57","modified_gmt":"2024-12-02T10:14:57","slug":"3-aralik-dunya-engelliler-gununde-ozel-cocuklara-anlamli-surpriz","status":"publish","type":"post","link":"https:\/\/mersinkadingazetesi.com\/?p=37484","title":{"rendered":"3 Aral\u0131k D\u00fcnya Engelliler G\u00fcn\u00fc\u2019nde \u00f6zel \u00e7ocuklara anlaml\u0131 s\u00fcrpriz"},"content":{"rendered":"\n<p>Akdeniz Belediyesi, \u201c3 Aral\u0131k D\u00fcnya Engelliler G\u00fcn\u00fc\u201d dolay\u0131s\u0131yla \u00f6zel bir \u00e7al\u0131\u015fmaya imza atarak, \u00f6zel \u00e7ocuklar\u0131n yararlanabilece\u011fi, g\u00f6n\u00fcllerince g\u00fczel vakit ge\u00e7irebilece\u011fi, e\u011flenip dinlenebilecekleri \u201cEngelsiz Park\u0131\u2019n\u0131\u201d yeniledi.<\/p>\n\n\n\n<p>Akdeniz Belediyesi E\u015f Ba\u015fkanlar\u0131 Ho\u015fyar Sar\u0131y\u0131ld\u0131z ve Nuriye Arslan\u2019\u0131n talimat\u0131yla; Park ve Bah\u00e7eler M\u00fcd\u00fcrl\u00fc\u011f\u00fc eliyle y\u00fcr\u00fct\u00fclen \u00e7al\u0131\u015fmada, \u20183 Aral\u0131k D\u00fcnya Engelliler G\u00fcn\u00fc\u2019 vesilesiyle, Yeni Mahalle Gazi Mustafa Kemal Bulvar\u0131 \u00fczerinde yer alan ve Akdeniz\u2019in ilk engelsiz park\u0131 niteli\u011fi ta\u015f\u0131yan H\u00fcseyin Okan Merzeci Park\u0131 i\u00e7indeki alanda kapsaml\u0131 bir revizyon yap\u0131ld\u0131.<\/p>\n\n\n\n<p>B\u00fct\u00fcn oyun ve oturma gruplar\u0131 engelli \u00e7ocuklar\u0131n kullan\u0131m\u0131na uygun bir \u015fekilde tasarlanm\u0131\u015f olan parkta, yenileme \u00e7al\u0131\u015fmalar\u0131 kapsam\u0131nda ilk olarak budama, peyzaj d\u00fczenleme ve \u00e7evre temizli\u011fi yap\u0131ld\u0131.&nbsp; Ard\u0131ndan da park bah\u00e7eler m\u00fcd\u00fcrl\u00fc\u011f\u00fcne ba\u011fl\u0131 ekipler taraf\u0131ndan park\u0131n i\u00e7ine, engelli \u00e7ocuklar\u0131n kullan\u0131m\u0131na uygun \u015fekilde kamelya ve oturaklar, sal\u0131ncak, kayd\u0131rak ve tahterevalli kuruldu. Parkta bulunan ve kullan\u0131m \u00f6mr\u00fcn\u00fc tamamlam\u0131\u015f mobilyalar da kald\u0131r\u0131ld\u0131.<\/p>\n\n\n\n<p>Akdeniz\u2019in ilk Engelsiz Park\u0131ndaki yenileme ve d\u00fczenleme \u00e7al\u0131\u015fmalar\u0131na tan\u0131k olan Yeni Mahalle sakini vatanda\u015flar, 3 Aral\u0131k D\u00fcnya Engelliler G\u00fcn\u00fc vesilesiyle g\u00f6sterdikleri duyarl\u0131l\u0131k ve park\u0131n m\u00fcdavimi olan engelli \u00e7ocuklar\u0131na yap\u0131lan s\u00fcrprizden \u00f6t\u00fcr\u00fc E\u015f Ba\u015fkanlar Arslan ve Sar\u0131y\u0131ld\u0131z\u2019a te\u015fekk\u00fcr etti.<\/p>\n","protected":false},"excerpt":{"rendered":"<p>Akdeniz Belediyesi, \u201c3 Aral\u0131k D\u00fcnya Engelliler G\u00fcn\u00fc\u201d dolay\u0131s\u0131yla \u00f6zel bir \u00e7al\u0131\u015fmaya imza atarak, \u00f6zel \u00e7ocuklar\u0131n yararlanabilece\u011fi, g\u00f6n\u00fcllerince g\u00fczel vakit ge\u00e7irebilece\u011fi, e\u011flenip dinlenebilecekleri \u201cEngelsiz Park\u0131\u2019n\u0131\u201d yeniledi. Akdeniz Belediyesi E\u015f Ba\u015fkanlar\u0131 Ho\u015fyar Sar\u0131y\u0131ld\u0131z ve Nuriye Arslan\u2019\u0131n talimat\u0131yla; Park ve Bah\u00e7eler M\u00fcd\u00fcrl\u00fc\u011f\u00fc eliyle y\u00fcr\u00fct\u00fclen \u00e7al\u0131\u015fmada, \u20183 Aral\u0131k D\u00fcnya Engelliler G\u00fcn\u00fc\u2019 vesilesiyle, Yeni Mahalle Gazi Mustafa Kemal Bulvar\u0131 \u00fczerinde [&hellip;]<\/p>\n","protected":false},"author":2,"featured_media":37485,"comment_status":"closed","ping_status":"closed","sticky":false,"template":"","format":"standard","meta":{"footnotes":""},"categories":[3],"tags":[],"class_list":["post-37484","post","type-post","status-publish","format-standard","has-post-thumbnail","hentry","category-manset"],"views":4,"_links":{"self":[{"href":"https:\/\/mersinkadingazetesi.com\/index.php?rest_route=\/wp\/v2\/posts\/37484"}],"collection":[{"href":"https:\/\/mersinkadingazetesi.com\/index.php?rest_route=\/wp\/v2\/posts"}],"about":[{"href":"https:\/\/mersinkadingazetesi.com\/index.php?rest_route=\/wp\/v2\/types\/post"}],"author":[{"embeddable":true,"href":"https:\/\/mersinkadingazetesi.com\/index.php?rest_route=\/wp\/v2\/users\/2"}],"replies":[{"embeddable":true,"href":"https:\/\/mersinkadingazetesi.com\/index.php?rest_route=%2Fwp%2Fv2%2Fcomments&post=37484"}],"version-history":[{"count":1,"href":"https:\/\/mersinkadingazetesi.com\/index.php?rest_route=\/wp\/v2\/posts\/37484\/revisions"}],"predecessor-version":[{"id":37486,"href":"https:\/\/mersinkadingazetesi.com\/index.php?rest_route=\/wp\/v2\/posts\/37484\/revisions\/37486"}],"wp:featuredmedia":[{"embeddable":true,"href":"https:\/\/mersinkadingazetesi.com\/index.php?rest_route=\/wp\/v2\/media\/37485"}],"wp:attachment":[{"href":"https:\/\/mersinkadingazetesi.com\/index.php?rest_route=%2Fwp%2Fv2%2Fmedia&parent=37484"}],"wp:term":[{"taxonomy":"category","embeddable":true,"href":"https:\/\/mersinkadingazetesi.com\/index.php?rest_route=%2Fwp%2Fv2%2Fcategories&post=37484"},{"taxonomy":"post_tag","embeddable":true,"href":"https:\/\/mersinkadingazetesi.com\/index.php?rest_route=%2Fwp%2Fv2%2Ftags&post=37484"}],"curies":[{"name":"wp","href":"https:\/\/api.w.org\/{rel}","templated":true}]}}