{"id":37491,"date":"2024-12-03T11:35:25","date_gmt":"2024-12-03T08:35:25","guid":{"rendered":"https:\/\/mersinkadingazetesi.com\/?p=37491"},"modified":"2024-12-03T11:35:25","modified_gmt":"2024-12-03T08:35:25","slug":"uluslararasi-mersin-maratonu-rekor-katilimla-bu-yil-6-kez-kosulacak","status":"publish","type":"post","link":"https:\/\/mersinkadingazetesi.com\/?p=37491","title":{"rendered":"ULUSLARARASI MERS\u0130N MARATONU REKOR KATILIMLA BU YIL 6. KEZ KO\u015eULACAK"},"content":{"rendered":"\n<p>Mersin B\u00fcy\u00fck\u015fehir Belediyesi&#8217;nin bu y\u0131l 6. kez d\u00fczenledi\u011fi Uluslararas\u0131 Mersin Maratonu &#8216;Rekorlar \u015eehrinde Rekorlara Ko\u015fuyoruz&#8217; slogan\u0131yla 15 Aral\u0131k Pazar g\u00fcn\u00fc ko\u015fulacak. Son kay\u0131t tarihinin 11 Aral\u0131k oldu\u011fu maraton, 10K, 42K ve 5K Halk Ko\u015fusu olarak d\u00fczenlenecek. Vatanda\u015flar, https:\/\/imsva91-ctp.trendmicro.com:443\/wis\/clicktime\/v1\/query?url=www.mbbspor.org&amp;umid=74F59138-2857-8106-8777-822A5186934A&amp;auth=3b1925d1bc8738e93b0ed0c6e2bc564debba9efa-b89870bcbf857774276117fd16f898d626d065bf adresin maraton ve kay\u0131t i\u00e7in detayl\u0131 bilgiye ula\u015fabilecek.<\/p>\n\n\n\n<p>3 ayr\u0131parkurda ger\u00e7ekle\u015fecek<\/p>\n\n\n\n<p>D\u00fcnya Atletizm Birli\u011fi taraf\u0131ndan &#8216;Elite Label&#8217; kategorisine bulunan ve d\u00fcnya arenas\u0131nda 46. s\u0131rada yer alan Uluslararas\u0131 Mersin Maratonu i\u00e7in bu y\u0131l da rekor kat\u0131l\u0131m bekleniyor. Maratonlar aras\u0131nda T\u00fcrkiye&#8217;de liderli\u011fi elinde bulunduran maraton, T\u00fcrkiye Atletizm Federasyonu&#8217;nun faaliyet program\u0131nda yer alan ve Uluslararas\u0131 Atletizm Federasyonlar\u0131 Birli\u011fi (IAAF) yar\u0131\u015fma kurallar\u0131na g\u00f6re 3 ayr\u0131 parkurda ger\u00e7ekle\u015fecek.<\/p>\n\n\n\n<p>Bir\u00e7ok \u00fclkeden binlerce sporcunun kay\u0131t yapt\u0131rd\u0131\u011f\u0131; 42K, 10K ve 5K Halk Ko\u015fusu&#8217;nun yer alaca\u011f\u0131 maraton, \u00d6zgecan Aslan Bar\u0131\u015f Meydan\u0131&#8217;ndan ba\u015flayacak ve ayn\u0131 yerde sona erecek. 10K yar\u0131\u015flar\u0131 09.00&#8217;da, 42K 09.30&#8217;da, 5K Halk Ko\u015fusu ise 09:45&#8217;te start alacak. \u00d6d\u00fcl t\u00f6reni ise saat 15.00&#8217;te ger\u00e7ekle\u015fecek. Maraton \u00f6ncesi 14 Aral\u0131k&#8217;ta yine \u00d6zgecan Aslan Meydan\u0131&#8217;nda yap\u0131lacak maraton fuar\u0131nda \u00e7ip ve kit da\u011f\u0131t\u0131mlar\u0131 ger\u00e7ekle\u015ftirilecek.<\/p>\n\n\n\n<p>\u00d6d\u00fcller, kazananlar\u0131n\u0131 bekliyor<\/p>\n\n\n\n<p>Maratonda dereceye girecek sporcular\u0131 da \u00f6nemli \u00f6d\u00fcller bekliyor. Maraton&#8217;un 42K erkek ve kad\u0131nlar kategorisi birincileri 15 bin dolar, ikincileri 7 bin 500 dolar, \u00fc\u00e7\u00fcnc\u00fcleri ise 5 bin dolar \u00f6d\u00fcl alacak. Maraton T\u00fcrk s\u0131ralamas\u0131nda ise erkek ve kad\u0131n kategorisinde birinci olanlara 25 bin TL, ikinciye 20 bin TL, \u00fc\u00e7\u00fcnc\u00fcye ise 15 bin TL para \u00f6d\u00fcl\u00fc verilecek. 10K&#8217;da ise kad\u0131n ve erkek kategorilerinde birinciye 15 bin, ikinciye 12 bin, \u00fc\u00e7\u00fcnc\u00fcye ise 10 bin TL \u00f6d\u00fcl verilecek.<\/p>\n\n\n\n<p>Mersin&#8217;in e\u015fsiz do\u011fas\u0131nda spor kentine yak\u0131\u015f\u0131r bir \u015fekilde ger\u00e7ekle\u015fecek yar\u0131\u015fta kat\u0131l\u0131mc\u0131lar, tarihi \u00f6neme sahip noktalardan ge\u00e7ecek.<\/p>\n","protected":false},"excerpt":{"rendered":"<p>Mersin B\u00fcy\u00fck\u015fehir Belediyesi&#8217;nin bu y\u0131l 6. kez d\u00fczenledi\u011fi Uluslararas\u0131 Mersin Maratonu &#8216;Rekorlar \u015eehrinde Rekorlara Ko\u015fuyoruz&#8217; slogan\u0131yla 15 Aral\u0131k Pazar g\u00fcn\u00fc ko\u015fulacak. Son kay\u0131t tarihinin 11 Aral\u0131k oldu\u011fu maraton, 10K, 42K ve 5K Halk Ko\u015fusu olarak d\u00fczenlenecek. Vatanda\u015flar, https:\/\/imsva91-ctp.trendmicro.com:443\/wis\/clicktime\/v1\/query?url=www.mbbspor.org&amp;umid=74F59138-2857-8106-8777-822A5186934A&amp;auth=3b1925d1bc8738e93b0ed0c6e2bc564debba9efa-b89870bcbf857774276117fd16f898d626d065bf adresin maraton ve kay\u0131t i\u00e7in detayl\u0131 bilgiye ula\u015fabilecek. 3 ayr\u0131parkurda ger\u00e7ekle\u015fecek D\u00fcnya Atletizm Birli\u011fi taraf\u0131ndan &#8216;Elite Label&#8217; [&hellip;]<\/p>\n","protected":false},"author":2,"featured_media":37492,"comment_status":"closed","ping_status":"closed","sticky":false,"template":"","format":"standard","meta":{"footnotes":""},"categories":[7,3,10],"tags":[],"class_list":["post-37491","post","type-post","status-publish","format-standard","has-post-thumbnail","hentry","category-dunya","category-manset","category-spor"],"views":12,"_links":{"self":[{"href":"https:\/\/mersinkadingazetesi.com\/index.php?rest_route=\/wp\/v2\/posts\/37491"}],"collection":[{"href":"https:\/\/mersinkadingazetesi.com\/index.php?rest_route=\/wp\/v2\/posts"}],"about":[{"href":"https:\/\/mersinkadingazetesi.com\/index.php?rest_route=\/wp\/v2\/types\/post"}],"author":[{"embeddable":true,"href":"https:\/\/mersinkadingazetesi.com\/index.php?rest_route=\/wp\/v2\/users\/2"}],"replies":[{"embeddable":true,"href":"https:\/\/mersinkadingazetesi.com\/index.php?rest_route=%2Fwp%2Fv2%2Fcomments&post=37491"}],"version-history":[{"count":1,"href":"https:\/\/mersinkadingazetesi.com\/index.php?rest_route=\/wp\/v2\/posts\/37491\/revisions"}],"predecessor-version":[{"id":37493,"href":"https:\/\/mersinkadingazetesi.com\/index.php?rest_route=\/wp\/v2\/posts\/37491\/revisions\/37493"}],"wp:featuredmedia":[{"embeddable":true,"href":"https:\/\/mersinkadingazetesi.com\/index.php?rest_route=\/wp\/v2\/media\/37492"}],"wp:attachment":[{"href":"https:\/\/mersinkadingazetesi.com\/index.php?rest_route=%2Fwp%2Fv2%2Fmedia&parent=37491"}],"wp:term":[{"taxonomy":"category","embeddable":true,"href":"https:\/\/mersinkadingazetesi.com\/index.php?rest_route=%2Fwp%2Fv2%2Fcategories&post=37491"},{"taxonomy":"post_tag","embeddable":true,"href":"https:\/\/mersinkadingazetesi.com\/index.php?rest_route=%2Fwp%2Fv2%2Ftags&post=37491"}],"curies":[{"name":"wp","href":"https:\/\/api.w.org\/{rel}","templated":true}]}}