{"id":37494,"date":"2024-12-03T11:36:50","date_gmt":"2024-12-03T08:36:50","guid":{"rendered":"https:\/\/mersinkadingazetesi.com\/?p=37494"},"modified":"2024-12-03T11:36:51","modified_gmt":"2024-12-03T08:36:51","slug":"baskan-yildiz-her-mahalleye-kres-acacagiz","status":"publish","type":"post","link":"https:\/\/mersinkadingazetesi.com\/?p=37494","title":{"rendered":"BA\u015eKAN YILDIZ: HER MAHALLEYE KRE\u015e A\u00c7ACA\u011eIZ"},"content":{"rendered":"\n<p>Toroslar Belediye Ba\u015fkan\u0131 Abdurrahman Y\u0131ld\u0131z, belediye meclis toplant\u0131s\u0131nda il\u00e7edeki kre\u015f projelerini ve toplumsal faydalar\u0131 hakk\u0131nda a\u00e7\u0131klama yaparak, &#8220;Ocak ay\u0131n\u0131n ortalar\u0131 itibar\u0131yla Akbelen Mahallesi&#8217;nde, 120&#8217;ye yak\u0131n \u00e7ocu\u011fumuzun bar\u0131nabilece\u011fi ve faydalanabilece\u011fi g\u00fczel ve verimli bir kre\u015fi hizmete a\u00e7aca\u011f\u0131z&#8221; dedi.<\/p>\n\n\n\n<p>Toroslar Belediye Meclisinin Aral\u0131k ay\u0131 ola\u011fan meclis toplant\u0131s\u0131n\u0131n birinci oturumu belediye ba\u015fkan\u0131 Abdurrahman Y\u0131ld\u0131z ba\u015fkanl\u0131\u011f\u0131nda yap\u0131ld\u0131. Meclis toplant\u0131s\u0131nda konu\u015fan Ba\u015fkan Y\u0131ld\u0131z, belediyenin imk\u00e2nlar\u0131 d\u00e2hilinde her mahallede kre\u015f a\u00e7acaklar\u0131n\u0131 duyurdu.<\/p>\n\n\n\n<p><strong>&#8220;AKBELEN MAHALLES\u0130NDE 120 \u00c7OCUK KAPAS\u0130TEL\u0130 KRE\u015e A\u00c7IYORUZ&#8221;<\/strong><\/p>\n\n\n\n<p>Koray Ayd\u0131n Stad\u0131&#8217;n\u0131n g\u00fcneyinde daha \u00f6nce belediyenin bo\u015f b\u0131rakt\u0131\u011f\u0131 bir alan\u0131 yeniden d\u00fczenleyerek 9 s\u0131n\u0131fl\u0131 bir kre\u015f in\u015fa ettiklerini belirten Ba\u015fkan Y\u0131ld\u0131z, projenin hem kad\u0131nlara hem de mahalle sakinlerine b\u00fcy\u00fck fayda sa\u011flayaca\u011f\u0131n\u0131 vurgulad\u0131. Ba\u015fkan Y\u0131ld\u0131z, &#8220;Kad\u0131nlar, \u00e7ocuklar\u0131n\u0131 b\u0131rakabilecekleri bir merkez olmad\u0131\u011f\u0131 i\u00e7in sosyal hayattan ve i\u015f hayat\u0131ndan kopuk bir ya\u015fam s\u00fcrmek zorunda kal\u0131yordu. Akbelen Mahallesi gibi dezavantajl\u0131 b\u00f6lgelerde bu durum daha belirgin. Bu kre\u015f, yaln\u0131zca \u00e7ocuklar i\u00e7in de\u011fil, ayn\u0131 zamanda mahalledeki ya\u015fam tarz\u0131n\u0131 de\u011fi\u015ftiren bir merkez olacak&#8221; dedi.<\/p>\n\n\n\n<p><strong>&#8220;KRE\u015eLER MAHALLE HAYATINI D\u00d6N\u00dc\u015eT\u00dcR\u00dcYOR&#8221;<\/strong><\/p>\n\n\n\n<p>Ba\u015fkan Y\u0131ld\u0131z, Osmaniye Mahallesi&#8217;nde hizmete a\u00e7t\u0131klar\u0131 kre\u015fin mahalledeki sosyal ve fiziki \u00e7evreyi olumlu y\u00f6nde d\u00f6n\u00fc\u015ft\u00fcrd\u00fc\u011f\u00fcne dair \u00f6rnekler de payla\u015ft\u0131. Mahalle sakinlerinden birinin projeye ili\u015fkin memnuniyetini aktaran Y\u0131ld\u0131z, \u015funlar\u0131 s\u00f6yledi:<\/p>\n\n\n\n<p>&#8220;Kre\u015fin gelmesiyle birlikte oradaki hayat tarz\u0131 ve insanlar\u0131n davran\u0131\u015f al\u0131\u015fkanl\u0131klar\u0131 da de\u011fi\u015fti. Mahallede eskiden kriminal olaylar yo\u011funken, \u015fimdi b\u00f6lge daha g\u00fcvenli ve d\u00fczenli hale geldi. Ara\u00e7lar art\u0131k h\u0131z yapm\u0131yor, \u00e7\u00fcnk\u00fc herkes \u00e7ocuklar\u0131n kre\u015fe gidip geldi\u011fini biliyor. Bu yap\u0131lar\u0131n, mahallelerimize b\u00f6yle bir faydas\u0131 da var.&#8221;<\/p>\n\n\n\n<p><strong>&#8220;HER MAHALLEYE KRE\u015e HEDEF\u0130M\u0130Z VAR&#8221;<\/strong><\/p>\n\n\n\n<p>Ba\u015fkan Y\u0131ld\u0131z, Akbelen Mahallesi&#8217;nin ard\u0131ndan \u00fc\u00e7\u00fcnc\u00fc kre\u015fin ise Mevlana Mahallesi&#8217;nde yap\u0131laca\u011f\u0131n\u0131 ve eski bir karakol binas\u0131n\u0131n restore edilerek kre\u015fe d\u00f6n\u00fc\u015ft\u00fcr\u00fclece\u011fini s\u00f6yledi ve bu projenin de birka\u00e7 ay i\u00e7inde tamamlanaca\u011f\u0131n\u0131 kaydetti. Ba\u015fkan Y\u0131ld\u0131z, &#8220;Dezavantajl\u0131 mahallelerimizden ba\u015flayarak t\u00fcm mahallelerimize mutlaka bir kre\u015f a\u00e7aca\u011f\u0131z. \u00c7ocuklar\u0131m\u0131za g\u00fcvenli bir ortam sunarken kad\u0131nlar\u0131n i\u015f g\u00fcc\u00fcne kat\u0131l\u0131m\u0131n\u0131 art\u0131rmay\u0131 hedefliyoruz&#8221; diye konu\u015ftu.<\/p>\n\n\n\n<p><strong>&#8220;ELE\u015eT\u0130R\u0130YE A\u00c7I\u011eIZ, KAYYUM UYGULAMASINI KABUL ETM\u0130YORUZ&#8221;<\/strong><\/p>\n\n\n\n<p>Ba\u015fkan Y\u0131ld\u0131z, ele\u015ftiriye a\u00e7\u0131k olduklar\u0131n\u0131 ve yap\u0131c\u0131 ele\u015ftirilerin geli\u015fim i\u00e7in \u00f6nemli bir f\u0131rsat sundu\u011funu da belirtti. Ayr\u0131ca, kayyum uygulamalar\u0131n\u0131 do\u011fru bulmad\u0131\u011f\u0131n\u0131 ve belediye y\u00f6netiminin demokratik yollarla sa\u011flanmas\u0131 gerekti\u011finin alt\u0131n\u0131 \u00e7izen Ba\u015fkan Y\u0131ld\u0131z, &#8220;Avrupa \u0130nsan Haklar\u0131 Mahkemesi&#8217;nin de belirtti\u011fi gibi, se\u00e7ilmi\u015f bir ki\u015fi en a\u011f\u0131r ele\u015ftirilere a\u00e7\u0131k olmal\u0131d\u0131r. Ancak ele\u015ftiriler samimi olmal\u0131, sadece siyaset i\u00e7in yap\u0131lmamal\u0131d\u0131r. Kayyum uygulamas\u0131n\u0131n demokratik s\u00fcre\u00e7leri zedeledi\u011fini d\u00fc\u015f\u00fcn\u00fcyorum&#8221; ifadelerini kulland\u0131.<\/p>\n","protected":false},"excerpt":{"rendered":"<p>Toroslar Belediye Ba\u015fkan\u0131 Abdurrahman Y\u0131ld\u0131z, belediye meclis toplant\u0131s\u0131nda il\u00e7edeki kre\u015f projelerini ve toplumsal faydalar\u0131 hakk\u0131nda a\u00e7\u0131klama yaparak, &#8220;Ocak ay\u0131n\u0131n ortalar\u0131 itibar\u0131yla Akbelen Mahallesi&#8217;nde, 120&#8217;ye yak\u0131n \u00e7ocu\u011fumuzun bar\u0131nabilece\u011fi ve faydalanabilece\u011fi g\u00fczel ve verimli bir kre\u015fi hizmete a\u00e7aca\u011f\u0131z&#8221; dedi. Toroslar Belediye Meclisinin Aral\u0131k ay\u0131 ola\u011fan meclis toplant\u0131s\u0131n\u0131n birinci oturumu belediye ba\u015fkan\u0131 Abdurrahman Y\u0131ld\u0131z ba\u015fkanl\u0131\u011f\u0131nda yap\u0131ld\u0131. Meclis toplant\u0131s\u0131nda [&hellip;]<\/p>\n","protected":false},"author":2,"featured_media":37495,"comment_status":"closed","ping_status":"closed","sticky":false,"template":"","format":"standard","meta":{"footnotes":""},"categories":[34,3],"tags":[],"class_list":["post-37494","post","type-post","status-publish","format-standard","has-post-thumbnail","hentry","category-flas-haber","category-manset"],"views":1,"_links":{"self":[{"href":"https:\/\/mersinkadingazetesi.com\/index.php?rest_route=\/wp\/v2\/posts\/37494"}],"collection":[{"href":"https:\/\/mersinkadingazetesi.com\/index.php?rest_route=\/wp\/v2\/posts"}],"about":[{"href":"https:\/\/mersinkadingazetesi.com\/index.php?rest_route=\/wp\/v2\/types\/post"}],"author":[{"embeddable":true,"href":"https:\/\/mersinkadingazetesi.com\/index.php?rest_route=\/wp\/v2\/users\/2"}],"replies":[{"embeddable":true,"href":"https:\/\/mersinkadingazetesi.com\/index.php?rest_route=%2Fwp%2Fv2%2Fcomments&post=37494"}],"version-history":[{"count":1,"href":"https:\/\/mersinkadingazetesi.com\/index.php?rest_route=\/wp\/v2\/posts\/37494\/revisions"}],"predecessor-version":[{"id":37496,"href":"https:\/\/mersinkadingazetesi.com\/index.php?rest_route=\/wp\/v2\/posts\/37494\/revisions\/37496"}],"wp:featuredmedia":[{"embeddable":true,"href":"https:\/\/mersinkadingazetesi.com\/index.php?rest_route=\/wp\/v2\/media\/37495"}],"wp:attachment":[{"href":"https:\/\/mersinkadingazetesi.com\/index.php?rest_route=%2Fwp%2Fv2%2Fmedia&parent=37494"}],"wp:term":[{"taxonomy":"category","embeddable":true,"href":"https:\/\/mersinkadingazetesi.com\/index.php?rest_route=%2Fwp%2Fv2%2Fcategories&post=37494"},{"taxonomy":"post_tag","embeddable":true,"href":"https:\/\/mersinkadingazetesi.com\/index.php?rest_route=%2Fwp%2Fv2%2Ftags&post=37494"}],"curies":[{"name":"wp","href":"https:\/\/api.w.org\/{rel}","templated":true}]}}