{"id":37497,"date":"2024-12-03T11:39:56","date_gmt":"2024-12-03T08:39:56","guid":{"rendered":"https:\/\/mersinkadingazetesi.com\/?p=37497"},"modified":"2024-12-03T11:39:56","modified_gmt":"2024-12-03T08:39:56","slug":"mersin-milletvekili-talat-dincer-ticaret-bakanligi-ncts-faz-5teki-sorunlari-acilen-cozmeli","status":"publish","type":"post","link":"https:\/\/mersinkadingazetesi.com\/?p=37497","title":{"rendered":"Mersin Milletvekili Talat Din\u00e7er: &#8220;Ticaret Bakanl\u0131\u011f\u0131 NCTS FAZ 5&#8217;teki Sorunlar\u0131 Acilen \u00c7\u00f6zmeli&#8221;"},"content":{"rendered":"\n<p>Mersin Milletvekili Talat Din\u00e7er, Mersin G\u00fcmr\u00fck ve D\u0131\u015f Ticaret B\u00f6lge M\u00fcd\u00fcrl\u00fc\u011f\u00fc \u00f6n\u00fcnde g\u00fcmr\u00fck m\u00fc\u015favirli\u011fi hizmeti sunan i\u015fletmelerin \u00e7al\u0131\u015fanlar\u0131yla bir araya gelerek, Ticaret Bakanl\u0131\u011f\u0131 taraf\u0131ndan 17 Kas\u0131m\u2019da devreye al\u0131nan NCTS FAZ 5 sisteminin ciddi aksakl\u0131klar yaratt\u0131\u011f\u0131n\u0131 ifade etti. Din\u00e7er, bu aksakl\u0131klar\u0131n ihracat\u00e7\u0131lar\u0131, lojistik firmalar\u0131n\u0131 ve g\u00fcmr\u00fck m\u00fc\u015favirlerini ciddi \u015fekilde ma\u011fdur etti\u011fini belirtti.<\/p>\n\n\n\n<p>Din\u00e7er, sistemin yeterli testler yap\u0131lmadan ve pratik uygulamalar ger\u00e7ekle\u015ftirilmeden hayata ge\u00e7irilmesinin b\u00fcy\u00fck s\u0131k\u0131nt\u0131lara yol a\u00e7t\u0131\u011f\u0131n\u0131 vurgulad\u0131. \u00d6zellikle daha \u00f6nce s\u00f6zle\u015fmeleri ve rezervasyonlar\u0131 yap\u0131lm\u0131\u015f y\u00fcklerin zaman\u0131nda gemilere y\u00fcklenemedi\u011fini ve transit ta\u015f\u0131mac\u0131l\u0131k yapan firmalar\u0131n refakat belgelerini alamad\u0131\u011f\u0131 i\u00e7in g\u00fcmr\u00fck kap\u0131lar\u0131nda uzun TIR kuyruklar\u0131 olu\u015ftu\u011funu dile getirdi.<\/p>\n\n\n\n<p><strong>Mersin G\u00fcmr\u00fck\u00e7\u00fclerinin B\u00fcy\u00fck Ma\u011fduriyeti<\/strong><\/p>\n\n\n\n<p>Mersin Liman\u0131&#8217;n\u0131n \u00f6zelle\u015ftirilmesi sonras\u0131 ya\u015fanan s\u0131k\u0131nt\u0131lara da de\u011finen Din\u00e7er, &#8220;MIP&#8217;nin gelirini art\u0131rmak i\u00e7in i\u015flerin yava\u015flat\u0131lmas\u0131, yasal prosed\u00fcrlerin uzat\u0131lmas\u0131 Mersin&#8217;deki ihracat\u00e7\u0131lar\u0131 ve g\u00fcmr\u00fck\u00e7\u00fcleri \u00e7ok zor durumda b\u0131rak\u0131yor. Bu sorunlar\u0131n \u00e7\u00f6z\u00fcm\u00fc i\u00e7in Ticaret Bakanl\u0131\u011f\u0131\u2019n\u0131n acil ad\u0131m atmas\u0131 gerekiyor&#8221; dedi.<\/p>\n\n\n\n<p><strong>FAZ 6 \u00d6ncesi Pilot Uygulama \u00c7a\u011fr\u0131s\u0131<\/strong><\/p>\n\n\n\n<p>Ticaret Bakanl\u0131\u011f\u0131\u2019n\u0131n \u00f6n\u00fcm\u00fczdeki s\u00fcre\u00e7te FAZ 6 sistemine ge\u00e7meyi planlad\u0131\u011f\u0131n\u0131 belirten Din\u00e7er, bu ge\u00e7i\u015fin de ayn\u0131 hatalarla yap\u0131lmamas\u0131 gerekti\u011fini ifade etti. &#8220;FAZ 6 sistemine ge\u00e7meden \u00f6nce, pilot b\u00f6lgelerde testlerin yap\u0131lmas\u0131 ve mevcut sorunlar\u0131n giderilmesi \u015fart. Aksi takdirde ihracat\u00e7\u0131lar, lojistik firmalar\u0131 ve transit ta\u015f\u0131mac\u0131lar yine b\u00fcy\u00fck sorunlarla kar\u015f\u0131 kar\u015f\u0131ya kalacak&#8221; dedi.<\/p>\n\n\n\n<p><strong>G\u00fcmr\u00fckte Liyakate Vurgu<\/strong><\/p>\n\n\n\n<p>Bir g\u00fcmr\u00fck firmas\u0131 sahibi, Ticaret Bakan\u0131 \u00d6mer Bolat\u2019a seslenerek \u015funlar\u0131 s\u00f6yledi:<\/p>\n\n\n\n<p>&#8220;Mersin G\u00fcmr\u00fck M\u00fcd\u00fcrl\u00fc\u011f\u00fc\u2019ne liyakat sahibi, m\u00fcfetti\u015f k\u00f6kenli idarecilerin atanmas\u0131n\u0131 temenni ediyoruz. Mevcut uygulamalarda g\u00fcmr\u00fck kanunu yerine ka\u00e7ak\u00e7\u0131l\u0131k kanununa g\u00f6re i\u015flem yap\u0131lmas\u0131, milli servetimizi bo\u015fa harcayarak b\u00fcy\u00fck maliyetlere yol a\u00e7\u0131yor. Bu durum, kaynaklar\u0131m\u0131z\u0131n gereksiz yere MIP\u2019ye aktar\u0131lmas\u0131na neden oluyor ve ihracat\u00e7\u0131 firmalar\u0131 ma\u011fdur ediyor. Bu sorunun acilen \u00e7\u00f6z\u00fclmesi gerekiyor.<\/p>\n\n\n\n<p>Di\u011fer g\u00fcmr\u00fck firmas\u0131 sahibi ise g\u00fcmr\u00fck idaresinin yanl\u0131\u015f uygulamalar\u0131na vurgu yapt\u0131:<\/p>\n\n\n\n<p>&#8220;2023 y\u0131l\u0131nda a\u00e7\u0131lan davalar\u0131n %95\u2019ini g\u00fcmr\u00fck idaresi kaybetti. Bunun nedeni, i\u015flemlerin uzman birimlerde yap\u0131lmas\u0131 gerekirken, yetkin olmayan birimlere devredilmesi. G\u00f6zetimle ilgili gelirlerin ka\u00e7ak\u00e7\u0131l\u0131k gibi de\u011ferlendirilmesi sonucu firmalar haks\u0131z yere mahkemelerde yarg\u0131lan\u0131yor. Savc\u0131l\u0131k ise &#8220;kes-yap\u0131\u015ft\u0131r&#8221; y\u00f6ntemiyle iddianame haz\u0131rl\u0131yor. Bunun sonucunda vatanda\u015flar adliyeye gidip yarg\u0131lan\u0131yorlar. 7.000 TL gibi d\u00fc\u015f\u00fck miktarlarda bile mahk\u00fbm olanlar var.<\/p>\n\n\n\n<p><strong>Bakanl\u0131\u011fa A\u00e7\u0131k \u00c7a\u011fr\u0131<\/strong><\/p>\n\n\n\n<p>Mersin Milletvekili Din\u00e7er, Ticaret Bakan\u0131 \u00d6mer Bolat\u2019a seslenerek, &#8220;Bu sorunlar ihracat\u00e7\u0131lar\u0131m\u0131z\u0131n, lojistik firmalar\u0131m\u0131z\u0131n ve g\u00fcmr\u00fck\u00e7\u00fclerimizin belini b\u00fck\u00fcyor. NCTS FAZ 5&#8217;teki aksakl\u0131klar\u0131n giderilmesi ve yeni sisteme ge\u00e7i\u015fte gerekli tedbirlerin al\u0131nmas\u0131 i\u00e7in derhal harekete ge\u00e7in&#8221; \u00e7a\u011fr\u0131s\u0131nda bulundu.<\/p>\n","protected":false},"excerpt":{"rendered":"<p>Mersin Milletvekili Talat Din\u00e7er, Mersin G\u00fcmr\u00fck ve D\u0131\u015f Ticaret B\u00f6lge M\u00fcd\u00fcrl\u00fc\u011f\u00fc \u00f6n\u00fcnde g\u00fcmr\u00fck m\u00fc\u015favirli\u011fi hizmeti sunan i\u015fletmelerin \u00e7al\u0131\u015fanlar\u0131yla bir araya gelerek, Ticaret Bakanl\u0131\u011f\u0131 taraf\u0131ndan 17 Kas\u0131m\u2019da devreye al\u0131nan NCTS FAZ 5 sisteminin ciddi aksakl\u0131klar yaratt\u0131\u011f\u0131n\u0131 ifade etti. Din\u00e7er, bu aksakl\u0131klar\u0131n ihracat\u00e7\u0131lar\u0131, lojistik firmalar\u0131n\u0131 ve g\u00fcmr\u00fck m\u00fc\u015favirlerini ciddi \u015fekilde ma\u011fdur etti\u011fini belirtti. Din\u00e7er, sistemin yeterli testler [&hellip;]<\/p>\n","protected":false},"author":2,"featured_media":37498,"comment_status":"closed","ping_status":"closed","sticky":false,"template":"","format":"standard","meta":{"footnotes":""},"categories":[3,5],"tags":[],"class_list":["post-37497","post","type-post","status-publish","format-standard","has-post-thumbnail","hentry","category-manset","category-mersin"],"views":7,"_links":{"self":[{"href":"https:\/\/mersinkadingazetesi.com\/index.php?rest_route=\/wp\/v2\/posts\/37497"}],"collection":[{"href":"https:\/\/mersinkadingazetesi.com\/index.php?rest_route=\/wp\/v2\/posts"}],"about":[{"href":"https:\/\/mersinkadingazetesi.com\/index.php?rest_route=\/wp\/v2\/types\/post"}],"author":[{"embeddable":true,"href":"https:\/\/mersinkadingazetesi.com\/index.php?rest_route=\/wp\/v2\/users\/2"}],"replies":[{"embeddable":true,"href":"https:\/\/mersinkadingazetesi.com\/index.php?rest_route=%2Fwp%2Fv2%2Fcomments&post=37497"}],"version-history":[{"count":1,"href":"https:\/\/mersinkadingazetesi.com\/index.php?rest_route=\/wp\/v2\/posts\/37497\/revisions"}],"predecessor-version":[{"id":37499,"href":"https:\/\/mersinkadingazetesi.com\/index.php?rest_route=\/wp\/v2\/posts\/37497\/revisions\/37499"}],"wp:featuredmedia":[{"embeddable":true,"href":"https:\/\/mersinkadingazetesi.com\/index.php?rest_route=\/wp\/v2\/media\/37498"}],"wp:attachment":[{"href":"https:\/\/mersinkadingazetesi.com\/index.php?rest_route=%2Fwp%2Fv2%2Fmedia&parent=37497"}],"wp:term":[{"taxonomy":"category","embeddable":true,"href":"https:\/\/mersinkadingazetesi.com\/index.php?rest_route=%2Fwp%2Fv2%2Fcategories&post=37497"},{"taxonomy":"post_tag","embeddable":true,"href":"https:\/\/mersinkadingazetesi.com\/index.php?rest_route=%2Fwp%2Fv2%2Ftags&post=37497"}],"curies":[{"name":"wp","href":"https:\/\/api.w.org\/{rel}","templated":true}]}}