{"id":37500,"date":"2024-12-03T11:40:55","date_gmt":"2024-12-03T08:40:55","guid":{"rendered":"https:\/\/mersinkadingazetesi.com\/?p=37500"},"modified":"2024-12-03T11:40:55","modified_gmt":"2024-12-03T08:40:55","slug":"chp-mezitli-ilce-baskani-av-ulas-yilmazdan-dunya-engelliler-gunu-mesaji","status":"publish","type":"post","link":"https:\/\/mersinkadingazetesi.com\/?p=37500","title":{"rendered":"CHP Mezitli \u0130l\u00e7e Ba\u015fkan\u0131 Av. Ula\u015f Y\u0131lmaz&#8217;dan D\u00fcnya Engelliler G\u00fcn\u00fc Mesaj\u0131"},"content":{"rendered":"\n<p>Cumhuriyet Halk Partisi (CHP) Mezitli \u0130l\u00e7e Ba\u015fkan\u0131 Av. Ula\u015f Y\u0131lmaz, 3 Aral\u0131k D\u00fcnya Engelliler G\u00fcn\u00fc dolay\u0131s\u0131yla bir mesaj yay\u0131mlayarak engelli bireylerin haklar\u0131 ve toplumsal ya\u015famda kar\u015f\u0131la\u015ft\u0131klar\u0131 sorunlara dikkat \u00e7ekti.<\/p>\n\n\n\n<p>Ba\u015fkan Y\u0131lmaz, mesaj\u0131nda \u015fu ifadelere yer verdi:<\/p>\n\n\n\n<p>&#8220;Engelli vatanda\u015flar\u0131m\u0131z\u0131n g\u00fcnl\u00fck ya\u015famda kar\u015f\u0131la\u015ft\u0131klar\u0131 zorluklar, yaln\u0131zca onlar\u0131n de\u011fil hepimizin sorunudur. \u0130nsan onuruna yak\u0131\u015f\u0131r bir ya\u015fam s\u00fcrd\u00fcrebilmeleri i\u00e7in e\u011fitimden istihdama, sa\u011fl\u0131k hizmetlerinden sosyal hayata kadar her alanda engelleri kald\u0131rmak zorunday\u0131z. Bu, yaln\u0131zca bir vicdan meselesi de\u011fil; e\u015fit yurtta\u015fl\u0131k anlay\u0131\u015f\u0131m\u0131z\u0131n bir gere\u011fidir.<\/p>\n\n\n\n<p>Cumhuriyet Halk Partisi olarak, engelli bireylerin hak ettikleri \u00f6zg\u00fcr ve eri\u015filebilir bir T\u00fcrkiye i\u00e7in m\u00fccadelemizi s\u00fcrd\u00fcr\u00fcyoruz. Mezitli&#8217;mizde de bu anlay\u0131\u015fla, engelli karde\u015flerimizin ya\u015famlar\u0131n\u0131 kolayla\u015ft\u0131racak projeler \u00fczerinde \u00e7al\u0131\u015fmaya devam edece\u011fiz. \u00c7\u00fcnk\u00fc biliyoruz ki engelsiz bir ya\u015fam, dayan\u0131\u015fmayla m\u00fcmk\u00fcn olur.&#8221;<\/p>\n\n\n\n<p>Ba\u015fkan Y\u0131lmaz, yerel y\u00f6netimlerin engellilerin sosyal hayata aktif kat\u0131l\u0131m\u0131n\u0131 sa\u011flamak i\u00e7in daha fazla sorumluluk almas\u0131 gerekti\u011fini de ifade etti. &#8220;Engelli bireylerimizin sesine kulak vermeli, ihtiya\u00e7lar\u0131na uygun \u00e7\u00f6z\u00fcmler \u00fcretmeliyiz. Hep birlikte daha e\u015fit ve adil bir gelece\u011fi in\u015fa edece\u011fimize inan\u0131yorum,&#8221; dedi.<\/p>\n\n\n\n<p>3 Aral\u0131k D\u00fcnya Engelliler G\u00fcn\u00fc vesilesiyle t\u00fcm vatanda\u015flara \u00e7a\u011fr\u0131da bulunan Ba\u015fkan Y\u0131lmaz, fark\u0131ndal\u0131k ve duyarl\u0131l\u0131k \u00e7al\u0131\u015fmalar\u0131n\u0131n \u00f6nemine dikkat \u00e7ekerek \u015fu mesaj\u0131 iletti: &#8220;Bug\u00fcn, engelli bireylerimizin ya\u015fam kalitesini art\u0131rmak i\u00e7in \u00fczerimize d\u00fc\u015feni bir kez daha d\u00fc\u015f\u00fcnmeli ve harekete ge\u00e7meliyiz. E\u015fit bir toplum i\u00e7in el ele vermeliyiz.&#8221;<\/p>\n","protected":false},"excerpt":{"rendered":"<p>Cumhuriyet Halk Partisi (CHP) Mezitli \u0130l\u00e7e Ba\u015fkan\u0131 Av. Ula\u015f Y\u0131lmaz, 3 Aral\u0131k D\u00fcnya Engelliler G\u00fcn\u00fc dolay\u0131s\u0131yla bir mesaj yay\u0131mlayarak engelli bireylerin haklar\u0131 ve toplumsal ya\u015famda kar\u015f\u0131la\u015ft\u0131klar\u0131 sorunlara dikkat \u00e7ekti. Ba\u015fkan Y\u0131lmaz, mesaj\u0131nda \u015fu ifadelere yer verdi: &#8220;Engelli vatanda\u015flar\u0131m\u0131z\u0131n g\u00fcnl\u00fck ya\u015famda kar\u015f\u0131la\u015ft\u0131klar\u0131 zorluklar, yaln\u0131zca onlar\u0131n de\u011fil hepimizin sorunudur. \u0130nsan onuruna yak\u0131\u015f\u0131r bir ya\u015fam s\u00fcrd\u00fcrebilmeleri i\u00e7in e\u011fitimden [&hellip;]<\/p>\n","protected":false},"author":2,"featured_media":37501,"comment_status":"closed","ping_status":"closed","sticky":false,"template":"","format":"standard","meta":{"footnotes":""},"categories":[3],"tags":[],"class_list":["post-37500","post","type-post","status-publish","format-standard","has-post-thumbnail","hentry","category-manset"],"views":7,"_links":{"self":[{"href":"https:\/\/mersinkadingazetesi.com\/index.php?rest_route=\/wp\/v2\/posts\/37500"}],"collection":[{"href":"https:\/\/mersinkadingazetesi.com\/index.php?rest_route=\/wp\/v2\/posts"}],"about":[{"href":"https:\/\/mersinkadingazetesi.com\/index.php?rest_route=\/wp\/v2\/types\/post"}],"author":[{"embeddable":true,"href":"https:\/\/mersinkadingazetesi.com\/index.php?rest_route=\/wp\/v2\/users\/2"}],"replies":[{"embeddable":true,"href":"https:\/\/mersinkadingazetesi.com\/index.php?rest_route=%2Fwp%2Fv2%2Fcomments&post=37500"}],"version-history":[{"count":1,"href":"https:\/\/mersinkadingazetesi.com\/index.php?rest_route=\/wp\/v2\/posts\/37500\/revisions"}],"predecessor-version":[{"id":37502,"href":"https:\/\/mersinkadingazetesi.com\/index.php?rest_route=\/wp\/v2\/posts\/37500\/revisions\/37502"}],"wp:featuredmedia":[{"embeddable":true,"href":"https:\/\/mersinkadingazetesi.com\/index.php?rest_route=\/wp\/v2\/media\/37501"}],"wp:attachment":[{"href":"https:\/\/mersinkadingazetesi.com\/index.php?rest_route=%2Fwp%2Fv2%2Fmedia&parent=37500"}],"wp:term":[{"taxonomy":"category","embeddable":true,"href":"https:\/\/mersinkadingazetesi.com\/index.php?rest_route=%2Fwp%2Fv2%2Fcategories&post=37500"},{"taxonomy":"post_tag","embeddable":true,"href":"https:\/\/mersinkadingazetesi.com\/index.php?rest_route=%2Fwp%2Fv2%2Ftags&post=37500"}],"curies":[{"name":"wp","href":"https:\/\/api.w.org\/{rel}","templated":true}]}}