{"id":37503,"date":"2024-12-03T11:41:59","date_gmt":"2024-12-03T08:41:59","guid":{"rendered":"https:\/\/mersinkadingazetesi.com\/?p=37503"},"modified":"2024-12-03T11:41:59","modified_gmt":"2024-12-03T08:41:59","slug":"milletvekili-uysaldan-3-aralik-dunya-engelliler-gunu-mesaji","status":"publish","type":"post","link":"https:\/\/mersinkadingazetesi.com\/?p=37503","title":{"rendered":"M\u0130LLETVEK\u0130L\u0130 UYSAL&#8217;DAN 3 ARALIK D\u00dcNYA ENGELL\u0130LER G\u00dcN\u00dc MESAJI"},"content":{"rendered":"\n<p>Milliyet\u00e7i Hareket Partisi Mersin Milletvekili ve MYK \u00dcyesi Dr. Levent Uysal 3 Aral\u0131k D\u00fcnya Engelliler G\u00fcn\u00fc ile ilgili yaz\u0131l\u0131 mesaj yay\u0131mlad\u0131.Milletvekili Uysal mesaj\u0131nda \u015fu ifadelere yer verdi;&#8221;\u00d6zel bireylerimiz, toplumumuzun g\u00fczide ki\u015fileri; de\u011ferli insanlar\u0131d\u0131r. Ya\u015fam\u0131m\u0131z\u0131n her alan\u0131nda \u00f6zel bireylerimiz ile i\u00e7 i\u00e7e olmak bizi mutlu etti\u011fi gibi sorumluluklar\u0131m\u0131z\u0131 da art\u0131r\u0131yor. Onlar\u0131n hayat\u0131n\u0131 kolayla\u015ft\u0131rmak ve daha \u00e7ok s\u00f6z sahibi olmalar\u0131n\u0131 sa\u011flamak bizim asli g\u00f6revlerimiz aras\u0131ndad\u0131r. Bir \u00fclkenin geli\u015fmi\u015flik seviyesini g\u00f6steren unsurlardan birisi; \u00f6zel bireylerine sundu\u011fu hizmetler ve her alanda e\u015fitli\u011fi sa\u011flayabilmesidir. Devletimiz, gerek yapt\u0131\u011f\u0131 d\u00fczenlemeler gerek hayata ge\u00e7irdi\u011fi projelerle \u00f6zel bireylerimizin; sa\u011fl\u0131ktan e\u011fitime, sanattan spora kadar bir\u00e7ok alanda etkin rolde olmas\u0131na vesile oluyor. Bizim \u00fczerimize d\u00fc\u015fen en b\u00fcy\u00fck i\u015flerden birisi \u00f6zel bireylerimizin sesi olmak ve refah seviyelerini y\u00fckseltmek. Engelsiz bir T\u00fcrkiye i\u00e7in el birli\u011fiyle \u00e7al\u0131\u015fmaya, empati kurarak ad\u0131m atmaya devam edece\u011fiz. \u00d6zel bireylerimizin her zaman yan\u0131nday\u0131z.&#8221;<\/p>\n","protected":false},"excerpt":{"rendered":"<p>Milliyet\u00e7i Hareket Partisi Mersin Milletvekili ve MYK \u00dcyesi Dr. Levent Uysal 3 Aral\u0131k D\u00fcnya Engelliler G\u00fcn\u00fc ile ilgili yaz\u0131l\u0131 mesaj yay\u0131mlad\u0131.Milletvekili Uysal mesaj\u0131nda \u015fu ifadelere yer verdi;&#8221;\u00d6zel bireylerimiz, toplumumuzun g\u00fczide ki\u015fileri; de\u011ferli insanlar\u0131d\u0131r. Ya\u015fam\u0131m\u0131z\u0131n her alan\u0131nda \u00f6zel bireylerimiz ile i\u00e7 i\u00e7e olmak bizi mutlu etti\u011fi gibi sorumluluklar\u0131m\u0131z\u0131 da art\u0131r\u0131yor. Onlar\u0131n hayat\u0131n\u0131 kolayla\u015ft\u0131rmak ve daha \u00e7ok [&hellip;]<\/p>\n","protected":false},"author":2,"featured_media":37504,"comment_status":"closed","ping_status":"closed","sticky":false,"template":"","format":"standard","meta":{"footnotes":""},"categories":[3],"tags":[],"class_list":["post-37503","post","type-post","status-publish","format-standard","has-post-thumbnail","hentry","category-manset"],"views":3,"_links":{"self":[{"href":"https:\/\/mersinkadingazetesi.com\/index.php?rest_route=\/wp\/v2\/posts\/37503"}],"collection":[{"href":"https:\/\/mersinkadingazetesi.com\/index.php?rest_route=\/wp\/v2\/posts"}],"about":[{"href":"https:\/\/mersinkadingazetesi.com\/index.php?rest_route=\/wp\/v2\/types\/post"}],"author":[{"embeddable":true,"href":"https:\/\/mersinkadingazetesi.com\/index.php?rest_route=\/wp\/v2\/users\/2"}],"replies":[{"embeddable":true,"href":"https:\/\/mersinkadingazetesi.com\/index.php?rest_route=%2Fwp%2Fv2%2Fcomments&post=37503"}],"version-history":[{"count":1,"href":"https:\/\/mersinkadingazetesi.com\/index.php?rest_route=\/wp\/v2\/posts\/37503\/revisions"}],"predecessor-version":[{"id":37505,"href":"https:\/\/mersinkadingazetesi.com\/index.php?rest_route=\/wp\/v2\/posts\/37503\/revisions\/37505"}],"wp:featuredmedia":[{"embeddable":true,"href":"https:\/\/mersinkadingazetesi.com\/index.php?rest_route=\/wp\/v2\/media\/37504"}],"wp:attachment":[{"href":"https:\/\/mersinkadingazetesi.com\/index.php?rest_route=%2Fwp%2Fv2%2Fmedia&parent=37503"}],"wp:term":[{"taxonomy":"category","embeddable":true,"href":"https:\/\/mersinkadingazetesi.com\/index.php?rest_route=%2Fwp%2Fv2%2Fcategories&post=37503"},{"taxonomy":"post_tag","embeddable":true,"href":"https:\/\/mersinkadingazetesi.com\/index.php?rest_route=%2Fwp%2Fv2%2Ftags&post=37503"}],"curies":[{"name":"wp","href":"https:\/\/api.w.org\/{rel}","templated":true}]}}