{"id":37506,"date":"2024-12-03T11:44:12","date_gmt":"2024-12-03T08:44:12","guid":{"rendered":"https:\/\/mersinkadingazetesi.com\/?p=37506"},"modified":"2024-12-03T11:44:13","modified_gmt":"2024-12-03T08:44:13","slug":"ekmen-yilmaza-diyaneti-sikayet-etti-yerel-basina-destek-istedi","status":"publish","type":"post","link":"https:\/\/mersinkadingazetesi.com\/?p=37506","title":{"rendered":"EKMEN: YILMAZ\u2019A D\u0130YANET\u2019\u0130 \u015e\u0130KAYET ETT\u0130, YEREL BASINA DESTEK \u0130STED\u0130!"},"content":{"rendered":"\n<p><strong><br><\/strong><strong>DEVA Partisi Genel Ba\u015fkan Yard\u0131mc\u0131s\u0131 Mehmet Emin Ekmen, Diyanet \u0130\u015fleri Ba\u015fkanl\u0131\u011f\u0131\u2019n\u0131n Hac organizasyonu hakk\u0131nda \u015fikayet, iddia ve sorulara yan\u0131t vermemesi nedeniyle Cumhurba\u015fkan\u0131 Yard\u0131mc\u0131s\u0131 Cevdet Y\u0131lmaz<\/strong><strong>\u2019<\/strong><strong>a \u015fik\u00e2yet ederken, yerel bas\u0131n ilan \u00fc<\/strong><strong>cret art<\/strong><strong>\u0131\u015f\u0131n\u0131n en az&nbsp; y\u00fczde 44 olmas\u0131n\u0131 istedi. &nbsp;<\/strong><strong><br><br><\/strong><\/p>\n\n\n\n<p><strong>Diyanet \u0130\u015fleri Ba\u015fkanl\u0131\u011f\u0131 Hac i\u015flerinin denetlenmemesini de ele\u015ftiren Ekmen, hac hizmetlerindeki pahal\u0131l\u0131kla ilgili Diyanet<\/strong><strong>\u2019<\/strong><strong>in a\u00e7\u0131klama yapmas\u0131 gerekti\u011fine dikkati \u00e7ekerek, <\/strong><strong>\u201c<\/strong><strong>Hep nasihat m\u0131 dinleyece\u011fiz Diyanet<\/strong><strong>\u2019<\/strong><strong>ten! Bir kere de hakikatleri \u015feffafl\u0131kla, a\u00e7\u0131kl\u0131kla dinleme hakk\u0131m\u0131z yok mudur?\u201d diye sordu.<\/strong><\/p>\n\n\n\n<p>DEVA Partisi Genel Ba\u015fkan Yard\u0131mc\u0131s\u0131 ve Mersin Milletvekili Mehmet Emin Ekmen, TBMM Plan ve B\u00fct\u00e7e Komisyonu\u2019nda Cumhurba\u015fkanl\u0131\u011f\u0131 2025 B\u00fct\u00e7esi \u00fczerine de\u011ferlendirmelerde bulundu.<\/p>\n\n\n\n<p><strong>D\u0130<\/strong><strong>YANET <\/strong><strong>\u0130\u015e<\/strong><strong>LER<\/strong><strong>\u0130 VE D\u0130<\/strong><strong>YANET VAKFI NEDEN DENETLENM<\/strong><strong>\u0130YOR!<\/strong><strong><\/strong><\/p>\n\n\n\n<p>Ekmen, 2014\u2019ten beri Say\u0131\u015ftay\u2019\u0131n, Diyanet\u2019in Hac Hizmetlerini denetlemedi\u011finin alt\u0131n\u0131 \u00e7izerek, \u201cDiyanet Vakf\u0131 denetlenmiyor, Diyanet \u0130\u015fleri Ba\u015fkanl\u0131\u011f\u0131 denetlenmiyor; e\u011fer Devlet Denetleme Kurumu denetliyorsa kamuoyuna bir rapor yay\u0131nlam\u0131yor. Biz ni\u00e7in buradaki hizmetlerin kalitesini, pahal\u0131l\u0131\u011f\u0131n\u0131, di\u011fer \u0130slam \u00fclkeleriyle kar\u015f\u0131la\u015ft\u0131r\u0131lmas\u0131n\u0131 ve \u00f6zellikle bu y\u0131l b\u00fcy\u00fck soruna yol a\u00e7an vizesiz hac\u0131lar\u0131n oraya gitmesindeki kamu otoritesinin zafiyetlerini a\u00e7\u0131k y\u00fcreklilikle konu\u015fmuyoruz? Hep nasihat m\u0131 dinleyece\u011fiz Diyanetten! Bir kere de hakikatleri \u015feffafl\u0131kla, a\u00e7\u0131kl\u0131kla dinleme hakk\u0131m\u0131z yok mudur? Cumhurba\u015fkanl\u0131\u011f\u0131n\u0131n hacla ilgili y\u00f6netmeli\u011fini masaya koyun, soru \u00f6nergemi koyun, bu arkada\u015flarla bu meseleleri sarahatle konu\u015fun. Her y\u0131l 100 bin hac\u0131 aday\u0131n\u0131n ve milyonlarca hacca gitmek istedi\u011fi h\u00e2lde gidemeyen ki\u015filerin hakk\u0131, hukuku var burada\u201d ifadelerini kulland\u0131.<br><br><\/p>\n\n\n\n<p><strong>D\u0130<\/strong><strong>YANET <\/strong><strong>\u0130\u015e<\/strong><strong>LER<\/strong><strong>\u0130 BA\u015eKANLI\u011eI SORULARA YANIT VERM\u0130YOR!<\/strong><strong><\/strong><\/p>\n\n\n\n<p>Diyanet \u0130\u015fleri Ba\u015fkanl\u0131\u011f\u0131\u2019n\u0131n sorular\u0131na yan\u0131t vermedi\u011fini dile getiren Ekmen, Diyanet\u2019in Hac Hizmetlerindeki tart\u0131\u015fmal\u0131 konular\u0131 g\u00fcndeme getirdi\u011fini hat\u0131rlatarak, \u201cDiyanet\u2019in sayfas\u0131na girin, tuvalet onar\u0131mlar\u0131yla ilgili olarak bas\u0131n a\u00e7\u0131klamas\u0131 var; Say\u0131n Ali Erba\u015f\u2019\u0131n kelimeyi \u015fehadeti okumas\u0131n\u0131 bilmedi\u011fi iddias\u0131na ili\u015fkin bas\u0131n a\u00e7\u0131klamas\u0131 var, ikametine ili\u015fkin var; \u00e7ift maa\u015f ald\u0131\u011f\u0131 iddialar\u0131na ili\u015fkin a\u00e7\u0131klama var ama bu Hacla ilgili meselelere ne Meclis yoluyla ne de kamuoyunda genel g\u00fcndem yoluyla bir cevap verilmiyor. 2 bas\u0131n a\u00e7\u0131klamas\u0131 yap\u0131lm\u0131\u015f; biri 13 Haziran\u2019da vizesiz T\u00fcrk hac\u0131lar\u0131n\u0131n Diyanet taraf\u0131ndan \u015fik\u00e2yet edildi\u011fi iddialar\u0131na y\u00f6nelik ama bir a\u00e7\u0131klama yok, bir su\u00e7lama var; bir de 23 Eyl\u00fcl\u2019de bir daha hac fiyatlar\u0131na ili\u015fkin bir a\u00e7\u0131klama yap\u0131lm\u0131\u015f, burada da Diyanetin pahal\u0131 hac hizmeti y\u00fcr\u00fctt\u00fc\u011f\u00fcne dair iddialara cevap verilmi\u015f. Yine, top ba\u015fka yere at\u0131l\u0131yor, d\u00f6rt ba\u015f\u0131 mamur bir a\u00e7\u0131klama yok\u201d \u015feklinde konu\u015ftu.<\/p>\n\n\n\n<p><strong>\u0130<\/strong><strong>LAN <\/strong><strong>\u00dcCRETLER<\/strong><strong>\u0130<\/strong><strong>NDE ZAM ORANI Y\u00dc<\/strong><strong>ZDE 44 OLMALI<\/strong><strong><\/strong><\/p>\n\n\n\n<p>Yerel gazetelerin zor bir s\u00fcre\u00e7 ge\u00e7irdi\u011fini s\u00f6yleyen Ekmen, \u0130leti\u015fim Ba\u015fkanl\u0131\u011f\u0131\u2019na ba\u011fl\u0131 olarak faaliyet g\u00f6steren Bas\u0131n \u0130lan Kurumu\u2019nun yerel bas\u0131na y\u00f6nelik ilan \u00fccretlerini y\u00fczde 32 belirlemesine tepki g\u00f6stererek, \u201cDe\u011ferleme oran\u0131n\u0131n y\u00fczde 44 oldu\u011fu bir d\u00f6nemde zam oran\u0131n\u0131n hi\u00e7 olmazsa y\u00fczde 44 oran\u0131yla e\u015fitlenmesi yerel bas\u0131n\u0131n \u00f6nemli bir talebidir. \u00c7\u00fcnk\u00fc yerel bas\u0131n \u015fu anda nefes alamayacak durumda, \u00e2deta i\u00e7ecek bir suya ve alacak bir nefese muhta\u00e7\u201d ifadelerini kulland\u0131.<\/p>\n","protected":false},"excerpt":{"rendered":"<p>DEVA Partisi Genel Ba\u015fkan Yard\u0131mc\u0131s\u0131 Mehmet Emin Ekmen, Diyanet \u0130\u015fleri Ba\u015fkanl\u0131\u011f\u0131\u2019n\u0131n Hac organizasyonu hakk\u0131nda \u015fikayet, iddia ve sorulara yan\u0131t vermemesi nedeniyle Cumhurba\u015fkan\u0131 Yard\u0131mc\u0131s\u0131 Cevdet Y\u0131lmaz\u2019a \u015fik\u00e2yet ederken, yerel bas\u0131n ilan \u00fccret art\u0131\u015f\u0131n\u0131n en az&nbsp; y\u00fczde 44 olmas\u0131n\u0131 istedi. &nbsp; Diyanet \u0130\u015fleri Ba\u015fkanl\u0131\u011f\u0131 Hac i\u015flerinin denetlenmemesini de ele\u015ftiren Ekmen, hac hizmetlerindeki pahal\u0131l\u0131kla ilgili Diyanet\u2019in a\u00e7\u0131klama yapmas\u0131 [&hellip;]<\/p>\n","protected":false},"author":2,"featured_media":37451,"comment_status":"closed","ping_status":"closed","sticky":false,"template":"","format":"standard","meta":{"footnotes":""},"categories":[3],"tags":[],"class_list":["post-37506","post","type-post","status-publish","format-standard","has-post-thumbnail","hentry","category-manset"],"views":3,"_links":{"self":[{"href":"https:\/\/mersinkadingazetesi.com\/index.php?rest_route=\/wp\/v2\/posts\/37506"}],"collection":[{"href":"https:\/\/mersinkadingazetesi.com\/index.php?rest_route=\/wp\/v2\/posts"}],"about":[{"href":"https:\/\/mersinkadingazetesi.com\/index.php?rest_route=\/wp\/v2\/types\/post"}],"author":[{"embeddable":true,"href":"https:\/\/mersinkadingazetesi.com\/index.php?rest_route=\/wp\/v2\/users\/2"}],"replies":[{"embeddable":true,"href":"https:\/\/mersinkadingazetesi.com\/index.php?rest_route=%2Fwp%2Fv2%2Fcomments&post=37506"}],"version-history":[{"count":1,"href":"https:\/\/mersinkadingazetesi.com\/index.php?rest_route=\/wp\/v2\/posts\/37506\/revisions"}],"predecessor-version":[{"id":37507,"href":"https:\/\/mersinkadingazetesi.com\/index.php?rest_route=\/wp\/v2\/posts\/37506\/revisions\/37507"}],"wp:featuredmedia":[{"embeddable":true,"href":"https:\/\/mersinkadingazetesi.com\/index.php?rest_route=\/wp\/v2\/media\/37451"}],"wp:attachment":[{"href":"https:\/\/mersinkadingazetesi.com\/index.php?rest_route=%2Fwp%2Fv2%2Fmedia&parent=37506"}],"wp:term":[{"taxonomy":"category","embeddable":true,"href":"https:\/\/mersinkadingazetesi.com\/index.php?rest_route=%2Fwp%2Fv2%2Fcategories&post=37506"},{"taxonomy":"post_tag","embeddable":true,"href":"https:\/\/mersinkadingazetesi.com\/index.php?rest_route=%2Fwp%2Fv2%2Ftags&post=37506"}],"curies":[{"name":"wp","href":"https:\/\/api.w.org\/{rel}","templated":true}]}}