{"id":37508,"date":"2024-12-03T12:47:35","date_gmt":"2024-12-03T09:47:35","guid":{"rendered":"https:\/\/mersinkadingazetesi.com\/?p=37508"},"modified":"2024-12-03T12:47:35","modified_gmt":"2024-12-03T09:47:35","slug":"yenisehir-belediyesi-besiktas-100-yil-parkini-yeniledi","status":"publish","type":"post","link":"https:\/\/mersinkadingazetesi.com\/?p=37508","title":{"rendered":"Yeni\u015fehir Belediyesi Be\u015fikta\u015f 100. Y\u0131l Park\u0131\u2019n\u0131 yeniledi"},"content":{"rendered":"\n<p>Mersin Yeni\u015fehir Belediyesi, Cumhuriyet Mahallesi\u2019nde bulunan Be\u015fikta\u015f 100. Y\u0131l Park\u0131\u2019n\u0131 kapsaml\u0131 bir yenileme \u00e7al\u0131\u015fmas\u0131n\u0131n ard\u0131ndan yeniden hizmete a\u00e7t\u0131. Yenilenen park\u0131n a\u00e7\u0131l\u0131\u015f\u0131na kat\u0131lan Be\u015fikta\u015f Kul\u00fcb\u00fc Asba\u015fkan\u0131 Mete Vardar, Yeni\u015fehir Belediye Ba\u015fkan\u0131 Abdullah \u00d6zyi\u011fit\u2019e te\u015fekk\u00fcr etti.<\/p>\n\n\n\n<p>7 bin 100 metrekarelik alandan olu\u015fan Be\u015fikta\u015f 100. Y\u0131l Park\u0131, Yeni\u015fehir Belediyesi ve Be\u015fikta\u015f Kul\u00fcb\u00fc taraf\u0131ndan yap\u0131lan \u00e7al\u0131\u015fmalarla modern ve i\u015flevsel bir g\u00f6r\u00fcn\u00fcme kavu\u015ftu. Parkta her ya\u015ftan vatanda\u015f\u0131n faydalanabilece\u011fi alanlar olu\u015fturuldu. Basketbol ve futbol sahalar\u0131, \u00e7ocuklar i\u00e7in oyun gruplar\u0131 ve a\u00e7\u0131k hava spor aletlerinin yer ald\u0131\u011f\u0131 park, b\u00f6lge sakinlerine spor, e\u011flence ve dinlenme imk\u00e2n\u0131 sunacak.<\/p>\n\n\n\n<p>Park\u0131n a\u00e7\u0131l\u0131\u015f\u0131na Be\u015fikta\u015f Kul\u00fcb\u00fc Asba\u015fkan\u0131 Mete Vardar, &nbsp;Y\u00f6netim Kurulu \u00dcyeleri Yal\u00e7\u0131n Ayayd\u0131n, Feyyaz U\u00e7ar ve Kadir K\u0131l\u0131\u00e7, Yeni\u015fehir Belediye Ba\u015fkan Yard\u0131mc\u0131lar\u0131, m\u00fcd\u00fcrler ve \u00e7ok say\u0131da vatanda\u015f kat\u0131ld\u0131. &nbsp;A\u00e7\u0131l\u0131\u015f t\u00f6reninde Mersin, Hatay, Adana, Antalya, Sivas ve Bremen Be\u015fikta\u015f derneklerinin ba\u015fkan ve \u00fcyeleri de yer ald\u0131.<\/p>\n\n\n\n<p>T\u00f6rende konu\u015fan Be\u015fikta\u015f Kul\u00fcb\u00fc Asba\u015fkan\u0131 Mete Vardar, park\u0131n yenilenmesi ve Be\u015fikta\u015f isminin ya\u015fat\u0131lmaya devam etmesi nedeniyle memnuniyetini dile getirerek, Yeni\u015fehir Belediye Ba\u015fkan\u0131 Abdullah \u00d6zyi\u011fit\u2019e te\u015fekk\u00fcr etti.<\/p>\n\n\n\n<p>Konu\u015fmalar\u0131n ard\u0131ndan Be\u015fikta\u015f Kul\u00fcb\u00fc y\u00f6neticileri ve vatanda\u015flar park\u0131 gezdi.<\/p>\n","protected":false},"excerpt":{"rendered":"<p>Mersin Yeni\u015fehir Belediyesi, Cumhuriyet Mahallesi\u2019nde bulunan Be\u015fikta\u015f 100. Y\u0131l Park\u0131\u2019n\u0131 kapsaml\u0131 bir yenileme \u00e7al\u0131\u015fmas\u0131n\u0131n ard\u0131ndan yeniden hizmete a\u00e7t\u0131. Yenilenen park\u0131n a\u00e7\u0131l\u0131\u015f\u0131na kat\u0131lan Be\u015fikta\u015f Kul\u00fcb\u00fc Asba\u015fkan\u0131 Mete Vardar, Yeni\u015fehir Belediye Ba\u015fkan\u0131 Abdullah \u00d6zyi\u011fit\u2019e te\u015fekk\u00fcr etti. 7 bin 100 metrekarelik alandan olu\u015fan Be\u015fikta\u015f 100. Y\u0131l Park\u0131, Yeni\u015fehir Belediyesi ve Be\u015fikta\u015f Kul\u00fcb\u00fc taraf\u0131ndan yap\u0131lan \u00e7al\u0131\u015fmalarla modern ve i\u015flevsel [&hellip;]<\/p>\n","protected":false},"author":2,"featured_media":37509,"comment_status":"closed","ping_status":"closed","sticky":false,"template":"","format":"standard","meta":{"footnotes":""},"categories":[3,5],"tags":[],"class_list":["post-37508","post","type-post","status-publish","format-standard","has-post-thumbnail","hentry","category-manset","category-mersin"],"views":6,"_links":{"self":[{"href":"https:\/\/mersinkadingazetesi.com\/index.php?rest_route=\/wp\/v2\/posts\/37508"}],"collection":[{"href":"https:\/\/mersinkadingazetesi.com\/index.php?rest_route=\/wp\/v2\/posts"}],"about":[{"href":"https:\/\/mersinkadingazetesi.com\/index.php?rest_route=\/wp\/v2\/types\/post"}],"author":[{"embeddable":true,"href":"https:\/\/mersinkadingazetesi.com\/index.php?rest_route=\/wp\/v2\/users\/2"}],"replies":[{"embeddable":true,"href":"https:\/\/mersinkadingazetesi.com\/index.php?rest_route=%2Fwp%2Fv2%2Fcomments&post=37508"}],"version-history":[{"count":1,"href":"https:\/\/mersinkadingazetesi.com\/index.php?rest_route=\/wp\/v2\/posts\/37508\/revisions"}],"predecessor-version":[{"id":37510,"href":"https:\/\/mersinkadingazetesi.com\/index.php?rest_route=\/wp\/v2\/posts\/37508\/revisions\/37510"}],"wp:featuredmedia":[{"embeddable":true,"href":"https:\/\/mersinkadingazetesi.com\/index.php?rest_route=\/wp\/v2\/media\/37509"}],"wp:attachment":[{"href":"https:\/\/mersinkadingazetesi.com\/index.php?rest_route=%2Fwp%2Fv2%2Fmedia&parent=37508"}],"wp:term":[{"taxonomy":"category","embeddable":true,"href":"https:\/\/mersinkadingazetesi.com\/index.php?rest_route=%2Fwp%2Fv2%2Fcategories&post=37508"},{"taxonomy":"post_tag","embeddable":true,"href":"https:\/\/mersinkadingazetesi.com\/index.php?rest_route=%2Fwp%2Fv2%2Ftags&post=37508"}],"curies":[{"name":"wp","href":"https:\/\/api.w.org\/{rel}","templated":true}]}}