{"id":37511,"date":"2024-12-03T12:57:24","date_gmt":"2024-12-03T09:57:24","guid":{"rendered":"https:\/\/mersinkadingazetesi.com\/?p=37511"},"modified":"2024-12-03T12:57:24","modified_gmt":"2024-12-03T09:57:24","slug":"esit-hayat-hakki-mucadelesi-veriyoruz","status":"publish","type":"post","link":"https:\/\/mersinkadingazetesi.com\/?p=37511","title":{"rendered":"&#8220;E\u015e\u0130T HAYAT HAKKI M\u00dcCADELES\u0130 VER\u0130YORUZ&#8221;"},"content":{"rendered":"\n<p>Mersin Barosu Engelli Haklar\u0131 Komisyonu, 3 Aral\u0131k D\u00fcnya Engelliler G\u00fcn\u00fc nedeniyle bas\u0131n a\u00e7\u0131klamas\u0131 yapt\u0131. Engelli bireylerin sorunlar\u0131na ve haklar\u0131na de\u011finen Komisyon Ba\u015fkan\u0131 Av. Nurullah Y\u0131ld\u0131z, &#8220;Her birey, e\u015fit haklara ve f\u0131rsatlara sahip olmal\u0131d\u0131r.&nbsp; Engelsiz bir d\u00fcnya yaratmak i\u00e7in toplumsal dayan\u0131\u015fmay\u0131 art\u0131rmal\u0131y\u0131z. E\u015fit hayat hakk\u0131 m\u00fccadelesi veriyoruz&#8221; dedi.<\/p>\n\n\n\n<p>&#8220;D\u00dcNYA N\u00dcFUSUNUN YAKLA\u015eIK %15&#8217;\u0130 ENGELL\u0130D\u0130R&#8221;<\/p>\n\n\n\n<p>Mersin Barosu y\u00f6netim kurulu \u00fcyeleri ve avukatlar\u0131n kat\u0131l\u0131m\u0131yla Baro Odas\u0131nda d\u00fczenlenen bas\u0131n a\u00e7\u0131klamas\u0131nda konu\u015fan Mersin Barosu Engelli Haklar\u0131 Komisyonu Ba\u015fkan\u0131 Av. Nurullah Y\u0131ld\u0131z, engelli haklar\u0131n\u0131n yasal dayanaklar\u0131na dikkat \u00e7ekerek, &nbsp;&#8220;Birle\u015fmi\u015f Milletler, engellilerin topluma kazand\u0131r\u0131lmas\u0131 ve insan haklar\u0131n\u0131n tam ve e\u015fit \u00f6l\u00e7\u00fcde sa\u011flanmas\u0131 amac\u0131yla 1992 y\u0131l\u0131nda ald\u0131\u011f\u0131 bir kararla, 3 Aral\u0131k g\u00fcn\u00fcn\u00fc &#8216;Uluslararas\u0131 Engelliler G\u00fcn\u00fc&#8217; olarak ilan etmi\u015ftir.<\/p>\n\n\n\n<p>\u00dclkemizde engelli haklar\u0131 yasal dayanaklar\u0131n\u0131 BM Engelli Haklar\u0131 S\u00f6zle\u015fmesi&#8217;nden, Anayasa ve 5378 Say\u0131l\u0131 Engelliler Hakk\u0131nda Kanun, ba\u011fl\u0131 y\u00f6netmelik ve d\u00fczenlemelerden almaktad\u0131r. D\u00fcnya Sa\u011fl\u0131k \u00d6rg\u00fct\u00fc&#8217;n\u00fcn verilerine g\u00f6re, d\u00fcnya n\u00fcfusunun yakla\u015f\u0131k %15&#8217;i engellidir. \u00dclkemiz de ise bu konuda yap\u0131lan net bir \u00e7al\u0131\u015fma olmamakla birlikte, resmi olmayan verilere g\u00f6re, \u00fclkemizde ya\u015fayan 9 milyon engelli birey bulunmaktad\u0131r ve bug\u00fcn 3 Aral\u0131k D\u00fcnya Engelliler G\u00fcn\u00fc olarak engelli bireylerin haklar\u0131na dikkat \u00e7ekmek, ya\u015fam ko\u015fullar\u0131n\u0131 iyile\u015ftirmek ve toplumsal fark\u0131ndal\u0131\u011f\u0131 art\u0131rmak i\u00e7in \u00f6nemli bir f\u0131rsatt\u0131r.<\/p>\n\n\n\n<p>&#8220;HER B\u0130REY, E\u015e\u0130T HAKLARA VE FIRSATLARA SAH\u0130P OLMALIDIR&#8221;<\/p>\n\n\n\n<p>Her birey, e\u015fit haklara ve f\u0131rsatlara sahip olmal\u0131d\u0131r. Ancak maalesef, engelli bireyler g\u00fcnl\u00fck ya\u015famda e\u011fitim, sa\u011fl\u0131k, istihdam ve sosyal hayata kat\u0131l\u0131m gibi bir\u00e7ok alanda \u00e7e\u015fitli engellerle kar\u015f\u0131la\u015fmaktad\u0131r. Bizler, bu engelleri a\u015fmak ve engelsiz bir d\u00fcnya yaratmak i\u00e7in toplumsal dayan\u0131\u015fmay\u0131 art\u0131rmal\u0131y\u0131z. Unutmayal\u0131m ki, her sa\u011fl\u0131kl\u0131 birey birer engelli aday\u0131d\u0131r.<\/p>\n\n\n\n<p>Bu destur \u00fclkemizin merkezi ve yerel y\u00f6netimleri ba\u015fta olmak \u00fczere, t\u00fcm y\u00f6netim organizasyonlar\u0131nda benimsenmeli ve bunun \u00fczerine bir hayat kurgulanmal\u0131, ba\u015fta sa\u011fl\u0131k, rehabilitasyon,&nbsp; toplumsal destek, e\u011fitim ve istihdama eri\u015fimleri ve ba\u015far\u0131l\u0131 olmalar\u0131 i\u00e7in onlara f\u0131rsat yaratmal\u0131 ve mevut ya\u015fam\u0131n buna g\u00f6re d\u00fczenlenmesi gerekmektedir. Fakat Milyonlarca engelli e\u011fitim, sa\u011fl\u0131k ve eri\u015filebilirlik gibi ya\u015famsal haklara ula\u015famamakta, \u00fclkemizde ise merkezi b\u00fct\u00e7enin sadece ve sadece y\u00fczde 1,6&#8217;s\u0131 engellilere y\u00f6nelik \u00e7al\u0131\u015fmalara tahsis edilmektedir. Ayr\u0131lan b\u00fct\u00e7enin en b\u00fcy\u00fck az\u0131nl\u0131k olarak tabir edilen engelli bireylerin ve ailelerinin toplam n\u00fcfus i\u00e7erisindeki varl\u0131\u011f\u0131 ve eri\u015filebilirlik i\u00e7in yap\u0131lmas\u0131 gereken \u00e7al\u0131\u015fmalar ile orant\u0131s\u0131z oldu\u011fu net olarak g\u00f6z\u00fckmektedir&#8221; \u015feklinde konu\u015ftu.<\/p>\n\n\n\n<p>ENGELL\u0130 AVUKATLAR MESLEKLER\u0130N\u0130 D\u0130\u011eER MESLEKTA\u015eLARIYLA E\u015e\u0130T KO\u015eULLARDA \u0130CRA EDEM\u0130YOR<\/p>\n\n\n\n<p>Engelli avukatlar\u0131n sorunlar\u0131na da de\u011finen Y\u0131ld\u0131z, &#8220;Bizler bug\u00fcn \u00f6zellikle engelli bireylerin sorunlar\u0131ndan ayr\u0131 olarak ele alamayaca\u011f\u0131m\u0131z engelli meslekta\u015flar\u0131m\u0131z\u0131n sorunlar\u0131na da dikkat \u00e7ekmek istiyoruz.&nbsp; Engelli avukatlar\u0131n ya\u015famakta olduklar\u0131 \u00f6nemli sorunlardan ba\u015f\u0131nda engelli bireylere y\u00f6nelik yarg\u0131lar ve tutumlar ile fiziksel \u00e7evrenin engelli bireyler i\u00e7in ya\u015fan\u0131labilir ve eri\u015febilir olmamas\u0131 olarak ifade edebiliriz. Maalesef adliye binalar\u0131nda dahi engelli avukatlar\u0131n mesleklerini di\u011fer meslekta\u015flar\u0131yla e\u015fit ko\u015fullarda icra edebilmelerine olanak tan\u0131nmaktad\u0131r&#8221; diye konu\u015ftu.<\/p>\n\n\n\n<p>E\u015e\u0130T HAYAT HAKKI M\u00dcCADELES\u0130 VER\u0130YORUZ<\/p>\n\n\n\n<p>Engelli bireylerin ya\u015fam kalitesinin y\u00fckseltilmesi i\u00e7in yap\u0131lmas\u0131 gerekenleri s\u00f6yleyen Y\u0131ld\u0131z;<\/p>\n\n\n\n<p>&#8211;&nbsp;&nbsp;&nbsp;&nbsp;&nbsp;&nbsp;Her \u015feyden \u00f6nce toplumsal fark\u0131ndal\u0131k \u00e7al\u0131\u015fmalar\u0131 artt\u0131r\u0131larak \u00f6n yarg\u0131lar y\u0131k\u0131lmal\u0131, kapsay\u0131c\u0131 bir toplum bilinci geli\u015ftirilmelidir.<\/p>\n\n\n\n<p>&#8211;&nbsp;&nbsp;&nbsp;&nbsp;&nbsp;&nbsp;Eri\u015filebilirlik standartlar\u0131 eksiksiz uygulanmal\u0131, toplu ta\u015f\u0131ma, kamu binalar\u0131 ve dijital platformlar herkes i\u00e7in eri\u015filebilir hale getirilmelidir.<\/p>\n\n\n\n<p>&#8211;&nbsp;&nbsp;&nbsp;&nbsp;&nbsp;&nbsp;E\u011fitim olanaklar\u0131 geni\u015fletilmeli, engelli bireylerin nitelikli e\u011fitime eri\u015fimi sa\u011flanmal\u0131d\u0131r.<\/p>\n\n\n\n<p>&#8211;&nbsp;&nbsp;&nbsp;&nbsp;&nbsp;&nbsp;\u0130stihdam f\u0131rsatlar\u0131 art\u0131r\u0131lmal\u0131, i\u015fyerlerinde e\u015fit f\u0131rsatlar ve \u00e7al\u0131\u015fma ko\u015fullar\u0131 sunulmal\u0131d\u0131r.<\/p>\n\n\n\n<p>Bizler, herkesin insan onuruna yara\u015f\u0131r bir ya\u015fam s\u00fcrebilmesi i\u00e7in \u00e7aba g\u00f6stermeye devam edece\u011fiz. Unutmayal\u0131m ki engeller, sadece fark\u0131ndal\u0131k ve dayan\u0131\u015fma ile a\u015f\u0131labilir.<\/p>\n\n\n\n<p>Bu vesileyle, 3 Aral\u0131k D\u00fcnya Engelliler G\u00fcn\u00fc&#8217;nde Mersin Barosu Engelli Haklar\u0131 Komisyonu olarak, &#8220;E\u015fit Hayat Hakk\u0131&#8221; m\u00fccadelesi verdi\u011fimiz engelli t\u00fcm vatanda\u015flar\u0131m\u0131z ile engelli meslekta\u015flar\u0131m\u0131z\u0131n yan\u0131nda oldu\u011fumuzu beyan ederek onlar\u0131n D\u00fcnya Engelliler G\u00fcn\u00fc&#8217;n\u00fc kutluyor, daha adil ve kapsay\u0131c\u0131 bir gelecek i\u00e7in el ele vermeye davet ediyoruz&#8221; ifadesini kulland\u0131.<\/p>\n","protected":false},"excerpt":{"rendered":"<p>Mersin Barosu Engelli Haklar\u0131 Komisyonu, 3 Aral\u0131k D\u00fcnya Engelliler G\u00fcn\u00fc nedeniyle bas\u0131n a\u00e7\u0131klamas\u0131 yapt\u0131. Engelli bireylerin sorunlar\u0131na ve haklar\u0131na de\u011finen Komisyon Ba\u015fkan\u0131 Av. Nurullah Y\u0131ld\u0131z, &#8220;Her birey, e\u015fit haklara ve f\u0131rsatlara sahip olmal\u0131d\u0131r.&nbsp; Engelsiz bir d\u00fcnya yaratmak i\u00e7in toplumsal dayan\u0131\u015fmay\u0131 art\u0131rmal\u0131y\u0131z. E\u015fit hayat hakk\u0131 m\u00fccadelesi veriyoruz&#8221; dedi. &#8220;D\u00dcNYA N\u00dcFUSUNUN YAKLA\u015eIK %15&#8217;\u0130 ENGELL\u0130D\u0130R&#8221; Mersin Barosu y\u00f6netim [&hellip;]<\/p>\n","protected":false},"author":2,"featured_media":37512,"comment_status":"closed","ping_status":"closed","sticky":false,"template":"","format":"standard","meta":{"footnotes":""},"categories":[34,3],"tags":[],"class_list":["post-37511","post","type-post","status-publish","format-standard","has-post-thumbnail","hentry","category-flas-haber","category-manset"],"views":4,"_links":{"self":[{"href":"https:\/\/mersinkadingazetesi.com\/index.php?rest_route=\/wp\/v2\/posts\/37511"}],"collection":[{"href":"https:\/\/mersinkadingazetesi.com\/index.php?rest_route=\/wp\/v2\/posts"}],"about":[{"href":"https:\/\/mersinkadingazetesi.com\/index.php?rest_route=\/wp\/v2\/types\/post"}],"author":[{"embeddable":true,"href":"https:\/\/mersinkadingazetesi.com\/index.php?rest_route=\/wp\/v2\/users\/2"}],"replies":[{"embeddable":true,"href":"https:\/\/mersinkadingazetesi.com\/index.php?rest_route=%2Fwp%2Fv2%2Fcomments&post=37511"}],"version-history":[{"count":1,"href":"https:\/\/mersinkadingazetesi.com\/index.php?rest_route=\/wp\/v2\/posts\/37511\/revisions"}],"predecessor-version":[{"id":37513,"href":"https:\/\/mersinkadingazetesi.com\/index.php?rest_route=\/wp\/v2\/posts\/37511\/revisions\/37513"}],"wp:featuredmedia":[{"embeddable":true,"href":"https:\/\/mersinkadingazetesi.com\/index.php?rest_route=\/wp\/v2\/media\/37512"}],"wp:attachment":[{"href":"https:\/\/mersinkadingazetesi.com\/index.php?rest_route=%2Fwp%2Fv2%2Fmedia&parent=37511"}],"wp:term":[{"taxonomy":"category","embeddable":true,"href":"https:\/\/mersinkadingazetesi.com\/index.php?rest_route=%2Fwp%2Fv2%2Fcategories&post=37511"},{"taxonomy":"post_tag","embeddable":true,"href":"https:\/\/mersinkadingazetesi.com\/index.php?rest_route=%2Fwp%2Fv2%2Ftags&post=37511"}],"curies":[{"name":"wp","href":"https:\/\/api.w.org\/{rel}","templated":true}]}}