{"id":37517,"date":"2024-12-04T10:40:58","date_gmt":"2024-12-04T07:40:58","guid":{"rendered":"https:\/\/mersinkadingazetesi.com\/?p=37517"},"modified":"2024-12-04T10:40:59","modified_gmt":"2024-12-04T07:40:59","slug":"kariyer-merkezinden-kapasite-gelistirme-egitimleri","status":"publish","type":"post","link":"https:\/\/mersinkadingazetesi.com\/?p=37517","title":{"rendered":"KAR\u0130YER MERKEZ\u0130&#8217;NDEN KAPAS\u0130TE GEL\u0130\u015eT\u0130RME E\u011e\u0130T\u0130MLER\u0130"},"content":{"rendered":"\n<p>Mersin B\u00fcy\u00fck\u015fehir Belediyesi Kariyer Merkezi, kurumsal kapasiteni geli\u015ftirmeye devam ediyor. \u0130\u015f d\u00fcnyas\u0131na y\u00f6nelik bir\u00e7ok projeye imza atan Kariyer Merkezi, i\u015fg\u00fcc\u00fc piyasas\u0131n\u0131n bile\u015fenlerine daha h\u0131zl\u0131 ve kaliteli hizmet sunmak amac\u0131yla personelin e\u011fitimine \u00f6nem veriyor. Bu kapsamda Kariyer Merkezi personelinin bilgilendirilmesi amac\u0131yla, \u0130\u015eKUR portal\u0131n\u0131n kullan\u0131m\u0131na y\u00f6nelik e\u011fitim d\u00fczenledi.<\/p>\n\n\n\n<p>Kurumsal hizmetlerin dijital platformlara ta\u015f\u0131nd\u0131\u011f\u0131 g\u00fcn\u00fcm\u00fczde vatanda\u015f memnuniyetini \u00f6nemseyen Kariyer Merkezi&nbsp;<strong><em>&#8216;kurumsalla\u015fma, markala\u015fma, dijital d\u00f6n\u00fc\u015f\u00fcm, yeni nesil insan kaynaklar\u0131 uygulamalar\u0131n\u0131&#8217;<\/em><\/strong>&nbsp;yak\u0131ndan takip ediyor.<\/p>\n\n\n\n<p><strong>Kurumsal kapasite geli\u015ftirme e\u011fitimleri devam ediyor<\/strong><\/p>\n\n\n\n<p>\u0130\u015eKUR portal\u0131n\u0131n kullan\u0131m\u0131na y\u00f6nelik olarak \u0130\u015eKUR \u0130\u015f ve Meslek Dan\u0131\u015fmanlar\u0131 taraf\u0131ndan yap\u0131lan e\u011fitim; 2021 d\u00f6neminde Mersin B\u00fcy\u00fck\u015fehir Belediyesi ile Mersin \u00c7al\u0131\u015fma ve \u0130\u015f Kurumu \u0130l M\u00fcd\u00fcrl\u00fc\u011f\u00fc aras\u0131nda imzalanan&nbsp;<strong>&#8216;\u0130\u015eKUR Portal\u0131n\u0131n Kullan\u0131m\u0131na Y\u00f6nelik \u0130\u015f Birli\u011fi Protokol\u00fc&#8217;<\/strong>&nbsp;kapsam\u0131nda d\u00fczenlendi.<\/p>\n\n\n\n<p>\u0130\u015f ve Meslek Dan\u0131\u015fmanlar\u0131 Evrim Se\u00e7er ve Cihan Tun\u00e7 taraf\u0131ndan verilen e\u011fitim mod\u00fcl\u00fcnde,&nbsp;<strong><em>&#8216;\u0130\u015f arayan kay\u0131t sistemi, i\u015f arayanlara y\u00f6nelik sistemsel i\u015flemler, i\u015f arama dan\u0131\u015fmanl\u0131\u011f\u0131, i\u015fveren kay\u0131t sistemi, i\u015f ilanlar\u0131n\u0131n do\u011fru yap\u0131land\u0131r\u0131lmas\u0131 ve dikkat edilecek hususlar&#8217;<\/em><\/strong>&nbsp;konusunda g\u00f6r\u00fc\u015f al\u0131\u015fveri\u015finde bulunulurken, Kariyer Merkezi personelinin sorular\u0131yla e\u011fitim mod\u00fcl\u00fc tamamland\u0131.<\/p>\n\n\n\n<p><strong>Vatanda\u015f memnuniyeti i\u00e7in kurumlar aras\u0131 i\u015f birli\u011fi \u015fart<\/strong><\/p>\n\n\n\n<p>Mersin B\u00fcy\u00fck\u015fehir Belediyesi Kariyer Merkezi M\u00fcd\u00fcr\u00fc Serkan \u00d6zada, pandemi s\u00fcrecinden sonra i\u015f d\u00fcnyas\u0131n\u0131n b\u00fcy\u00fck bir dijital d\u00f6n\u00fc\u015f\u00fcm s\u00fcrecinin i\u00e7inde oldu\u011funu belirtti. Vatanda\u015f odakl\u0131 hizmet sunan kurumlar a\u00e7\u0131s\u0131ndan, vatanda\u015fa daha nitelikli hizmet sunmak ve vatanda\u015f memnuniyetini sa\u011flamak \u00fczere kurumlar aras\u0131 i\u015f birli\u011finin gereklili\u011finin \u00f6nemini belirten \u00d6zada; uluslararas\u0131 sosyal medya ve kariyer portallar\u0131n\u0131n d\u00fcnyada etkisini art\u0131rd\u0131\u011f\u0131 bir d\u00f6nemde daha nitelikli bir \u015fekilde hizmet sunmak i\u00e7in,&nbsp;<strong>&#8216;g\u00fcncel, kullan\u0131c\u0131 dostu ara y\u00fczler ve kurumlar aras\u0131 i\u015f birli\u011finin&#8217;<\/strong>&nbsp;en \u00f6nemli arg\u00fcmanlar\u0131 oldu\u011funun alt\u0131n\u0131 \u00e7izdi.<br><\/p>\n","protected":false},"excerpt":{"rendered":"<p>Mersin B\u00fcy\u00fck\u015fehir Belediyesi Kariyer Merkezi, kurumsal kapasiteni geli\u015ftirmeye devam ediyor. \u0130\u015f d\u00fcnyas\u0131na y\u00f6nelik bir\u00e7ok projeye imza atan Kariyer Merkezi, i\u015fg\u00fcc\u00fc piyasas\u0131n\u0131n bile\u015fenlerine daha h\u0131zl\u0131 ve kaliteli hizmet sunmak amac\u0131yla personelin e\u011fitimine \u00f6nem veriyor. Bu kapsamda Kariyer Merkezi personelinin bilgilendirilmesi amac\u0131yla, \u0130\u015eKUR portal\u0131n\u0131n kullan\u0131m\u0131na y\u00f6nelik e\u011fitim d\u00fczenledi. Kurumsal hizmetlerin dijital platformlara ta\u015f\u0131nd\u0131\u011f\u0131 g\u00fcn\u00fcm\u00fczde vatanda\u015f memnuniyetini \u00f6nemseyen [&hellip;]<\/p>\n","protected":false},"author":2,"featured_media":37518,"comment_status":"closed","ping_status":"closed","sticky":false,"template":"","format":"standard","meta":{"footnotes":""},"categories":[3],"tags":[],"class_list":["post-37517","post","type-post","status-publish","format-standard","has-post-thumbnail","hentry","category-manset"],"views":6,"_links":{"self":[{"href":"https:\/\/mersinkadingazetesi.com\/index.php?rest_route=\/wp\/v2\/posts\/37517"}],"collection":[{"href":"https:\/\/mersinkadingazetesi.com\/index.php?rest_route=\/wp\/v2\/posts"}],"about":[{"href":"https:\/\/mersinkadingazetesi.com\/index.php?rest_route=\/wp\/v2\/types\/post"}],"author":[{"embeddable":true,"href":"https:\/\/mersinkadingazetesi.com\/index.php?rest_route=\/wp\/v2\/users\/2"}],"replies":[{"embeddable":true,"href":"https:\/\/mersinkadingazetesi.com\/index.php?rest_route=%2Fwp%2Fv2%2Fcomments&post=37517"}],"version-history":[{"count":1,"href":"https:\/\/mersinkadingazetesi.com\/index.php?rest_route=\/wp\/v2\/posts\/37517\/revisions"}],"predecessor-version":[{"id":37519,"href":"https:\/\/mersinkadingazetesi.com\/index.php?rest_route=\/wp\/v2\/posts\/37517\/revisions\/37519"}],"wp:featuredmedia":[{"embeddable":true,"href":"https:\/\/mersinkadingazetesi.com\/index.php?rest_route=\/wp\/v2\/media\/37518"}],"wp:attachment":[{"href":"https:\/\/mersinkadingazetesi.com\/index.php?rest_route=%2Fwp%2Fv2%2Fmedia&parent=37517"}],"wp:term":[{"taxonomy":"category","embeddable":true,"href":"https:\/\/mersinkadingazetesi.com\/index.php?rest_route=%2Fwp%2Fv2%2Fcategories&post=37517"},{"taxonomy":"post_tag","embeddable":true,"href":"https:\/\/mersinkadingazetesi.com\/index.php?rest_route=%2Fwp%2Fv2%2Ftags&post=37517"}],"curies":[{"name":"wp","href":"https:\/\/api.w.org\/{rel}","templated":true}]}}