{"id":37520,"date":"2024-12-04T10:42:06","date_gmt":"2024-12-04T07:42:06","guid":{"rendered":"https:\/\/mersinkadingazetesi.com\/?p=37520"},"modified":"2024-12-04T10:42:06","modified_gmt":"2024-12-04T07:42:06","slug":"es-baskan-sariyildiz-ozel-cocuklar-ve-aileleri-ile-bulustu","status":"publish","type":"post","link":"https:\/\/mersinkadingazetesi.com\/?p=37520","title":{"rendered":"E\u015e BA\u015eKAN SARIYILDIZ, \u00d6ZEL \u00c7OCUKLAR VE A\u0130LELER\u0130 \u0130LE BULU\u015eTU"},"content":{"rendered":"\n<p>Akdeniz Belediyesi E\u015f Ba\u015fkan\u0131 Ho\u015fyar Sar\u0131y\u0131ld\u0131z, \u20183 Aral\u0131k D\u00fcnya Engelliler G\u00fcn\u00fc\u2019 dolay\u0131s\u0131yla, \u00f6zel \u00e7ocuklar ve aileleri ile bir araya geldi. \u00d6zel bireylere pozitif ayr\u0131mc\u0131l\u0131k yap\u0131lmas\u0131n\u0131n \u00f6nemini vurgulayan Sar\u0131y\u0131ld\u0131z, \u00f6zel \u00e7ocuklar i\u00e7in birka\u00e7 g\u00fcn \u00f6nce yenilenen ve bug\u00fcn a\u00e7\u0131l\u0131\u015f\u0131 planlanan \u2018Engelli Ya\u015fam Park\u0131\u2019na yap\u0131lan vandalca sald\u0131r\u0131ya da tepki g\u00f6sterdi.<\/p>\n\n\n\n<p>Mersin Millet Bah\u00e7esi\u2019nde bulunan bir kafede ger\u00e7ekle\u015fen kahvalt\u0131l\u0131 bulu\u015fmaya, ba\u015fkan yard\u0131mc\u0131lar\u0131, meclis \u00fcyeleri ve birim m\u00fcd\u00fcrleri de e\u015flik etti. Sosyal Yard\u0131m \u0130\u015fleri M\u00fcd\u00fcrl\u00fc\u011f\u00fc koordinesinde ger\u00e7ekle\u015fen bulu\u015fmada konuklar\u0131yla tek tek ilgilenip sohbet eden E\u015f Ba\u015fkan Ho\u015fyar Sar\u0131y\u0131ld\u0131z, \u00f6zel \u00e7ocuklar\u0131n taleplerini dinledi, g\u00f6rme engelli k\u0131z karde\u015flerin ba\u011flama e\u015fli\u011finde \u00e7ald\u0131klar\u0131 t\u00fcrk\u00fclere e\u015flik etti.<\/p>\n\n\n\n<p>\u201cEngel dedi\u011fimiz \u015fey zihinde ba\u015flar, kendimize s\u0131n\u0131r koymayal\u0131m\u201d<\/p>\n\n\n\n<p>Bulu\u015fmaya kat\u0131ld\u0131klar\u0131 i\u00e7in ailelere te\u015fekk\u00fcr eden E\u015f Ba\u015fkan Ho\u015fyar Sar\u0131y\u0131ld\u0131z, T\u00fcrkiye\u2019de 10 milyonu a\u015fk\u0131n engelli yurtta\u015f\u0131n ya\u015fad\u0131\u011f\u0131na dikkat \u00e7ekerek, \u00f6zel bireylere y\u00f6nelik pozitif ayr\u0131mc\u0131l\u0131\u011f\u0131n \u00f6neminin alt\u0131n\u0131 \u00e7izdi. Akdeniz\u2019de, ba\u015fta engelli bireyler olmak \u00fczere t\u00fcm vatanda\u015flar i\u00e7in hayat\u0131 g\u00fczelle\u015ftirici ve kolayla\u015ft\u0131r\u0131c\u0131 hizmetlere imza att\u0131klar\u0131n\u0131 kaydeden Sar\u0131y\u0131ld\u0131z; \u201cAsl\u0131nda hi\u00e7birimizin engeli, s\u0131n\u0131r\u0131 yok. Hayat\u0131m\u0131z\u0131 idame ettirmekte, \u00f6zg\u00fcr ya\u015famakta, kendi kafam\u0131z ve toplumun zihniyeti i\u00e7erisindeki s\u0131n\u0131rlar d\u0131\u015f\u0131nda bir engel yoktur. Engel dedi\u011fimiz \u015fey zihinde ba\u015flar.<\/p>\n\n\n\n<p>Yoksa hepimizin normal hayat i\u00e7erisinde ya\u015fad\u0131\u011f\u0131 kimi rahats\u0131zl\u0131k ve sa\u011fl\u0131k sorunlar\u0131 olabilir\u2026 Bu bizi birbirimizden ay\u0131rmaz. Bizler, birbirimize destek olduktan sonra, birbirimizle dayan\u0131\u015fma i\u00e7erisinde olduktan sonra, belediyeler, devletin ilgili kurumlar\u0131, engelli vatanda\u015flar\u0131m\u0131za hayat\u0131 kolayla\u015ft\u0131r\u0131c\u0131 imkanlar sunduktan sonra, hayat hepimiz i\u00e7in daha da kolayla\u015f\u0131p g\u00fczelle\u015fir\u201d ifadelerini kulland\u0131.<\/p>\n\n\n\n<p>\u201cYenilenen engelsiz ya\u015fam park\u0131na zaman ayarl\u0131 sald\u0131r\u0131!\u201d<\/p>\n\n\n\n<p>Akdeniz Belediyesi E\u015f Ba\u015fkan\u0131 Sar\u0131y\u0131ld\u0131z; Park ve Bah\u00e7eler M\u00fcd\u00fcrl\u00fc\u011f\u00fc ekipleri taraf\u0131ndan birka\u00e7 g\u00fcn \u00f6nce yenilenen Yeni Mahalle H\u00fcseyin Okan Merzeci Park\u0131 i\u00e7erisinde yer alan Engelsiz Ya\u015fam Park\u0131\u2019n\u0131n a\u00e7\u0131l\u0131\u015f\u0131n\u0131 da bug\u00fcn yapmay\u0131 planlad\u0131klar\u0131n\u0131, ancak parktaki oyun gruplar\u0131n\u0131n d\u00fcn ak\u015fam saatlerinde kimli\u011fi hen\u00fcz belirlenemeyen ki\u015filer taraf\u0131ndan sald\u0131r\u0131ya u\u011frad\u0131\u011f\u0131n\u0131 s\u00f6yledi.<\/p>\n\n\n\n<p>Sar\u0131y\u0131ld\u0131z; \u201cMaalesef kendini bilmez ve zihniyetlerinin sakat oldu\u011fu apa\u00e7\u0131k ortadan olan bu ki\u015filer, \u00f6zel \u00e7ocuklar\u0131m\u0131z i\u00e7in yeniledi\u011fimiz Engelsiz Ya\u015fam Park\u0131m\u0131za zarar vermi\u015f, oyun gruplar\u0131n\u0131 k\u0131rm\u0131\u015f ve baz\u0131 metal par\u00e7alar\u0131 \u00e7alm\u0131\u015ft\u0131r. En k\u0131sa s\u00fcrede, g\u00f6revli ekiplerimiz, park\u0131m\u0131z\u0131n zarar g\u00f6ren oyun gruplar\u0131n\u0131 yine yenileyip \u00e7ocuklar\u0131m\u0131z\u0131n tekrar kullan\u0131m\u0131na sunacakt\u0131r\u201d \u015feklinde konu\u015ftu.<\/p>\n","protected":false},"excerpt":{"rendered":"<p>Akdeniz Belediyesi E\u015f Ba\u015fkan\u0131 Ho\u015fyar Sar\u0131y\u0131ld\u0131z, \u20183 Aral\u0131k D\u00fcnya Engelliler G\u00fcn\u00fc\u2019 dolay\u0131s\u0131yla, \u00f6zel \u00e7ocuklar ve aileleri ile bir araya geldi. \u00d6zel bireylere pozitif ayr\u0131mc\u0131l\u0131k yap\u0131lmas\u0131n\u0131n \u00f6nemini vurgulayan Sar\u0131y\u0131ld\u0131z, \u00f6zel \u00e7ocuklar i\u00e7in birka\u00e7 g\u00fcn \u00f6nce yenilenen ve bug\u00fcn a\u00e7\u0131l\u0131\u015f\u0131 planlanan \u2018Engelli Ya\u015fam Park\u0131\u2019na yap\u0131lan vandalca sald\u0131r\u0131ya da tepki g\u00f6sterdi. Mersin Millet Bah\u00e7esi\u2019nde bulunan bir kafede ger\u00e7ekle\u015fen [&hellip;]<\/p>\n","protected":false},"author":2,"featured_media":37521,"comment_status":"closed","ping_status":"closed","sticky":false,"template":"","format":"standard","meta":{"footnotes":""},"categories":[3],"tags":[],"class_list":["post-37520","post","type-post","status-publish","format-standard","has-post-thumbnail","hentry","category-manset"],"views":4,"_links":{"self":[{"href":"https:\/\/mersinkadingazetesi.com\/index.php?rest_route=\/wp\/v2\/posts\/37520"}],"collection":[{"href":"https:\/\/mersinkadingazetesi.com\/index.php?rest_route=\/wp\/v2\/posts"}],"about":[{"href":"https:\/\/mersinkadingazetesi.com\/index.php?rest_route=\/wp\/v2\/types\/post"}],"author":[{"embeddable":true,"href":"https:\/\/mersinkadingazetesi.com\/index.php?rest_route=\/wp\/v2\/users\/2"}],"replies":[{"embeddable":true,"href":"https:\/\/mersinkadingazetesi.com\/index.php?rest_route=%2Fwp%2Fv2%2Fcomments&post=37520"}],"version-history":[{"count":1,"href":"https:\/\/mersinkadingazetesi.com\/index.php?rest_route=\/wp\/v2\/posts\/37520\/revisions"}],"predecessor-version":[{"id":37522,"href":"https:\/\/mersinkadingazetesi.com\/index.php?rest_route=\/wp\/v2\/posts\/37520\/revisions\/37522"}],"wp:featuredmedia":[{"embeddable":true,"href":"https:\/\/mersinkadingazetesi.com\/index.php?rest_route=\/wp\/v2\/media\/37521"}],"wp:attachment":[{"href":"https:\/\/mersinkadingazetesi.com\/index.php?rest_route=%2Fwp%2Fv2%2Fmedia&parent=37520"}],"wp:term":[{"taxonomy":"category","embeddable":true,"href":"https:\/\/mersinkadingazetesi.com\/index.php?rest_route=%2Fwp%2Fv2%2Fcategories&post=37520"},{"taxonomy":"post_tag","embeddable":true,"href":"https:\/\/mersinkadingazetesi.com\/index.php?rest_route=%2Fwp%2Fv2%2Ftags&post=37520"}],"curies":[{"name":"wp","href":"https:\/\/api.w.org\/{rel}","templated":true}]}}