{"id":37523,"date":"2024-12-04T10:43:03","date_gmt":"2024-12-04T07:43:03","guid":{"rendered":"https:\/\/mersinkadingazetesi.com\/?p=37523"},"modified":"2024-12-04T10:43:04","modified_gmt":"2024-12-04T07:43:04","slug":"gencler-once-mercani-gezdi-ardindan-sahil-temizligi-yapti","status":"publish","type":"post","link":"https:\/\/mersinkadingazetesi.com\/?p=37523","title":{"rendered":"GEN\u00c7LER \u00d6NCE MERCAN&#8217;I GEZD\u0130, ARDINDAN SAH\u0130L TEM\u0130ZL\u0130\u011e\u0130 YAPTI"},"content":{"rendered":"\n<p>Mersin B\u00fcy\u00fck\u015fehir Belediyesi Sosyal Hizmetler Dairesi Ba\u015fkanl\u0131\u011f\u0131&#8217;na ba\u011fl\u0131 Sosyal Uyum Merkezi ile\u0130klim De\u011fi\u015fikli\u011fi ve S\u0131f\u0131r At\u0131k Dairesi Ba\u015fkanl\u0131\u011f\u0131 i\u015f birli\u011finde \u00f6zellikle gen\u00e7ler aras\u0131nda \u00e7evre bilincini art\u0131rmak, iklim de\u011fi\u015fikli\u011fi ve \u00e7evre sorunlar\u0131 hakk\u0131nda fark\u0131ndal\u0131k olu\u015fturmak, kenti sahiplenmek ve birlikte ya\u015fama k\u00fclt\u00fcr\u00fcn\u00fc geli\u015ftirmek amac\u0131yla fark\u0131ndal\u0131k etkinli\u011fi d\u00fczenlendi.<\/p>\n\n\n\n<p>Kayan Hub G\u00f6n\u00fcll\u00fc Grubu ileMersin Toplum G\u00f6n\u00fclleri Vakf\u0131&#8217;ndan \u00fcyeler ile aralar\u0131nda yabanc\u0131 uyruklular\u0131n da oldu\u011fu gen\u00e7lerin kat\u0131l\u0131m sa\u011flad\u0131\u011f\u0131 etkinli\u011fin ilk dura\u011f\u0131, Mercan 100. Y\u0131l \u0130klim ve \u00c7evre Bilim Merkezi oldu. \u0130klim De\u011fi\u015fikli\u011fi ve S\u0131f\u0131r At\u0131k Dairesi Ba\u015fkanl\u0131\u011f\u0131 S\u0131f\u0131r At\u0131k Y\u00f6netimi \u015eube M\u00fcd\u00fcrl\u00fc\u011f\u00fc \u015eefi Dr. Zeki Altun ile Dr. Sinan Can; at\u0131k y\u00f6netimi, s\u0131f\u0131r at\u0131k, iklim de\u011fi\u015fikli\u011fi ve insan hayat\u0131na etkileri, sera gaz\u0131 etkileri, k\u00fcresel \u0131s\u0131nma, iklim de\u011fi\u015fikli\u011fi ile m\u00fccadele yollar\u0131 ve uyum sa\u011flama konular\u0131n\u0131 i\u00e7eren sunumlar ger\u00e7ekle\u015ftirdi. Kat\u0131l\u0131mc\u0131lar ard\u0131ndan, Mercan&#8217;daki t\u00fcm d\u00fczenekleri inceleyerek deneyimledi ve planetaryumda film izledi. Mercan ziyareti sonunda fark\u0131ndal\u0131k yaratmas\u0131 amac\u0131yla, Mezitli il\u00e7esi Viran\u015fehir sahilinde temizlik etkinli\u011fi ger\u00e7ekle\u015ftirildi.<\/p>\n\n\n\n<p><strong>Dr. Altun: &#8220;Ye\u015fil d\u00f6n\u00fc\u015f\u00fcmle ilgili fark\u0131ndal\u0131k etkinlikleri yapmay\u0131 planl\u0131yoruz&#8221;<\/strong><\/p>\n\n\n\n<p>Mersin B\u00fcy\u00fck\u015fehir Belediyesi \u0130klim De\u011fi\u015fikli\u011fi ve S\u0131f\u0131r At\u0131k Dairesi Ba\u015fkanl\u0131\u011f\u0131 S\u0131f\u0131r At\u0131k Y\u00f6netimi \u015eube M\u00fcd\u00fcrl\u00fc\u011f\u00fc \u015eefi Dr. Zeki Altun, etkinli\u011fi Mersin B\u00fcy\u00fck\u015fehir Belediyesi ve Yerel Y\u00f6neti\u015fimde Rezilyans Projesi (RESLOG) i\u015fbirli\u011finde d\u00fczenlediklerinden s\u00f6z ederek,<strong>&nbsp;&#8220;Mersin Ye\u015fil D\u00f6n\u00fc\u015f\u00fcm Ofisi olarak bir ofis kurulum s\u00fcreci hayata ge\u00e7irildi ve bu kapsamda gerek birimlerimizde, gerekse de bug\u00fcn a\u011f\u0131rlam\u0131\u015f oldu\u011fumuz gibi Toplum G\u00f6n\u00fcll\u00fcleri Vakf\u0131, STK&#8217;lar ya da bireysel ticari faaliyet ger\u00e7ekle\u015ftiren vatanda\u015flar\u0131m\u0131za ye\u015fil d\u00f6n\u00fc\u015f\u00fcmle alakal\u0131, Ye\u015fil Mutabakat anlam\u0131nda fark\u0131ndal\u0131k etkinlikleri yapmay\u0131 planl\u0131yoruz. Bu kapsamda da RESLOG ile beraber \u00e7al\u0131\u015fm\u0131\u015f olan ve \u015fehrimizde faaliyet g\u00f6steren Kayan Hub ekibi ile Toplum G\u00f6n\u00fcll\u00fcleri Vakf\u0131&#8217;n\u0131n Mersin koordinat\u00f6rl\u00fc\u011f\u00fcnde bulunan misafirlerimizi a\u011f\u0131rlad\u0131k&#8221;&nbsp;<\/strong>dedi. G\u00fcne; at\u0131k y\u00f6netimi, s\u0131f\u0131r at\u0131k, kayna\u011f\u0131nda at\u0131klar\u0131n ayr\u0131\u015ft\u0131r\u0131lmas\u0131 ve iklim de\u011fi\u015fikli\u011fi konular\u0131nda yapt\u0131klar\u0131 sunumlarla ba\u015flad\u0131klar\u0131n\u0131 aktaran Dr. Altun, Mercan 100. Y\u0131l \u0130klim ve \u00c7evre Bilim Merkezi&#8217;ndeki d\u00fczenekleri de kat\u0131l\u0131mc\u0131lara tan\u0131tt\u0131klar\u0131n\u0131 belirtti.<\/p>\n\n\n\n<p>Mercan&#8217;a yap\u0131lan ziyaretin ard\u0131ndan Viran\u015fehir Sahili temizli\u011fine ge\u00e7tiklerini vurgulayan Dr. Altun,&nbsp;<strong>&#8220;G\u00f6n\u00fcll\u00fc arkada\u015flar\u0131m\u0131zla, do\u011frudan ya da dolayl\u0131 olarak kumsala ve denize ula\u015fan at\u0131klar\u0131 tek tek toplad\u0131k. Kendilerine ve bu s\u00fcre\u00e7te desteklerini esirgemeyen herkese te\u015fekk\u00fcrler&#8221;<\/strong>&nbsp;ifadelerini kulland\u0131.<\/p>\n\n\n\n<p><strong>Atalay: &#8220;Yerli ve yabanc\u0131 \u00f6\u011frencilerin kayna\u015fmas\u0131 a\u00e7\u0131s\u0131ndan iyi bir etkinlik oldu&#8221;<\/strong><\/p>\n\n\n\n<p>Mersin Toplum G\u00f6n\u00fclleri Vakf\u0131 Koordinat\u00f6r\u00fc Gizem Atalay, Mercan 100. Y\u0131l \u0130klim ve \u00c7evre Bilim Merkezi&#8217;nde \u00e7evreye ili\u015fkin e\u011fitimler ald\u0131klar\u0131n\u0131 kaydederek,&nbsp;<strong>&#8220;Bu etkinlik, yerli ve yabanc\u0131 \u00f6\u011frencilerin birbiriyle kayna\u015fmas\u0131 a\u00e7\u0131s\u0131ndan iyi oldu. \u00c7\u00fcnk\u00fc bu d\u00fcnyay\u0131 nas\u0131l hep birlikte kirletiyorsak; ayr\u0131m yapmadan, farkl\u0131l\u0131klara sayg\u0131 ilkesi kapsam\u0131nda sahilimizi temizledik. Gayet g\u00fczel ve verimli bir etkinlik oldu&#8221;<\/strong>&nbsp;dedi.<\/p>\n\n\n\n<p><strong>Kat\u0131l\u0131mc\u0131lar, Mercan 100. Y\u0131l \u0130klim ve \u00c7evre Bilim Merkezi&#8217;nden memnun ayr\u0131ld\u0131&nbsp;<\/strong><\/p>\n\n\n\n<p>Kat\u0131l\u0131mc\u0131lardan Caner Can, Mersin Toplum G\u00f6n\u00fcll\u00fcleri Vakf\u0131 (TOG) e\u015fli\u011finde etkinli\u011fe kat\u0131l\u0131m sa\u011flad\u0131\u011f\u0131ndan bahsederek,<strong>&nbsp;&#8220;Mersin B\u00fcy\u00fck\u015fehir Belediyesi&#8217;nin vas\u0131tas\u0131yla, burada bilimle ba\u015f ba\u015fa kalmaktan dolay\u0131 \u00e7ok mutluyuz. Gen\u00e7lerin buraya gelip kendilerini bilgilendirmesini ve \u00e7ocuklar\u0131n da aileleri taraf\u0131ndan buraya getirilip bilin\u00e7lenmesini \u00e7ok isterim. Biz buraya geldi\u011fimiz zaman hocalar\u0131m\u0131z ilk olarak iklim de\u011fi\u015fikli\u011fiyle alakal\u0131 sunum yapt\u0131lar. Daha sonra da a\u015fa\u011f\u0131 b\u00f6l\u00fcme ge\u00e7erek d\u00fczenekleri teker teker gezdirip,&nbsp;&nbsp;bilgilendirme yapt\u0131lar&#8221;&nbsp;<\/strong>diye konu\u015ftu.<\/p>\n\n\n\n<p>G\u00fczel Sanatlar Fak\u00fcltesi mezunu ve Kayan Hub Grubu \u00fcyesi Aya Hac\u0131osman,&nbsp;<strong>&#8220;Bir etkinlik plan\u0131 yapt\u0131k, haz\u0131rland\u0131k ve B\u00fcy\u00fck\u015fehir Belediyesi ile g\u00f6r\u00fc\u015ft\u00fck. RESLOG ile bir destek ald\u0131k ve bu etkinli\u011fi beraber ger\u00e7ekle\u015ftirdik. Mercan 100. Y\u0131l \u0130klim ve \u00c7evre Bilim Merkezi&#8217;ne geldik.&nbsp;&nbsp;D\u00fczenekleri g\u00f6rd\u00fck, bize anlat\u0131m yapt\u0131lar ve \u00e7ok memnun kald\u0131k&#8221;&nbsp;<\/strong>dedi.<\/p>\n\n\n\n<p>Mersin \u00dcniversitesi Biyoteknoloji B\u00f6l\u00fcm\u00fc \u00f6\u011frencisi Muhammed Al Abbasi de Mercan 100. Y\u0131l \u0130klim ve \u00c7evre Bilim Merkezi&#8217;ni be\u011fendi\u011finden bahsederek,&nbsp;<strong>&#8220;<em>&#8216;At\u0131k su veya plastik nerelerde kullan\u0131l\u0131r?&#8217;<\/em>&nbsp;sorular\u0131n\u0131n cevab\u0131n\u0131 bulduk. Burada \u00e7ok \u00e7e\u015fitli cihazlar var ve bu merkez ger\u00e7ekten \u00e7ok iyi. B\u00f6l\u00fcm\u00fcmde \u00e7evre, deniz ve biyokimya hakk\u0131nda dersler al\u0131yorum. Bu nedenle de bu gezi bizim i\u00e7in \u00e7ok iyi oldu. Konferansta da iklim, deniz kirli\u011fi gibi konularda e\u011fitim ald\u0131k&#8221;&nbsp;<\/strong>s\u00f6zlerine yer verdi.<\/p>\n","protected":false},"excerpt":{"rendered":"<p>Mersin B\u00fcy\u00fck\u015fehir Belediyesi Sosyal Hizmetler Dairesi Ba\u015fkanl\u0131\u011f\u0131&#8217;na ba\u011fl\u0131 Sosyal Uyum Merkezi ile\u0130klim De\u011fi\u015fikli\u011fi ve S\u0131f\u0131r At\u0131k Dairesi Ba\u015fkanl\u0131\u011f\u0131 i\u015f birli\u011finde \u00f6zellikle gen\u00e7ler aras\u0131nda \u00e7evre bilincini art\u0131rmak, iklim de\u011fi\u015fikli\u011fi ve \u00e7evre sorunlar\u0131 hakk\u0131nda fark\u0131ndal\u0131k olu\u015fturmak, kenti sahiplenmek ve birlikte ya\u015fama k\u00fclt\u00fcr\u00fcn\u00fc geli\u015ftirmek amac\u0131yla fark\u0131ndal\u0131k etkinli\u011fi d\u00fczenlendi. Kayan Hub G\u00f6n\u00fcll\u00fc Grubu ileMersin Toplum G\u00f6n\u00fclleri Vakf\u0131&#8217;ndan \u00fcyeler ile [&hellip;]<\/p>\n","protected":false},"author":2,"featured_media":37524,"comment_status":"closed","ping_status":"closed","sticky":false,"template":"","format":"standard","meta":{"footnotes":""},"categories":[3,5],"tags":[],"class_list":["post-37523","post","type-post","status-publish","format-standard","has-post-thumbnail","hentry","category-manset","category-mersin"],"views":5,"_links":{"self":[{"href":"https:\/\/mersinkadingazetesi.com\/index.php?rest_route=\/wp\/v2\/posts\/37523"}],"collection":[{"href":"https:\/\/mersinkadingazetesi.com\/index.php?rest_route=\/wp\/v2\/posts"}],"about":[{"href":"https:\/\/mersinkadingazetesi.com\/index.php?rest_route=\/wp\/v2\/types\/post"}],"author":[{"embeddable":true,"href":"https:\/\/mersinkadingazetesi.com\/index.php?rest_route=\/wp\/v2\/users\/2"}],"replies":[{"embeddable":true,"href":"https:\/\/mersinkadingazetesi.com\/index.php?rest_route=%2Fwp%2Fv2%2Fcomments&post=37523"}],"version-history":[{"count":1,"href":"https:\/\/mersinkadingazetesi.com\/index.php?rest_route=\/wp\/v2\/posts\/37523\/revisions"}],"predecessor-version":[{"id":37525,"href":"https:\/\/mersinkadingazetesi.com\/index.php?rest_route=\/wp\/v2\/posts\/37523\/revisions\/37525"}],"wp:featuredmedia":[{"embeddable":true,"href":"https:\/\/mersinkadingazetesi.com\/index.php?rest_route=\/wp\/v2\/media\/37524"}],"wp:attachment":[{"href":"https:\/\/mersinkadingazetesi.com\/index.php?rest_route=%2Fwp%2Fv2%2Fmedia&parent=37523"}],"wp:term":[{"taxonomy":"category","embeddable":true,"href":"https:\/\/mersinkadingazetesi.com\/index.php?rest_route=%2Fwp%2Fv2%2Fcategories&post=37523"},{"taxonomy":"post_tag","embeddable":true,"href":"https:\/\/mersinkadingazetesi.com\/index.php?rest_route=%2Fwp%2Fv2%2Ftags&post=37523"}],"curies":[{"name":"wp","href":"https:\/\/api.w.org\/{rel}","templated":true}]}}