{"id":37538,"date":"2024-12-04T12:41:20","date_gmt":"2024-12-04T09:41:20","guid":{"rendered":"https:\/\/mersinkadingazetesi.com\/?p=37538"},"modified":"2024-12-04T12:41:20","modified_gmt":"2024-12-04T09:41:20","slug":"baskan-boltac-toplamda-46-milyon-tl-kidem-tazminati-odemesi-yapilmistir","status":"publish","type":"post","link":"https:\/\/mersinkadingazetesi.com\/?p=37538","title":{"rendered":"BA\u015eKAN BOLTA\u00c7; \u201cTOPLAMDA 46 M\u0130LYON TL KIDEM TAZM\u0130NATI \u00d6DEMES\u0130 YAPILMI\u015eTIR\u201d"},"content":{"rendered":"\n<p>Tarsus Belediyesi Aral\u0131k Ay\u0131 Ola\u011fan Meclis Toplant\u0131s\u0131 ger\u00e7ekle\u015ftirildi. Tarsus Belediye Ba\u015fkan\u0131 Ali Bolta\u00e7, meclis toplant\u0131s\u0131nda son g\u00fcnlerde g\u00fcndemde yer alan bar\u0131nak konusu, yolsuzluk iddialar\u0131 ve kamuoyunu ilgilendiren pek \u00e7ok konuda \u00e7arp\u0131c\u0131 a\u00e7\u0131klamalarda bulundu. Ba\u015fkan Bolta\u00e7, \u201cHer gitti\u011fim ortamda Tarsus Belediyesi\u2019nin g\u00fc\u00e7l\u00fc bir belediye oldu\u011funu vurguluyorum. Sosyal mecralarda Tarsus Belediyesi\u2019ne sald\u0131r\u0131lar d\u00fczenleniyor. Biz her yerde e\u015fit, adil ve \u015feffaf hizmet yap\u0131yoruz.\u201d dedi.<\/p>\n\n\n\n<p>Tarsus Belediyesi Aral\u0131k Ay\u0131 Ola\u011fan Meclis Toplant\u0131s\u0131\u2019n\u0131n 1. Birle\u015fimi Tarsus Belediye Ba\u015fkan\u0131 Ali Bolta\u00e7 ba\u015fkanl\u0131\u011f\u0131nda ger\u00e7ekle\u015ftirildi. Belediye m\u00fcd\u00fcrl\u00fcklerinden ve komisyondan gelen evraklar g\u00f6r\u00fc\u015f\u00fclerek karara ba\u011fland\u0131.<\/p>\n\n\n\n<p><strong>&nbsp;\u201cBU MEMLEKETE H\u0130ZMET ETM\u0130\u015e K\u0130\u015e\u0130LER\u0130N HAKKINI VERD\u0130K\u201d<\/strong><\/p>\n\n\n\n<p>Ak Parti Tarsus \u0130l\u00e7e Ba\u015fkan\u0131 Abdurrahman Alt\u0131nsucu\u2019nun Tarsus Belediyesi ve Ali Bolta\u00e7 ile ilgili yapt\u0131\u011f\u0131 ithamlara cevaben konu\u015fan Ba\u015fkan Bolta\u00e7, \u201cHer gitti\u011fim ortamda Tarsus Belediyesi\u2019nin g\u00fc\u00e7l\u00fc bir belediye oldu\u011funu vurguluyorum. &nbsp;Parti ay\u0131rmaks\u0131z\u0131n b\u00fct\u00fcn meclis \u00fcyelerimin bir telefon kadar uza\u011f\u0131nday\u0131m. Sosyal mecralarda Tarsus Belediyesi\u2019ne sald\u0131r\u0131lar d\u00fczenleniyor. Ben g\u00f6reve geldi\u011fimden beri 85 ki\u015fi emekli olmu\u015f. Bunun Tarsus Belediyesi\u2019ne y\u00fck\u00fc 56 Milyon 725 Bin 536 TL\u2019dir. Bu paran\u0131n 39 Milyon 421 Bin 786 TL\u2019si \u00f6denmi\u015ftir. Kalan 17 Milyon 303 Bin 750 TL\u2019si \u00f6denmeye devam etmektedir. &nbsp;Bir personelin 1 ayl\u0131k maa\u015f\u0131 i\u00e7eride.&nbsp; S\u0131ralamada \u00f6nceli\u011fimiz de emeklinin tazminat\u0131n\u0131 veriyorum. Bu belediye birka\u00e7 y\u0131l sonra borcunu bitirmi\u015f bir belediye olacak. Ben sorunlar yuma\u011f\u0131n\u0131 devrald\u0131m. &nbsp;1 Nisan\u2019dan \u00f6nce emekliye ayr\u0131lan 18 ki\u015fiye de 6 Milyon 933 Bin 343 TL \u00f6deme yap\u0131lm\u0131\u015ft\u0131r. Toplamda 46 Milyon 355 Bin 129 TL k\u0131dem tazminat\u0131 \u00f6demesi yap\u0131lm\u0131\u015ft\u0131r. Evet, bir maa\u015f\u0131 \u00f6deyemedik ama 46 milyonu \u00f6deyerek bu memlekete hizmet etmi\u015f ki\u015filerin hakk\u0131n\u0131 verdik.\u201d diye ifade etti.<\/p>\n\n\n\n<p><strong>\u201cO D\u00d6NEM YETERL\u0130 SAYIDA ELEMAN OLMADI\u011eINI S\u00d6YLED\u0130LER\u201d<\/strong><\/p>\n\n\n\n<p>Cumhuriyet Bayram\u0131\u2019nda yap\u0131lan g\u00fcvenlik g\u00f6revlileri al\u0131m\u0131yla ilgili sorulara cevap veren Ba\u015fkan Bolta\u00e7, \u201c29 Ekim Cumhuriyet Bayram\u0131 T\u00fcrkiye Cumhuriyeti\u2019nin en \u00f6nemli bayram\u0131.&nbsp; 2 Milyon 820 Bin TL masraf\u0131m\u0131z tutmu\u015ftur. 29 Ekim Cumhuriyet Bayram\u0131 konserine g\u00fcvenlik hizmet al\u0131m\u0131 550 Bin 000 TL\u2019dir. Tarsus\u2019tan almamam\u0131z\u0131n sebebi ise g\u00fcvenlik \u015firketlerinin yeterli eleman\u0131 temin edememesi. G\u00fcvenlik firmalar\u0131n\u0131n tamam\u0131na talepte bulundum, ellerimizde o d\u00f6nem yeterli say\u0131da eleman olmad\u0131\u011f\u0131n\u0131 s\u00f6ylediler. Bizde emniyetten talep ettik. Onlarda belli say\u0131da verebiliriz dediler. Sonras\u0131nda bizde bulabildi\u011fimiz yerlerden temin ettik.\u201d \u015feklinde a\u00e7\u0131klad\u0131.<\/p>\n\n\n\n<p><strong>\u201cB\u0130Z HER YERDE E\u015e\u0130T AD\u0130L, \u015eEFFAF H\u0130ZMET YAPIYORUZ\u201d<\/strong><\/p>\n\n\n\n<p>E\u015fit hizmet gayesiyle g\u00f6revlendirmelerin yap\u0131ld\u0131\u011f\u0131n\u0131 kaydeden Ba\u015fkan Bolta\u00e7 \u201cBir di\u011fer konu, keyfi olarak bir\u00e7ok personelin Tarsus\u2019un en \u00fccra k\u00f6\u015felerine g\u00f6revlendirilmesi. Mahallelerimizin her biri birbirinden k\u0131ymetli.&nbsp; Bende s\u00f6z\u00fcm\u00fc yerine getiriyorum. Mobbing yok. Biz her yerde e\u015fit, adil, \u015feffaf hizmet yap\u0131yoruz. Burada da e\u015fit hizmet yapaca\u011f\u0131z. G\u00fclek Belediyesi varken orada bir s\u00fcr\u00fc personel yok muydu. Kahraman G\u00fclek\u2019in bu konularla an\u0131lmas\u0131n\u0131 do\u011fru bulmuyorum.\u201d dedi. &nbsp;<\/p>\n\n\n\n<p><strong>\u201cB\u0130R KAMU ZARARI VARSA HEDEF BURASI DE\u011e\u0130L<\/strong><\/p>\n\n\n\n<p>\u015ei\u015firilmi\u015f faturalar\u0131n as\u0131ls\u0131z oldu\u011funu ifade eden Ba\u015fkan Bolta\u00e7, \u201c Bir kamu zarar\u0131 varsa hedef buras\u0131 de\u011fil, kulaktan dolma dedikodu haberlerle yol al\u0131nmamas\u0131 gerekiyor. Gelin birinci a\u011f\u0131zdan bana sorun. Faturalar \u015fi\u015fmi\u015f de\u011fil, \u00e7ay diyerek sapt\u0131r\u0131l\u0131yor. Kre\u015fteki \u00e7ocuklar\u0131m\u0131za normal \u00e7ay yerine, \u0131hlamur \u00e7ay\u0131 vermeyi uygun g\u00f6rd\u00fck. \u00c7\u00fcnk\u00fc onlar\u0131n sa\u011fl\u0131\u011f\u0131 her \u015feyden \u00f6nemli. Bin TL\u2019ye ald\u0131k.&nbsp; En ucuzu bin 300, bin 400 TL.\u201d diyerek a\u00e7\u0131klad\u0131.<\/p>\n\n\n\n<p><strong>K\u00dcLT\u00dcR MERKEZ\u0130\u2019N\u0130N TAHS\u0130S\u0130 TARSUS BELED\u0130YES\u0130\u2019NE ALINDI<\/strong><\/p>\n\n\n\n<p>K\u00fclt\u00fcr Merkezi ile ilgili tahsis konular\u0131na cevap veren Ba\u015fkan Bolta\u00e7, \u201cK\u00fclt\u00fcr Merkezi\u2019nin tahsisi, geldi\u011fimizde yoktu. Bir d\u00f6nem \u00f6nceki belediye ba\u015fkan\u0131 tahsis talebine ret cevab\u0131 vermi\u015flerdi. Ret olan bir yere belediyenin para aktarmas\u0131 m\u00fcmk\u00fcn de\u011fildi.&nbsp; Biz buna istinaden tekrardan tahsis talebinde bulunduk. Ay\u0131n 17\u2019sinde Tarsus Belediyesi kesin tahsisi ald\u0131. Konuyla ilgili m\u00fcteahhit ile g\u00f6r\u00fc\u015fece\u011fiz.\u201d dedi.<\/p>\n\n\n\n<p><strong>\u201cBEN EN KAL\u0130TEL\u0130 \u00dcR\u00dcN\u00dc EN UCUZ \u015eEK\u0130LDE ALIYORUM\u201d<\/strong><\/p>\n\n\n\n<p>Konu\u015fmalar\u0131na devam eden Ba\u015fkan Bolta\u00e7 \u201cSa\u011fl\u0131k \u0130\u015flerinde ve yemekhanemizde hijyen ama\u00e7l\u0131 k\u00f6p\u00fck kullan\u0131yoruz. 20 kilogram k\u00f6p\u00fck sabun s\u0131v\u0131s\u0131 450 TL\u2019den al\u0131nm\u0131\u015ft\u0131r, en uygun kilogram fiyat\u0131 ise 522 TL\u2019dir. Ben en kaliteli \u00fcr\u00fcn\u00fc en ucuz \u015fekilde al\u0131yorum.\u201d \u015feklinde ifade etti.<\/p>\n\n\n\n<p><strong>\u201cB\u0130R VETER\u0130NER HEK\u0130M \u00dcZER\u0130NDEN YAFTA YAPI\u015eTIRILMAYA \u00c7ALI\u015eIYOR\u201d<\/strong><\/p>\n\n\n\n<p>Son g\u00fcnlerde sosyal medyada Tarsus Belediyesi Hayvan Bar\u0131na\u011f\u0131 ile ilgili \u00e7\u0131kan konuya ili\u015fkin konu\u015fan Ba\u015fkan Bolta\u00e7 \u201c Bundan 1 bu\u00e7uk y\u0131l \u00f6nce b\u00f6yle bir durum ger\u00e7ekle\u015fmi\u015f. Valilik bu konuyla ilgili soru\u015fturma ba\u015flatarak gerekli tespitler sonucunda oradaki 3 ki\u015finin belediye ile olan i\u015f akdi feshedilmi\u015f. Fakat bu olay sanki bug\u00fcn olmu\u015f gibi tekrardan g\u00fcndeme getiriliyor. Orada bir veteriner hekim \u00fczerinden yafta yap\u0131\u015ft\u0131r\u0131lmaya \u00e7al\u0131\u015f\u0131yor. Ki olayla hi\u00e7bir ilgisi yok. &nbsp;Bu kad\u0131n kentimizin bir evlad\u0131. Her zaman belediye ba\u015fkan\u0131 olarak bu veterinerimizin yan\u0131nday\u0131m. Bizzat kendisi su\u00e7 duyurusunda bulundu. Biz de Tarsus Belediyesi olarak bulunuyoruz.&nbsp; Bir\u00e7ok trol hesap bu konuyu \u00f6n\u00fcm\u00fcze getiriyor. Hayvanseverlerin hassasiyetini anl\u0131yorum. Fakat bir konunun ger\u00e7ekli\u011fine kanat getirmeden sosyal medyada onur k\u0131r\u0131c\u0131 bir \u015fekilde ki\u015finin haklar\u0131n\u0131 ihlal etme konusuna dikkat etmelisiniz.\u201d diyerek t\u00fcm merak edilenleri a\u00e7\u0131klad\u0131.<\/p>\n\n\n\n<p><strong>\u201cB\u00dcT\u00dcN ODALARA, STK\u2019LARA 27 ARALIK\u2019A HAZIRLANMALARINI \u0130ST\u0130YORUM\u201d<\/strong><\/p>\n\n\n\n<p>27 Aral\u0131k\u2019\u0131n Tarsus i\u00e7in \u00f6nemine de\u011finen Ba\u015fkan Bolta\u00e7 \u201cTarsus\u2019un kurtulu\u015fu, Tarsus\u2019un en \u00f6nemli noktalar\u0131ndan birisi. O g\u00fcn\u00fc de en g\u00fczel bi\u00e7imde kutlamak gerekiyor. 27 Aral\u0131k\u2019\u0131 siyasete alet etmeden kutlayal\u0131m.&nbsp; T\u00fcrkiye\u2019ye g\u00fczel bir Tarsus g\u00f6rseli yayal\u0131m. Bu topraklara sahip \u00e7\u0131kmak boynumuzun borcudur. B\u00fct\u00fcn odalara, STK\u2019lara 27 Aral\u0131k\u2019a haz\u0131rlanmalar\u0131n\u0131 istiyorum. O g\u00fcn bir kortej yapal\u0131m y\u00fcr\u00fcyelim. Bu topraklarda ya\u015faman\u0131n ve bu \u015fehri y\u00f6netmenin sorumlulu\u011funu ta\u015f\u0131yan birer Tarsuslu olarak, ge\u00e7mi\u015fimizden ald\u0131\u011f\u0131m\u0131z g\u00fc\u00e7le bug\u00fcn\u00fc ve yar\u0131n\u0131 in\u015fa etmek i\u00e7in her zaman bir arada olaca\u011f\u0131z. Bu vesileyle kadim kentimizin d\u00fc\u015fman i\u015fgalinden kurtulu\u015funun 103. y\u0131l d\u00f6n\u00fcm\u00fcn\u00fc kutluyor, ba\u015fta Ulu \u00d6nderimiz Gazi Mustafa Kemal Atat\u00fcrk ve silah arkada\u015flar\u0131 olmak \u00fczere, t\u00fcm \u015fehit ve gazilerimizi rahmetle an\u0131yorum.\u201d dedi.<\/p>\n\n\n\n<p><strong>BA\u015eKAN BOLTA\u00c7: \u201cULA\u015eIM VE OTOPARK SORUNLARINI \u00c7\u00d6Z\u00dcYORUZ\u201d<\/strong><\/p>\n\n\n\n<p>Tarsus Belediye Ba\u015fkan\u0131 Ali Bolta\u00e7, \u015fehirdeki yol ve otopark sorunlar\u0131n\u0131n \u00e7\u00f6z\u00fcm\u00fc i\u00e7in \u00e7al\u0131\u015fmalar\u0131n h\u0131zla devam etti\u011fini a\u00e7\u0131klad\u0131. Tren yolu projesi kapsam\u0131nda kapanan Turkuaz Ge\u00e7idi\u2019nin bir ay i\u00e7inde trafi\u011fe a\u00e7\u0131laca\u011f\u0131n\u0131 belirten Bolta\u00e7, Sunay Atilla \u00dcst Ge\u00e7idi\u2019nin y\u0131k\u0131laca\u011f\u0131n\u0131 ve trafik ak\u0131\u015f\u0131n\u0131n An\u0131t Mahallesi Ge\u00e7idi\u2019nden sa\u011flanaca\u011f\u0131n\u0131 s\u00f6yledi. Ayr\u0131ca Ba\u015fkan Bolta\u00e7, Kleopatra Kap\u0131s\u0131 yan\u0131ndaki eski otogar alan\u0131na modern otopark sistemi kurulaca\u011f\u0131n\u0131 belirterek, \u201cBu proje \u015fehir merkezindeki otopark sorununu b\u00fcy\u00fck \u00f6l\u00e7\u00fcde \u00e7\u00f6zecek. Halk\u0131m\u0131za modern ve rahat bir \u015fehir sunmaya devam edece\u011fiz.\u201d dedi.<\/p>\n\n\n\n<p><strong>TARSUS BELED\u0130YES\u0130\u2019NDEN \u0130ST\u0130HDAM \u00c7ALI\u015eMASI<\/strong><\/p>\n\n\n\n<p>\u00c7ukurova B\u00f6lgesel Havaliman\u0131 ile yak\u0131n zamanda faaliyete ge\u00e7ecek olan Tarsus Organize ile Tarsus Tar\u0131msal \u00dcr\u00fcn \u0130\u015fleme \u0130htisas Organize Sanayi B\u00f6lgelerinin Tarsus\u2019a kataca\u011f\u0131 ekonomik, sosyal, k\u00fclt\u00fcrel katma de\u011ferinin b\u00fcy\u00fck olaca\u011f\u0131 ve buna ba\u011fl\u0131 olarak da istihdam\u0131 b\u00fcy\u00fctece\u011finden ihtiya\u00e7 duyulacak alan\u0131nda yetkin, bilgili \u00f6zellikle mali m\u00fc\u015favir, finans ile \u00f6n muhasebe ve b\u00fcro elemanlar\u0131na d\u00f6n\u00fck kurslar a\u00e7\u0131lmas\u0131, i\u015f hayat\u0131na uygun s\u00fcrekli e\u011fitim ve seminerler verilmesi amac\u0131yla Tarsus Belediyesi ile Mersin Serbest Muhasebeci Mali M\u00fc\u015favirler Odas\u0131 aras\u0131nda 5 y\u0131ll\u0131k Ortak Hizmet Projesi yap\u0131lmas\u0131 ve yap\u0131lacak protokol\u00fc imzalamak \u00fczere Belediye Ba\u015fkan\u0131 Ali Bolta\u00e7\u2019a yetki verilmesi hususunun g\u00f6r\u00fc\u015f\u00fclmesi kabul edildi.<\/p>\n\n\n\n<p><strong>\u201cB\u0130ZLER ENGELLER\u0130 B\u0130RL\u0130KTE A\u015eMAK, SEVG\u0130 VE DAYANI\u015eMAYI B\u00dcY\u00dcTMEK \u0130\u00c7\u0130N \u00c7ALI\u015eMAYA DEVAM EDECE\u011e\u0130Z\u201d<\/strong><\/p>\n\n\n\n<p>Her konuda f\u0131rsat e\u015fitli\u011fine \u00f6nem verdi\u011fini ifade eden Ba\u015fkan Bolta\u00e7 \u201cBiliyorsunuz, bug\u00fcn 3 Aral\u0131k D\u00fcnya Engelliler G\u00fcn\u00fc. \u00d6zel gereksinimli bireylerimizin ya\u015fam ko\u015fullar\u0131n\u0131 iyile\u015ftirmek, haklar\u0131n\u0131 korumak ve f\u0131rsat e\u015fitli\u011fi sa\u011flamak hepimizin ortak sorumlulu\u011fudur. Tarsus Belediyesi olarak, her zaman sizlerin yan\u0131nda oldu\u011fumuzu bir kez daha vurgulamak istiyorum. Bizler engelleri birlikte a\u015fmak, sevgi ve dayan\u0131\u015fmay\u0131 b\u00fcy\u00fctmek i\u00e7in \u00e7al\u0131\u015fmaya devam edece\u011fiz.\u201d diye ifade etti.<\/p>\n\n\n\n<p><strong>\u201c\u0130NSAN HAKLARI, E\u015e\u0130TL\u0130K VE ADALET\u0130N TEMEL\u0130D\u0130R\u201d<\/strong><\/p>\n\n\n\n<p>\u0130nsan haklar\u0131 konusunu her zaman \u00f6nceli\u011fi olarak ele ald\u0131\u011f\u0131n\u0131 belirten Ba\u015fkan Bolta\u00e7 \u201c\u0130nsan haklar\u0131, e\u015fitlik ve adaletin temelidir. Bu \u00f6nemli g\u00fcn vesilesiyle herkes i\u00e7in \u00f6zg\u00fcr, onurlu ve adil bir ya\u015fam\u0131 savunma kararl\u0131l\u0131\u011f\u0131m\u0131z\u0131 yineliyorum. Tarsus Belediyesi olarak, insan haklar\u0131na sayg\u0131 ilkesini, her daim \u00f6nceli\u011fimiz yapaca\u011f\u0131z.\u201d dedi.<\/p>\n\n\n\n<p><strong>\u201cKADINLARIN EME\u011e\u0130N\u0130 VE HAKLARINI HER ZAMAN DESTEKLEYECE\u011e\u0130Z\u201d<\/strong><\/p>\n\n\n\n<p>5 Aral\u0131k Kad\u0131n Haklar\u0131 G\u00fcn\u00fc\u2019n\u00fc kutlayan Ba\u015fkan Bolta\u00e7 \u201c5 Aral\u0131k 1934\u2019te, Mustafa Kemal Atat\u00fcrk\u2019\u00fcn \u00f6nc\u00fcl\u00fc\u011f\u00fcnde T\u00fcrk kad\u0131n\u0131na se\u00e7me ve se\u00e7ilme hakk\u0131 tan\u0131nd\u0131.&nbsp; Bu hak, yaln\u0131zca bir yasa de\u011fil; toplumu e\u015fitlik temelinde yeniden in\u015fa eden en b\u00fcy\u00fck ad\u0131mlardan biriydi. Mustafa Kemal Atat\u00fcrk\u2019\u00fcn liderli\u011finde d\u00fcnyada \u00f6nc\u00fc olan bu haklar, bug\u00fcn de bizlere rehberlik etmektedir. Kad\u0131nlar\u0131n eme\u011fini ve haklar\u0131n\u0131 her zaman destekleyece\u011fiz.\u201d ifadelerine yer verdi.<\/p>\n","protected":false},"excerpt":{"rendered":"<p>Tarsus Belediyesi Aral\u0131k Ay\u0131 Ola\u011fan Meclis Toplant\u0131s\u0131 ger\u00e7ekle\u015ftirildi. Tarsus Belediye Ba\u015fkan\u0131 Ali Bolta\u00e7, meclis toplant\u0131s\u0131nda son g\u00fcnlerde g\u00fcndemde yer alan bar\u0131nak konusu, yolsuzluk iddialar\u0131 ve kamuoyunu ilgilendiren pek \u00e7ok konuda \u00e7arp\u0131c\u0131 a\u00e7\u0131klamalarda bulundu. Ba\u015fkan Bolta\u00e7, \u201cHer gitti\u011fim ortamda Tarsus Belediyesi\u2019nin g\u00fc\u00e7l\u00fc bir belediye oldu\u011funu vurguluyorum. Sosyal mecralarda Tarsus Belediyesi\u2019ne sald\u0131r\u0131lar d\u00fczenleniyor. Biz her yerde e\u015fit, [&hellip;]<\/p>\n","protected":false},"author":2,"featured_media":37539,"comment_status":"closed","ping_status":"closed","sticky":false,"template":"","format":"standard","meta":{"footnotes":""},"categories":[34,2,3,5],"tags":[],"class_list":["post-37538","post","type-post","status-publish","format-standard","has-post-thumbnail","hentry","category-flas-haber","category-gundem","category-manset","category-mersin"],"views":7,"_links":{"self":[{"href":"https:\/\/mersinkadingazetesi.com\/index.php?rest_route=\/wp\/v2\/posts\/37538"}],"collection":[{"href":"https:\/\/mersinkadingazetesi.com\/index.php?rest_route=\/wp\/v2\/posts"}],"about":[{"href":"https:\/\/mersinkadingazetesi.com\/index.php?rest_route=\/wp\/v2\/types\/post"}],"author":[{"embeddable":true,"href":"https:\/\/mersinkadingazetesi.com\/index.php?rest_route=\/wp\/v2\/users\/2"}],"replies":[{"embeddable":true,"href":"https:\/\/mersinkadingazetesi.com\/index.php?rest_route=%2Fwp%2Fv2%2Fcomments&post=37538"}],"version-history":[{"count":1,"href":"https:\/\/mersinkadingazetesi.com\/index.php?rest_route=\/wp\/v2\/posts\/37538\/revisions"}],"predecessor-version":[{"id":37540,"href":"https:\/\/mersinkadingazetesi.com\/index.php?rest_route=\/wp\/v2\/posts\/37538\/revisions\/37540"}],"wp:featuredmedia":[{"embeddable":true,"href":"https:\/\/mersinkadingazetesi.com\/index.php?rest_route=\/wp\/v2\/media\/37539"}],"wp:attachment":[{"href":"https:\/\/mersinkadingazetesi.com\/index.php?rest_route=%2Fwp%2Fv2%2Fmedia&parent=37538"}],"wp:term":[{"taxonomy":"category","embeddable":true,"href":"https:\/\/mersinkadingazetesi.com\/index.php?rest_route=%2Fwp%2Fv2%2Fcategories&post=37538"},{"taxonomy":"post_tag","embeddable":true,"href":"https:\/\/mersinkadingazetesi.com\/index.php?rest_route=%2Fwp%2Fv2%2Ftags&post=37538"}],"curies":[{"name":"wp","href":"https:\/\/api.w.org\/{rel}","templated":true}]}}