{"id":37541,"date":"2024-12-04T12:42:45","date_gmt":"2024-12-04T09:42:45","guid":{"rendered":"https:\/\/mersinkadingazetesi.com\/?p=37541"},"modified":"2024-12-04T12:42:45","modified_gmt":"2024-12-04T09:42:45","slug":"tarsus-belediyesinden-dunya-engelliler-gununde-cocuklara-ziyaret","status":"publish","type":"post","link":"https:\/\/mersinkadingazetesi.com\/?p=37541","title":{"rendered":"TARSUS BELED\u0130YES\u0130\u2019NDEN D\u00dcNYA ENGELL\u0130LER G\u00dcN\u00dc&#8217;NDE \u00c7OCUKLARA Z\u0130YARET"},"content":{"rendered":"\n<p>Tarsus Belediyesi, \u00f6zel gereksinimli bireylerin sosyal hayatta daha aktif yer alabilmesi ve ya\u015fam kalitelerinin art\u0131r\u0131lmas\u0131 amac\u0131yla y\u00fcr\u00fctt\u00fc\u011f\u00fc \u00e7al\u0131\u015fmalara h\u0131z kesmeden devam ediyor. Bu do\u011frultuda, D\u00fcnya Engelliler G\u00fcn\u00fc&#8217;nde \u00f6zel gereksinimli \u00e7ocuklara ziyaretler ger\u00e7ekle\u015ftirildi.<\/p>\n\n\n\n<p>Tarsus Belediyesi Kad\u0131n ve Aile Hizmetleri M\u00fcd\u00fcrl\u00fc\u011f\u00fc, 3 Aral\u0131k D\u00fcnya Engelliler G\u00fcn\u00fc kapsam\u0131nda Ak\u015femsettin Mahallesi&#8217;nde ya\u015fayan \u00f6zel gereksinimli \u00e7ocuklar\u0131 ziyaret etti. Mahalle muhtar\u0131n\u0131n da kat\u0131ld\u0131\u011f\u0131 anlaml\u0131 ziyarette, \u00e7ocuklara minik hediyeler takdim edilerek onlar\u0131n mutlulu\u011funa ortak olundu.<\/p>\n\n\n\n<p><strong>ENGELLER\u0130 SEVG\u0130YLE A\u015eMAK M\u00dcMK\u00dcN<\/strong><\/p>\n\n\n\n<p>Ziyaret s\u0131ras\u0131nda Tarsus Belediyesi yetkilileri, &#8220;Engelleri sevgiyle a\u015fmak m\u00fcmk\u00fcn&#8221; anlay\u0131\u015f\u0131yla, her bireyin e\u015fit ve onurlu bir ya\u015fam hakk\u0131na sahip oldu\u011fu bir d\u00fcnya i\u00e7in birlikte \u00e7al\u0131\u015fmaya kararl\u0131l\u0131kla devam edeceklerini vurgulad\u0131.<\/p>\n","protected":false},"excerpt":{"rendered":"<p>Tarsus Belediyesi, \u00f6zel gereksinimli bireylerin sosyal hayatta daha aktif yer alabilmesi ve ya\u015fam kalitelerinin art\u0131r\u0131lmas\u0131 amac\u0131yla y\u00fcr\u00fctt\u00fc\u011f\u00fc \u00e7al\u0131\u015fmalara h\u0131z kesmeden devam ediyor. Bu do\u011frultuda, D\u00fcnya Engelliler G\u00fcn\u00fc&#8217;nde \u00f6zel gereksinimli \u00e7ocuklara ziyaretler ger\u00e7ekle\u015ftirildi. Tarsus Belediyesi Kad\u0131n ve Aile Hizmetleri M\u00fcd\u00fcrl\u00fc\u011f\u00fc, 3 Aral\u0131k D\u00fcnya Engelliler G\u00fcn\u00fc kapsam\u0131nda Ak\u015femsettin Mahallesi&#8217;nde ya\u015fayan \u00f6zel gereksinimli \u00e7ocuklar\u0131 ziyaret etti. Mahalle muhtar\u0131n\u0131n [&hellip;]<\/p>\n","protected":false},"author":2,"featured_media":37542,"comment_status":"closed","ping_status":"closed","sticky":false,"template":"","format":"standard","meta":{"footnotes":""},"categories":[3],"tags":[],"class_list":["post-37541","post","type-post","status-publish","format-standard","has-post-thumbnail","hentry","category-manset"],"views":8,"_links":{"self":[{"href":"https:\/\/mersinkadingazetesi.com\/index.php?rest_route=\/wp\/v2\/posts\/37541"}],"collection":[{"href":"https:\/\/mersinkadingazetesi.com\/index.php?rest_route=\/wp\/v2\/posts"}],"about":[{"href":"https:\/\/mersinkadingazetesi.com\/index.php?rest_route=\/wp\/v2\/types\/post"}],"author":[{"embeddable":true,"href":"https:\/\/mersinkadingazetesi.com\/index.php?rest_route=\/wp\/v2\/users\/2"}],"replies":[{"embeddable":true,"href":"https:\/\/mersinkadingazetesi.com\/index.php?rest_route=%2Fwp%2Fv2%2Fcomments&post=37541"}],"version-history":[{"count":1,"href":"https:\/\/mersinkadingazetesi.com\/index.php?rest_route=\/wp\/v2\/posts\/37541\/revisions"}],"predecessor-version":[{"id":37543,"href":"https:\/\/mersinkadingazetesi.com\/index.php?rest_route=\/wp\/v2\/posts\/37541\/revisions\/37543"}],"wp:featuredmedia":[{"embeddable":true,"href":"https:\/\/mersinkadingazetesi.com\/index.php?rest_route=\/wp\/v2\/media\/37542"}],"wp:attachment":[{"href":"https:\/\/mersinkadingazetesi.com\/index.php?rest_route=%2Fwp%2Fv2%2Fmedia&parent=37541"}],"wp:term":[{"taxonomy":"category","embeddable":true,"href":"https:\/\/mersinkadingazetesi.com\/index.php?rest_route=%2Fwp%2Fv2%2Fcategories&post=37541"},{"taxonomy":"post_tag","embeddable":true,"href":"https:\/\/mersinkadingazetesi.com\/index.php?rest_route=%2Fwp%2Fv2%2Ftags&post=37541"}],"curies":[{"name":"wp","href":"https:\/\/api.w.org\/{rel}","templated":true}]}}