{"id":37544,"date":"2024-12-04T12:59:33","date_gmt":"2024-12-04T09:59:33","guid":{"rendered":"https:\/\/mersinkadingazetesi.com\/?p=37544"},"modified":"2024-12-04T12:59:33","modified_gmt":"2024-12-04T09:59:33","slug":"baskan-abdullah-ozyigit-engelli-bireylerle-bulustu","status":"publish","type":"post","link":"https:\/\/mersinkadingazetesi.com\/?p=37544","title":{"rendered":"Ba\u015fkan Abdullah \u00d6zyi\u011fit, engelli bireylerle bulu\u015ftu"},"content":{"rendered":"\n<p>Yeni\u015fehir Belediye Ba\u015fkan\u0131 Abdullah \u00d6zyi\u011fit, 3 Aral\u0131k D\u00fcnya Engelliler G\u00fcn\u00fc dolay\u0131s\u0131yla d\u00fczenlenen etkinlikte Mersin\u2019de ya\u015fayan engelli bireyler ve aileleriyle bir araya geldi. Yeni\u015fehir Belediyesi olarak eri\u015filebilir bir ya\u015fam i\u00e7in b\u00fcy\u00fck bir \u00e7aba i\u00e7erisinde olduklar\u0131n\u0131 belirten Ba\u015fkan \u00d6zyi\u011fit, \u201cEngelli bireylerimizin sorunlar\u0131n\u0131 \u00e7\u00f6zmek boynumuzun borcudur.\u201d dedi.<\/p>\n\n\n\n<p>Mersin\u2019de ya\u015fayan engelli bireyler Yeni\u015fehir Belediyesi, T\u00fcrkiye Sakatlar Derne\u011fi Mersin \u015eubesi ve Yeni\u015fehir Kent Konseyi i\u015f birli\u011fiyle organize edilen etkinlikte bir araya geldi. Yeni\u015fehir Belediye Ba\u015fkan\u0131 Abdullah \u00d6zyi\u011fit de etkinli\u011fe kat\u0131larak engelli bireylerle bulu\u015ftu. &nbsp;Etkinlik boyunca engelli bireyler ve aileleriyle sohbet eden Ba\u015fkan \u00d6zyi\u011fit, taleplerini dinledi ve Yeni\u015fehir Belediyesinin sa\u011flad\u0131\u011f\u0131 destekler hakk\u0131nda bilgi verdi.<\/p>\n\n\n\n<p><strong>\u201cYeni\u015fehir\u2019de dayan\u0131\u015fma ruhu her zaman \u00e7ok g\u00fc\u00e7l\u00fc. Bu ruhla engelleri birlikte a\u015f\u0131yoruz.\u201d<\/strong><\/p>\n\n\n\n<p>Yeni\u015fehir Belediyesi Sosyal Destek Hizmetleri M\u00fcd\u00fcrl\u00fc\u011f\u00fc b\u00fcnyesinde kurduklar\u0131 ve hanelerde incelemelerde bulunan Sosyal Hizmet Ekibi\u2019nin y\u00fcr\u00fctt\u00fc\u011f\u00fc \u00e7al\u0131\u015fmalar\u0131n her zaman engelli bireylerin ihtiya\u00e7lar\u0131na g\u00f6re \u015fekillendirildi\u011fini ifade eden \u00d6zyi\u011fit, eri\u015filebilir bir ya\u015fam i\u00e7in \u00e7al\u0131\u015fmalar\u0131n\u0131 s\u00fcrd\u00fcreceklerini belirtti. Ba\u015fkan \u00d6zyi\u011fit, <strong>\u201cSosyal Hizmet Ekiplerimiz arac\u0131l\u0131\u011f\u0131yla engelli bireylerimizle daima ileti\u015fim halindeyiz. Bu ekiplerimiz, haneleri ziyaret ederek ihtiya\u00e7lar\u0131 yerinde tespit ediyor ve bireylerin ya\u015fam kalitesini art\u0131rmak i\u00e7in \u00e7\u00f6z\u00fcmler \u00fcretiyor. E\u011fer bir yara varsa, hep birlikte m\u00fccadele ederek o yaray\u0131 kapatma noktas\u0131nda \u00fczerimize d\u00fc\u015feni yap\u0131yoruz. Yeni\u015fehir\u2019de dayan\u0131\u015fma ruhu her zaman \u00e7ok g\u00fc\u00e7l\u00fc. Bu ruhla engelleri birlikte a\u015f\u0131yoruz.\u201d<\/strong> diye konu\u015ftu. &nbsp;<\/p>\n\n\n\n<p><strong>\u201cEri\u015filebilir bir Yeni\u015fehir yaratma yolunda \u00e7al\u0131\u015fmalar\u0131m\u0131z kararl\u0131l\u0131kla devam edecek.\u201d<\/strong><\/p>\n\n\n\n<p>Etkinlikte T\u00fcrkiye Sakatlar Derne\u011fi Mersin \u015eubesinden gelen bir talebe de yan\u0131t veren \u00d6zyi\u011fit, <strong>\u201cDerne\u011fimizin bir engelli nakil arac\u0131 talebi oldu. Bu talebi en k\u0131sa s\u00fcrede yerine getirece\u011fiz. \u00c7\u00fcnk\u00fc engelli bireylerimizin sorunlar\u0131n\u0131 \u00e7\u00f6zmek bizim boynumuzun borcudur. Eri\u015filebilir bir Yeni\u015fehir yaratma yolunda \u00e7al\u0131\u015fmalar\u0131m\u0131z kararl\u0131l\u0131kla devam edecek.\u201d<\/strong> dedi.<\/p>\n","protected":false},"excerpt":{"rendered":"<p>Yeni\u015fehir Belediye Ba\u015fkan\u0131 Abdullah \u00d6zyi\u011fit, 3 Aral\u0131k D\u00fcnya Engelliler G\u00fcn\u00fc dolay\u0131s\u0131yla d\u00fczenlenen etkinlikte Mersin\u2019de ya\u015fayan engelli bireyler ve aileleriyle bir araya geldi. Yeni\u015fehir Belediyesi olarak eri\u015filebilir bir ya\u015fam i\u00e7in b\u00fcy\u00fck bir \u00e7aba i\u00e7erisinde olduklar\u0131n\u0131 belirten Ba\u015fkan \u00d6zyi\u011fit, \u201cEngelli bireylerimizin sorunlar\u0131n\u0131 \u00e7\u00f6zmek boynumuzun borcudur.\u201d dedi. Mersin\u2019de ya\u015fayan engelli bireyler Yeni\u015fehir Belediyesi, T\u00fcrkiye Sakatlar Derne\u011fi Mersin \u015eubesi [&hellip;]<\/p>\n","protected":false},"author":2,"featured_media":37545,"comment_status":"closed","ping_status":"closed","sticky":false,"template":"","format":"standard","meta":{"footnotes":""},"categories":[3],"tags":[],"class_list":["post-37544","post","type-post","status-publish","format-standard","has-post-thumbnail","hentry","category-manset"],"views":1,"_links":{"self":[{"href":"https:\/\/mersinkadingazetesi.com\/index.php?rest_route=\/wp\/v2\/posts\/37544"}],"collection":[{"href":"https:\/\/mersinkadingazetesi.com\/index.php?rest_route=\/wp\/v2\/posts"}],"about":[{"href":"https:\/\/mersinkadingazetesi.com\/index.php?rest_route=\/wp\/v2\/types\/post"}],"author":[{"embeddable":true,"href":"https:\/\/mersinkadingazetesi.com\/index.php?rest_route=\/wp\/v2\/users\/2"}],"replies":[{"embeddable":true,"href":"https:\/\/mersinkadingazetesi.com\/index.php?rest_route=%2Fwp%2Fv2%2Fcomments&post=37544"}],"version-history":[{"count":1,"href":"https:\/\/mersinkadingazetesi.com\/index.php?rest_route=\/wp\/v2\/posts\/37544\/revisions"}],"predecessor-version":[{"id":37546,"href":"https:\/\/mersinkadingazetesi.com\/index.php?rest_route=\/wp\/v2\/posts\/37544\/revisions\/37546"}],"wp:featuredmedia":[{"embeddable":true,"href":"https:\/\/mersinkadingazetesi.com\/index.php?rest_route=\/wp\/v2\/media\/37545"}],"wp:attachment":[{"href":"https:\/\/mersinkadingazetesi.com\/index.php?rest_route=%2Fwp%2Fv2%2Fmedia&parent=37544"}],"wp:term":[{"taxonomy":"category","embeddable":true,"href":"https:\/\/mersinkadingazetesi.com\/index.php?rest_route=%2Fwp%2Fv2%2Fcategories&post=37544"},{"taxonomy":"post_tag","embeddable":true,"href":"https:\/\/mersinkadingazetesi.com\/index.php?rest_route=%2Fwp%2Fv2%2Ftags&post=37544"}],"curies":[{"name":"wp","href":"https:\/\/api.w.org\/{rel}","templated":true}]}}