{"id":37547,"date":"2024-12-04T13:04:44","date_gmt":"2024-12-04T10:04:44","guid":{"rendered":"https:\/\/mersinkadingazetesi.com\/?p=37547"},"modified":"2024-12-04T13:04:44","modified_gmt":"2024-12-04T10:04:44","slug":"ekmen-gencleri-degil-netanyahuyu-sorusturun","status":"publish","type":"post","link":"https:\/\/mersinkadingazetesi.com\/?p=37547","title":{"rendered":"EKMEN : GEN\u00c7LER\u0130 DE\u011e\u0130L NETANYAHU\u2019YU SORU\u015eTURUN\u00a0"},"content":{"rendered":"\n<p><strong>Uluslararas\u0131 Ceza Mahkemesi\u2019nin Gazze&#8217;de i\u015flenen sava\u015f su\u00e7lar\u0131 ve insanl\u0131\u011fa kar\u015f\u0131 su\u00e7lardan dolay\u0131 Netanyahu ve kabinesiyle ilgili su\u00e7lu buldu\u011funu s\u00f6yleyen Ekmen, Bakan Tun\u00e7\u2019a \u201cYak\u0131n tarihin g\u00f6rd\u00fc\u011f\u00fc en b\u00fcy\u00fck katil, en b\u00fcy\u00fck soyk\u0131r\u0131mc\u0131 ve insanl\u0131\u011f\u0131n ad\u0131na utan\u00e7 verici ki\u015filerden olan Binyamin Netanyahu ve sava\u015f kabinesi hakk\u0131nda yap\u0131lm\u0131\u015f binin \u00fczerindeki su\u00e7 duyurular\u0131ndan herhangi birine soru\u015fturma izni verdiniz mi?\u201d diye sordu.<\/strong><\/p>\n\n\n\n<p>DEVA Partisi Genel Ba\u015fkan Yard\u0131mc\u0131s\u0131 ve Mersin Milletvekili Mehmet Emin Ekmen, TBMM Plan ve B\u00fct\u00e7e Komisyonu\u2019nda Adalet Bakanl\u0131\u011f\u0131\u2019n\u0131n 2025 b\u00fct\u00e7esi \u00fczerinde de\u011ferlendirmelerde bulundu.&nbsp;<\/p>\n\n\n\n<p><strong>\u0130SRA\u0130L SAVA\u015e KAB\u0130NES\u0130NE SORU\u015eTURMA \u0130ZN\u0130 VER\u0130LD\u0130 M\u0130?<\/strong><\/p>\n\n\n\n<p>Filistin\u2019de yak\u0131n tarihin en b\u00fcy\u00fck soyk\u0131r\u0131m\u0131n\u0131n i\u015flendi\u011finin alt\u0131n\u0131 \u00e7izen Ekmen, Uluslararas\u0131 Ceza Mahkemesi (UCM), Gazze&#8217;de i\u015flenen sava\u015f su\u00e7lar\u0131 ve insanl\u0131\u011fa kar\u015f\u0131 su\u00e7lardan \u0130srail Ba\u015fbakan\u0131 Binyamin Netanyahu ile eski Savunma Bakan\u0131 Yoav Gallant hakk\u0131nda tutuklama emri \u00e7\u0131kard\u0131\u011f\u0131n\u0131 hat\u0131rlatarak, \u201cYak\u0131n tarihin g\u00f6rd\u00fc\u011f\u00fc en b\u00fcy\u00fck katil, en b\u00fcy\u00fck soyk\u0131r\u0131mc\u0131 ve insanl\u0131\u011f\u0131n ad\u0131na utan\u00e7 verici ki\u015filerden olan Binyamin Netanyahu ve sava\u015f kabinesi hakk\u0131nda yap\u0131lm\u0131\u015f binin \u00fczerindeki su\u00e7 duyurular\u0131ndan herhangi birine soru\u015fturma izni verdiniz mi? E\u011fer vermediyseniz Say\u0131n Bakan\u0131m, bu sorumun ve bu ele\u015ftirimin muhatab\u0131 da siz de\u011filsiniz, do\u011frudan Say\u0131n Cumhurba\u015fkan\u0131 Erdo\u011fan&#8217;d\u0131r\u201d ifadelerini kulland\u0131.&nbsp;<\/p>\n\n\n\n<p><strong>NETANYAHU HAKKINDA NEDEN KARAR ALINMIYOR?<\/strong><\/p>\n\n\n\n<p>Uluslararas\u0131 Lahey adalet s\u00fcrecine de T\u00fcrkiye\u2019nin gecikmeli dahil oldu\u011funu s\u00f6yleyen Ekmen, \u201cT\u00fcrkiye&#8217;deki savc\u0131lardan en az birine bu su\u00e7 duyurular\u0131n\u0131 incelemesi i\u00e7in izin vermiyoruz ve ni\u00e7in bu inceleme i\u00e7erisinde ortaya \u00e7\u0131kacak meseleleri uluslararas\u0131 zeminde ma\u011fdur ve mazlum Filistin halk\u0131n\u0131n haklar\u0131n\u0131 savunmak i\u00e7in kullanm\u0131yoruz? Yani \u00fcz\u00fclerek ifade edeyim; ticaret meselesindeki a\u00e7maz\u0131n bir benzerine d\u00fc\u015ft\u00fck, \u00f6nce \u2018ticaret yok\u2019 denildi, sonra bir paket a\u00e7\u0131kland\u0131. \u015eimdi bile h\u00e2l\u00e2 dolayl\u0131 ticaret g\u00fc\u00e7l\u00fc olarak ifade ediliyor, delillendiriliyor. Ni\u00e7in Binyamin Netanyahu ve sava\u015f kabinesi hakk\u0131nda karar alm\u0131yorsunuz?\u201d diye sordu.&nbsp;<\/p>\n\n\n\n<p>Ekmen T\u00fcrk Ceza kanununa g\u00f6re soyk\u0131r\u0131m su\u00e7u i\u015fleyen yabanc\u0131lar hakk\u0131nda da soru\u015fturma yap\u0131labilece\u011fini, ancak bunun adalet bakan\u0131n\u0131n iznine tabi oldu\u011funu hat\u0131rlatarak yap\u0131lm\u0131\u015f olan su\u00e7 duyurular\u0131na ni\u00e7in izin vermedi\u011fini sordu.&nbsp;<\/p>\n\n\n\n<p>Cumhurba\u015fkan\u0131n\u0131 protesto eden gen\u00e7lerin tutuklanmas\u0131 \u00fczerine de Ekmen, \u201cAylard\u0131r Netenyahu hakk\u0131nda soru\u015fturma izni verilmemesini sorguluyoruz, Netenyahu hakk\u0131nda soru\u015fturma izni vermeyenler \u0130srail\u2019le ticareti kesin diyen ve Filistin i\u00e7in \u00f6zg\u00fcrl\u00fck sloganlar\u0131 atan gen\u00e7leri tutukluyorlar. Bu y\u00fcz karas\u0131 bir \u00e7eli\u015fkidir dedi.<\/p>\n","protected":false},"excerpt":{"rendered":"<p>Uluslararas\u0131 Ceza Mahkemesi\u2019nin Gazze&#8217;de i\u015flenen sava\u015f su\u00e7lar\u0131 ve insanl\u0131\u011fa kar\u015f\u0131 su\u00e7lardan dolay\u0131 Netanyahu ve kabinesiyle ilgili su\u00e7lu buldu\u011funu s\u00f6yleyen Ekmen, Bakan Tun\u00e7\u2019a \u201cYak\u0131n tarihin g\u00f6rd\u00fc\u011f\u00fc en b\u00fcy\u00fck katil, en b\u00fcy\u00fck soyk\u0131r\u0131mc\u0131 ve insanl\u0131\u011f\u0131n ad\u0131na utan\u00e7 verici ki\u015filerden olan Binyamin Netanyahu ve sava\u015f kabinesi hakk\u0131nda yap\u0131lm\u0131\u015f binin \u00fczerindeki su\u00e7 duyurular\u0131ndan herhangi birine soru\u015fturma izni verdiniz mi?\u201d [&hellip;]<\/p>\n","protected":false},"author":2,"featured_media":37451,"comment_status":"closed","ping_status":"closed","sticky":false,"template":"","format":"standard","meta":{"footnotes":""},"categories":[3,6],"tags":[],"class_list":["post-37547","post","type-post","status-publish","format-standard","has-post-thumbnail","hentry","category-manset","category-siyaset-2"],"views":8,"_links":{"self":[{"href":"https:\/\/mersinkadingazetesi.com\/index.php?rest_route=\/wp\/v2\/posts\/37547"}],"collection":[{"href":"https:\/\/mersinkadingazetesi.com\/index.php?rest_route=\/wp\/v2\/posts"}],"about":[{"href":"https:\/\/mersinkadingazetesi.com\/index.php?rest_route=\/wp\/v2\/types\/post"}],"author":[{"embeddable":true,"href":"https:\/\/mersinkadingazetesi.com\/index.php?rest_route=\/wp\/v2\/users\/2"}],"replies":[{"embeddable":true,"href":"https:\/\/mersinkadingazetesi.com\/index.php?rest_route=%2Fwp%2Fv2%2Fcomments&post=37547"}],"version-history":[{"count":1,"href":"https:\/\/mersinkadingazetesi.com\/index.php?rest_route=\/wp\/v2\/posts\/37547\/revisions"}],"predecessor-version":[{"id":37548,"href":"https:\/\/mersinkadingazetesi.com\/index.php?rest_route=\/wp\/v2\/posts\/37547\/revisions\/37548"}],"wp:featuredmedia":[{"embeddable":true,"href":"https:\/\/mersinkadingazetesi.com\/index.php?rest_route=\/wp\/v2\/media\/37451"}],"wp:attachment":[{"href":"https:\/\/mersinkadingazetesi.com\/index.php?rest_route=%2Fwp%2Fv2%2Fmedia&parent=37547"}],"wp:term":[{"taxonomy":"category","embeddable":true,"href":"https:\/\/mersinkadingazetesi.com\/index.php?rest_route=%2Fwp%2Fv2%2Fcategories&post=37547"},{"taxonomy":"post_tag","embeddable":true,"href":"https:\/\/mersinkadingazetesi.com\/index.php?rest_route=%2Fwp%2Fv2%2Ftags&post=37547"}],"curies":[{"name":"wp","href":"https:\/\/api.w.org\/{rel}","templated":true}]}}