{"id":37549,"date":"2024-12-04T13:09:19","date_gmt":"2024-12-04T10:09:19","guid":{"rendered":"https:\/\/mersinkadingazetesi.com\/?p=37549"},"modified":"2024-12-04T13:09:19","modified_gmt":"2024-12-04T10:09:19","slug":"farkliliklarimiz-bizim-zenginligimiz-engelleri-kaldiralim-birlikte-buyuyelim","status":"publish","type":"post","link":"https:\/\/mersinkadingazetesi.com\/?p=37549","title":{"rendered":"&#8220;FARKLILIKLARIMIZ B\u0130Z\u0130M ZENG\u0130NL\u0130\u011e\u0130M\u0130Z, ENGELLER\u0130 KALDIRALIM, B\u0130RL\u0130KTE B\u00dcY\u00dcYEL\u0130M&#8221;"},"content":{"rendered":"\n<p><strong>Toroslar Belediye Ba\u015fkan\u0131 Abdurrahman Y\u0131ld\u0131z, &#8220;\u00d6zel bireylerin hayat\u0131n\u0131 kolayla\u015ft\u0131rmak istiyoruz. \u0130l\u00e7emizde hi\u00e7bir engel kalmayana kadar \u00e7al\u0131\u015fmalar\u0131m\u0131z\u0131 s\u00fcrd\u00fcrece\u011fiz&#8221; dedi.<\/strong><\/p>\n\n\n\n<p>Toroslar Belediyesi, 3 Aral\u0131k D\u00fcnya Engelliler G\u00fcn\u00fc dolay\u0131s\u0131yla Yunus Emre K\u00fclt\u00fcr Merkezi&#8217;nde anlaml\u0131 bir etkinlik d\u00fczenledi. &#8220;Farkl\u0131l\u0131klar\u0131m\u0131z, bizim zenginli\u011fimiz, engelleri kald\u0131ral\u0131m, birlikte b\u00fcy\u00fcyelim&#8221; \u015fiar\u0131yla ger\u00e7ekle\u015ftirilen program yo\u011fun ilgi g\u00f6rd\u00fc.<\/p>\n\n\n\n<p>Toroslar Belediyesinin Engelsiz Akademi Merkezi&#8217;nin \u00f6\u011frencileri ile il\u00e7edeki \u00f6zel bireyler, klasik arabalar ile il\u00e7ede k\u0131sa bir tur att\u0131. \u00d6zel bireylerin g\u00f6zlerindeki mutluluk ise y\u00fczlerine yans\u0131d\u0131.<\/p>\n\n\n\n<p>Etkinlikte, \u00f6zel bireylerin haz\u0131rlad\u0131\u011f\u0131 sanat eserleri sergilendi, m\u00fczik performanslar\u0131 b\u00fcy\u00fck be\u011feni toplad\u0131 ve \u00e7ocuklara y\u00f6nelik \u00e7e\u015fitli etkinlikler d\u00fczenlendi. G\u00fcn boyu s\u00fcren programda aileler ve \u00e7ocuklar unutulmaz anlar ya\u015fad\u0131.<\/p>\n\n\n\n<p>Burada konu\u015fan Ba\u015fkan Y\u0131ld\u0131z, \u00f6zel bireylerin ve ailelerinin ya\u015famlar\u0131n\u0131 kolayla\u015ft\u0131rmak i\u00e7in toplumsal dayan\u0131\u015fman\u0131n \u00f6nemine vurgu yapt\u0131. Y\u0131ld\u0131z, engelli bireylerin ya\u015fam ko\u015fullar\u0131n\u0131 iyile\u015ftirmek ad\u0131na s\u00fcrd\u00fcr\u00fclebilir projeler geli\u015ftirdiklerini belirtti.<\/p>\n\n\n\n<p><strong>&#8220;HEP\u0130M\u0130Z\u0130N ORTAK SORUMLULU\u011eU&#8221;<\/strong><\/p>\n\n\n\n<p>Y\u0131ld\u0131z, &#8220;G\u00f6zlerimizi yumdu\u011fumuzda ya da g\u00f6rmezden geldi\u011fimizde yok zannetti\u011fimiz \u00f6zel bireylerin ya\u015famlar\u0131n\u0131 burada daha canl\u0131, birebir ya\u015fayarak g\u00f6r\u00fcyoruz. \u0130nsan bazen bilerek ya da fark\u0131nda olmadan bu sorunlar\u0131 g\u00f6rmezden gelebiliyor. G\u00f6rmedi\u011fi \u015feylerin yok oldu\u011funu san\u0131yor. Ancak bu sadece \u00f6zel g\u00fcnlerde fark\u0131na vard\u0131\u011f\u0131m\u0131z bir durum olmamal\u0131d\u0131r&#8221; diyerek, bir dostunun s\u00f6zlerinden etkilenerek \u00f6zel bireylerle ilgili fark\u0131ndal\u0131\u011f\u0131n\u0131 nas\u0131l art\u0131rd\u0131\u011f\u0131n\u0131 payla\u015ft\u0131. Y\u0131ld\u0131z, &#8220;Bir dostumun &#8216;Ben \u00f6ld\u00fckten sonra \u00e7ocu\u011fum ne olacak?&#8217; sorusu beni derinden etkiledi. Bu soru, hepimizin \u00fczerinde d\u00fc\u015f\u00fcnmesi gereken bir mesele. Toroslar Belediyesi olarak, bu bireylerin ya\u015famlar\u0131n\u0131 daha kolay hale getirmek i\u00e7in projeler \u00fcretiyoruz&#8221; dedi.<\/p>\n\n\n\n<p><strong>YEN\u0130 PROJELER YOLDA<\/strong><\/p>\n\n\n\n<p>Toroslar Belediyesi&#8217;nin mevcut Engelsiz Akademi Merkezi&#8217;nin geli\u015ftirilmesi i\u00e7in \u00e7al\u0131\u015fmalar\u0131n devam etti\u011fini belirten Y\u0131ld\u0131z, 24 saat hizmet verebilecek bir kompleks projesi \u00fczerinde \u00e7al\u0131\u015ft\u0131klar\u0131n\u0131 a\u00e7\u0131klad\u0131. Y\u0131ld\u0131z, &#8220;Bu projeyi sadece belediye olarak de\u011fil, toplumun t\u00fcm kesimlerinin dayan\u0131\u015fmas\u0131yla ger\u00e7ekle\u015ftirmek istiyoruz. Bu \u00e7al\u0131\u015fma, toplumsal duyarl\u0131l\u0131\u011f\u0131n bir \u00f6rne\u011fi olacak&#8221; ifadelerini kulland\u0131.<\/p>\n\n\n\n<p><strong>ENGELLER\u0130 A\u015eTILAR: MEHMET ZABITA, DURMU\u015e \u0130TFA\u0130YE ER\u0130 OLDU, K\u00dcBRA BA\u015eKAN KOLTU\u011eUNDA!<\/strong><\/p>\n\n\n\n<p>Ayr\u0131ca, \u00f6zel bireylerin hayata kat\u0131l\u0131m\u0131n\u0131 desteklemek ve fark\u0131ndal\u0131k olu\u015fturmak amac\u0131yla ger\u00e7ekle\u015ftirilen etkinlikte Mehmet zab\u0131ta, Durmu\u015f itfaiye eri olarak hayalini ya\u015farken, K\u00fcbra da belediye ba\u015fkanl\u0131\u011f\u0131 koltu\u011funa oturdu.<\/p>\n\n\n\n<p><strong>HEM A\u0130LELER HEM \u00c7OCUKLAR MUTLU &nbsp;<\/strong><\/p>\n\n\n\n<p>Etkinlik \u00f6zel bireylerin ailelerinden b\u00fcy\u00fck takdir toplad\u0131. \u00d6zel bireylerin topluma kazand\u0131r\u0131lmas\u0131 konusunda her bireyin sorumluluk almas\u0131 gerekti\u011fini vurgulayan aileler, ya\u015fad\u0131klar\u0131 deneyimlerin hem kendilerini hem de \u00e7ocuklar\u0131n\u0131 mutlu etti\u011fini s\u00f6yledi. Etkinliklerin devaml\u0131l\u0131\u011f\u0131na ve daha fazla g\u00f6n\u00fcll\u00fc deste\u011fin sa\u011flanmas\u0131na y\u00f6nelik \u00e7a\u011fr\u0131larda bulunan aileler, Ba\u015fkan Y\u0131ld\u0131z&#8217;a te\u015fekk\u00fcr ederek belediyenin \u00e7abalar\u0131n\u0131n di\u011fer kurum ve kurulu\u015flara da \u00f6rnek olmas\u0131n\u0131 temenni ettiler.<\/p>\n","protected":false},"excerpt":{"rendered":"<p>Toroslar Belediye Ba\u015fkan\u0131 Abdurrahman Y\u0131ld\u0131z, &#8220;\u00d6zel bireylerin hayat\u0131n\u0131 kolayla\u015ft\u0131rmak istiyoruz. \u0130l\u00e7emizde hi\u00e7bir engel kalmayana kadar \u00e7al\u0131\u015fmalar\u0131m\u0131z\u0131 s\u00fcrd\u00fcrece\u011fiz&#8221; dedi. Toroslar Belediyesi, 3 Aral\u0131k D\u00fcnya Engelliler G\u00fcn\u00fc dolay\u0131s\u0131yla Yunus Emre K\u00fclt\u00fcr Merkezi&#8217;nde anlaml\u0131 bir etkinlik d\u00fczenledi. &#8220;Farkl\u0131l\u0131klar\u0131m\u0131z, bizim zenginli\u011fimiz, engelleri kald\u0131ral\u0131m, birlikte b\u00fcy\u00fcyelim&#8221; \u015fiar\u0131yla ger\u00e7ekle\u015ftirilen program yo\u011fun ilgi g\u00f6rd\u00fc. Toroslar Belediyesinin Engelsiz Akademi Merkezi&#8217;nin \u00f6\u011frencileri ile il\u00e7edeki [&hellip;]<\/p>\n","protected":false},"author":2,"featured_media":37550,"comment_status":"closed","ping_status":"closed","sticky":false,"template":"","format":"standard","meta":{"footnotes":""},"categories":[3],"tags":[],"class_list":["post-37549","post","type-post","status-publish","format-standard","has-post-thumbnail","hentry","category-manset"],"views":1,"_links":{"self":[{"href":"https:\/\/mersinkadingazetesi.com\/index.php?rest_route=\/wp\/v2\/posts\/37549"}],"collection":[{"href":"https:\/\/mersinkadingazetesi.com\/index.php?rest_route=\/wp\/v2\/posts"}],"about":[{"href":"https:\/\/mersinkadingazetesi.com\/index.php?rest_route=\/wp\/v2\/types\/post"}],"author":[{"embeddable":true,"href":"https:\/\/mersinkadingazetesi.com\/index.php?rest_route=\/wp\/v2\/users\/2"}],"replies":[{"embeddable":true,"href":"https:\/\/mersinkadingazetesi.com\/index.php?rest_route=%2Fwp%2Fv2%2Fcomments&post=37549"}],"version-history":[{"count":1,"href":"https:\/\/mersinkadingazetesi.com\/index.php?rest_route=\/wp\/v2\/posts\/37549\/revisions"}],"predecessor-version":[{"id":37551,"href":"https:\/\/mersinkadingazetesi.com\/index.php?rest_route=\/wp\/v2\/posts\/37549\/revisions\/37551"}],"wp:featuredmedia":[{"embeddable":true,"href":"https:\/\/mersinkadingazetesi.com\/index.php?rest_route=\/wp\/v2\/media\/37550"}],"wp:attachment":[{"href":"https:\/\/mersinkadingazetesi.com\/index.php?rest_route=%2Fwp%2Fv2%2Fmedia&parent=37549"}],"wp:term":[{"taxonomy":"category","embeddable":true,"href":"https:\/\/mersinkadingazetesi.com\/index.php?rest_route=%2Fwp%2Fv2%2Fcategories&post=37549"},{"taxonomy":"post_tag","embeddable":true,"href":"https:\/\/mersinkadingazetesi.com\/index.php?rest_route=%2Fwp%2Fv2%2Ftags&post=37549"}],"curies":[{"name":"wp","href":"https:\/\/api.w.org\/{rel}","templated":true}]}}