{"id":37552,"date":"2024-12-05T11:00:48","date_gmt":"2024-12-05T08:00:48","guid":{"rendered":"https:\/\/mersinkadingazetesi.com\/?p=37552"},"modified":"2024-12-05T11:00:49","modified_gmt":"2024-12-05T08:00:49","slug":"baskan-secer-mersin-cagdas-bir-kent-mustafa-kemalin-kenti","status":"publish","type":"post","link":"https:\/\/mersinkadingazetesi.com\/?p=37552","title":{"rendered":"BA\u015eKAN SE\u00c7ER: &#8220;MERS\u0130N \u00c7A\u011eDA\u015e B\u0130R KENT, MUSTAFA KEMAL&#8217;\u0130N KENT\u0130&#8217;"},"content":{"rendered":"\n<p>Mersin B\u00fcy\u00fck\u015fehir Belediye Ba\u015fkan\u0131 Vahap Se\u00e7er, Mersin B\u00fcy\u00fck\u015fehir Belediyesi&#8217;nin de destekleriyle d\u00fczenlenen&nbsp;<strong><em>&#8216;Mersin \u00c7a\u011fda\u015f Sanat Fuar\u0131&#8217;<\/em><\/strong>n\u0131n a\u00e7\u0131l\u0131\u015f\u0131na kat\u0131larak sanatseverlerle bulu\u015ftu. A\u00e7\u0131l\u0131\u015fta Ba\u015fkan Se\u00e7er&#8217;e&nbsp;<strong><em>&#8216;Mersin K\u00fclt\u00fcr Sanat Hayat\u0131na Destek Onur \u00d6d\u00fcl\u00fc&#8217;<\/em><\/strong>&nbsp;takdim edildi.<\/p>\n\n\n\n<p>MSR Fuarc\u0131l\u0131k Dan\u0131\u015fma Kurulu ve Ressam Selmani Baki Kocaispir&#8217;in koordinat\u00f6rl\u00fc\u011f\u00fcnde, Yeni\u015fehir Fuar Merkezi&#8217;nde 5-8 Aral\u0131k 2024 tarihlerinde ger\u00e7ekle\u015ftirilecek olan ve gen\u00e7 yeteneklerin eserlerini sanatseverlere sergiledi\u011fi fuar, sanat belle\u011fine katk\u0131 sa\u011flayarak geni\u015f kitlelere ula\u015fmay\u0131 hedefliyor.<\/p>\n\n\n\n<p>Uluslararas\u0131 alanda b\u00fcy\u00fck ba\u015far\u0131lara imza atm\u0131\u015f \u00fcnl\u00fc ressamlar\u0131n eserlerinin sanatseverlerle bulu\u015facak oldu\u011fu fuarda \u00e7e\u015fitli sanat at\u00f6lyeleri ve sergiler ger\u00e7ekle\u015ftirilip s\u00f6yle\u015filer, paneller ve konserler d\u00fczenlenecek. Fuarda yurti\u00e7i ve yurtd\u0131\u015f\u0131ndan sanat\u00e7\u0131lar\u0131n resim, heykel, seramik, \u00f6zg\u00fcn bask\u0131, video sanat\u0131 gibi \u00e7a\u011fda\u015f sanat\u0131n farkl\u0131 dallar\u0131ndan 1500&#8217;e yak\u0131n eseri, 35 sanat galerisinin kat\u0131l\u0131m\u0131yla sanatseverlerle bulu\u015facak.<\/p>\n\n\n\n<p><strong>Ba\u015fkan Se\u00e7er: &#8220;Mersin \u00e7a\u011fda\u015f bir kent, Mustafa Kemal&#8217;in kenti&#8221;<\/strong><\/p>\n\n\n\n<p>4 g\u00fcn boyunca s\u00f6yle\u015filerden panellere, resimlerden heykellere ve dijital sanata kadar bir\u00e7ok eserin sergilenece\u011fi fuar\u0131n a\u00e7\u0131l\u0131\u015f\u0131nda konu\u015fan Ba\u015fkan Se\u00e7er, Mersin&#8217;in enerjisinin \u00e7ok y\u00fcksek ve insanlar\u0131n\u0131n mutlu oldu\u011funu kaydetti. Mersin&#8217;in \u00e7al\u0131\u015fan \u00fcreten bir kent oldu\u011funu s\u00f6yleyen Se\u00e7er,&nbsp;<strong>&#8220;<em>&#8216;\u00c7a\u011fda\u015f bir kent, Mustafa Kemal&#8217;in kenti&#8217;<\/em>&nbsp;diyoruz bu kente, Cumhuriyetin kenti. B\u00f6yle bir kentte de k\u00fclt\u00fcr\u00fcn, sanat\u0131n her ge\u00e7en g\u00fcn daha y\u00fckselmesi, daha ileriye gitmesinden do\u011fal bir \u015fey olamaz&#8221;<\/strong>&nbsp;dedi.<\/p>\n\n\n\n<p><strong>&#8220;Mersin B\u00fcy\u00fck\u015fehir Belediyesi olarak, k\u00fclt\u00fcre ve sanata ayr\u0131 bir \u00f6nem verdik&#8221;<\/strong><\/p>\n\n\n\n<p>Mersin gibi kozmopolit bir kentte toplumun geli\u015fmesi i\u00e7in sanatsal faaliyetlere \u00f6nc\u00fcl\u00fck ettiklerini s\u00f6yleyen Se\u00e7er,&nbsp;<strong>&#8220;31 Mart 2025 y\u0131l\u0131nda 6 y\u0131l bitecek. Bu 6 y\u0131ll\u0131k s\u00fcre i\u00e7erisinde biz bu anlay\u0131\u015f ve de\u011ferlendirmelerle k\u00fclt\u00fcre ve sanata ayr\u0131 bir \u00f6nem verdik. Sivil toplumla i\u015f birli\u011fi yapman\u0131n \u00f6nemini bildi\u011fimiz i\u00e7in bu alanda da i\u015fbirliklerine son derece \u00f6nem veriyoruz&#8221;<\/strong>&nbsp;s\u00f6zlerine yer verdi.<\/p>\n\n\n\n<p><strong>&#8220;Mersin&#8217;de k\u00fclt\u00fcr ve sanat faaliyetlerini alan\u0131nda uzman ki\u015filer belirliyor&#8221;<\/strong><\/p>\n\n\n\n<p>K\u00fclt\u00fcr ve sanat alan\u0131nda yap\u0131lacak olan her faaliyete kentlinin kendisinin karar vermesi ad\u0131na Mersin&#8217;e De\u011fer Katanlar Kurulu&#8217;nu (MEDEKA) kurduklar\u0131n\u0131 belirten Se\u00e7er, kurul i\u00e7erisinde de 12 alt kurul kurduklar\u0131n\u0131 s\u00f6yledi. Se\u00e7er,&nbsp;<strong>&#8220;Son 6 y\u0131lda Mersin B\u00fcy\u00fck\u015fehir Belediyesi&#8217;nin ger\u00e7ekle\u015ftirdi\u011fi t\u00fcm k\u00fclt\u00fcrel ve sanatsal faaliyetleri konusunda otorite, uzman, bu kentte ya\u015fayan insanlar belirledi. Etkinliklerimizden, festivallerimize kadar belediyemizin verdi\u011fi Roman \u00f6d\u00fcl\u00fcne kadar her \u015feyi bu kurul belirliyor. Biz bu konuyu \u00f6nemsiyoruz&#8221;<\/strong>&nbsp;diye konu\u015ftu.<\/p>\n\n\n\n<p>Belediye binas\u0131na \u00e7ocuklar i\u00e7in bir tiyatro sahnesi de a\u00e7t\u0131klar\u0131n\u0131 hat\u0131rlatan Se\u00e7er,&nbsp;<strong>&#8220;T\u00fcrkiye&#8217;nin en b\u00fcy\u00fck sorunu demokrasi, insan haklar\u0131, evrensellik. T\u00fcrkiye&#8217;de k\u00fclt\u00fcrden, sanattan, hukuktan h\u0131zla uzakla\u015f\u0131yoruz. Biz daha modern, daha g\u00fclen bir devlet y\u00fcz\u00fc beklerken, daha ceberut bir devlet y\u00fcz\u00fcn\u00fcn \u00f6ne \u00e7\u0131kmas\u0131na kar\u015f\u0131 duruyoruz. \u00c7ocuklar k\u00fc\u00e7\u00fck ya\u015fta gelsin, bir devlet kurumu olan belediyenin g\u00fclen y\u00fcz\u00fcn\u00fc, sivil y\u00fcz\u00fcn\u00fc g\u00f6rs\u00fcn, bir sanatsal faaliyeti izlesin istiyoruz&#8221;<\/strong>&nbsp;dedi.<\/p>\n\n\n\n<p><strong>&#8220;K\u00fclt\u00fcr ve sanat\u0131n her zaman destek\u00e7isi olaca\u011f\u0131z&#8221;<\/strong><\/p>\n\n\n\n<p>B\u00fcy\u00fck\u015fehir olarak sanat alan\u0131nda bir\u00e7ok ilki ger\u00e7ekle\u015ftirdiklerine de\u011finen Se\u00e7er,&nbsp;<strong>&#8220;Bir\u00e7ok ilk, bir\u00e7ok yeni \u00e7al\u0131\u015fmalar\u0131 yapmaya devam edece\u011fiz. Bu organizasyonu ger\u00e7ekle\u015ftiren, eme\u011fi ge\u00e7en herkese te\u015fekk\u00fcr ediyoruz. Kentimizde k\u00fclt\u00fcrel ve sanatsal faaliyetlerin artmas\u0131n\u0131 arzu ediyoruz. Bu konuda Mersin B\u00fcy\u00fck\u015fehir Belediyesi olarak bug\u00fcne kadar oldu\u011fu gibi bundan sonra da her zaman destek\u00e7i olaca\u011f\u0131z&#8221;&nbsp;<\/strong>\u015feklinde konu\u015ftu.<\/p>\n\n\n\n<p>A\u00e7\u0131l\u0131\u015f program\u0131nda DEVA Partisi Mersin Milletvekili Mehmet Emin Ekmen, Oyuncu Tamer Levent, \u0130\u00e7el Sanat Kul\u00fcb\u00fc Ba\u015fkan\u0131 Fatih Alkar, Mersin Kent Konseyi Ba\u015fkan\u0131 Alper Girge\u00e7 ve Ressam Baki Kocaispir de birer konu\u015fma yapt\u0131. Ba\u015fkan Se\u00e7er&#8217;e&nbsp;<strong><em>&#8216;Mersin K\u00fclt\u00fcr Sanat Hayat\u0131na Destek Onur \u00d6d\u00fcl\u00fc&#8217;<\/em><\/strong>n\u00fcn takdim edildi\u011fi program, konu\u015fmalar\u0131n ard\u0131ndan Se\u00e7er ve konuklar\u0131n sergiyi gezmesinin ard\u0131ndan sona erdi.<\/p>\n","protected":false},"excerpt":{"rendered":"<p>Mersin B\u00fcy\u00fck\u015fehir Belediye Ba\u015fkan\u0131 Vahap Se\u00e7er, Mersin B\u00fcy\u00fck\u015fehir Belediyesi&#8217;nin de destekleriyle d\u00fczenlenen&nbsp;&#8216;Mersin \u00c7a\u011fda\u015f Sanat Fuar\u0131&#8217;n\u0131n a\u00e7\u0131l\u0131\u015f\u0131na kat\u0131larak sanatseverlerle bulu\u015ftu. A\u00e7\u0131l\u0131\u015fta Ba\u015fkan Se\u00e7er&#8217;e&nbsp;&#8216;Mersin K\u00fclt\u00fcr Sanat Hayat\u0131na Destek Onur \u00d6d\u00fcl\u00fc&#8217;&nbsp;takdim edildi. MSR Fuarc\u0131l\u0131k Dan\u0131\u015fma Kurulu ve Ressam Selmani Baki Kocaispir&#8217;in koordinat\u00f6rl\u00fc\u011f\u00fcnde, Yeni\u015fehir Fuar Merkezi&#8217;nde 5-8 Aral\u0131k 2024 tarihlerinde ger\u00e7ekle\u015ftirilecek olan ve gen\u00e7 yeteneklerin eserlerini sanatseverlere sergiledi\u011fi fuar, [&hellip;]<\/p>\n","protected":false},"author":2,"featured_media":37553,"comment_status":"closed","ping_status":"closed","sticky":false,"template":"","format":"standard","meta":{"footnotes":""},"categories":[3],"tags":[],"class_list":["post-37552","post","type-post","status-publish","format-standard","has-post-thumbnail","hentry","category-manset"],"views":2,"_links":{"self":[{"href":"https:\/\/mersinkadingazetesi.com\/index.php?rest_route=\/wp\/v2\/posts\/37552"}],"collection":[{"href":"https:\/\/mersinkadingazetesi.com\/index.php?rest_route=\/wp\/v2\/posts"}],"about":[{"href":"https:\/\/mersinkadingazetesi.com\/index.php?rest_route=\/wp\/v2\/types\/post"}],"author":[{"embeddable":true,"href":"https:\/\/mersinkadingazetesi.com\/index.php?rest_route=\/wp\/v2\/users\/2"}],"replies":[{"embeddable":true,"href":"https:\/\/mersinkadingazetesi.com\/index.php?rest_route=%2Fwp%2Fv2%2Fcomments&post=37552"}],"version-history":[{"count":1,"href":"https:\/\/mersinkadingazetesi.com\/index.php?rest_route=\/wp\/v2\/posts\/37552\/revisions"}],"predecessor-version":[{"id":37554,"href":"https:\/\/mersinkadingazetesi.com\/index.php?rest_route=\/wp\/v2\/posts\/37552\/revisions\/37554"}],"wp:featuredmedia":[{"embeddable":true,"href":"https:\/\/mersinkadingazetesi.com\/index.php?rest_route=\/wp\/v2\/media\/37553"}],"wp:attachment":[{"href":"https:\/\/mersinkadingazetesi.com\/index.php?rest_route=%2Fwp%2Fv2%2Fmedia&parent=37552"}],"wp:term":[{"taxonomy":"category","embeddable":true,"href":"https:\/\/mersinkadingazetesi.com\/index.php?rest_route=%2Fwp%2Fv2%2Fcategories&post=37552"},{"taxonomy":"post_tag","embeddable":true,"href":"https:\/\/mersinkadingazetesi.com\/index.php?rest_route=%2Fwp%2Fv2%2Ftags&post=37552"}],"curies":[{"name":"wp","href":"https:\/\/api.w.org\/{rel}","templated":true}]}}