{"id":37570,"date":"2024-12-05T11:11:09","date_gmt":"2024-12-05T08:11:09","guid":{"rendered":"https:\/\/mersinkadingazetesi.com\/?p=37570"},"modified":"2024-12-05T11:11:10","modified_gmt":"2024-12-05T08:11:10","slug":"halkin-iradesine-darbe-vuruluyor","status":"publish","type":"post","link":"https:\/\/mersinkadingazetesi.com\/?p=37570","title":{"rendered":"&#8220;Halk\u0131n \u0130radesine Darbe Vuruluyor&#8221;"},"content":{"rendered":"\n<p>CHP Mersin Milletvekili G\u00fclcan K\u0131\u015f, T\u00fcrkiye B\u00fcy\u00fck Millet Meclisi (TBMM) Genel Kurulu&#8217;nda &#8220;K\u00f6y Kanunu ile Baz\u0131 Kanunlarda De\u011fi\u015fiklik Yap\u0131lmas\u0131na Dair Kanun Teklifi&#8221; \u00fczerine yapt\u0131\u011f\u0131 konu\u015fmada, teklifin i\u00e7erdi\u011fi anayasaya ayk\u0131r\u0131l\u0131klar\u0131 ve yerel y\u00f6netimlere y\u00f6nelik m\u00fcdahaleleri sert bir dille ele\u015ftirdi. G\u00fclcan K\u0131\u015f, konu\u015fmas\u0131nda teklifin halk\u0131n ger\u00e7ek ihtiya\u00e7lar\u0131na yan\u0131t vermedi\u011fini, aksine belirli \u00e7\u0131kar gruplar\u0131n\u0131n taleplerine hizmet etti\u011fini vurgulad\u0131.<\/p>\n\n\n\n<p><strong>&#8220;Yerelden Merkeze Yetki Ta\u015f\u0131ma Anayasaya Ayk\u0131r\u0131d\u0131r&#8221;<\/strong><\/p>\n\n\n\n<p>CHP&#8217;li G\u00fclcan K\u0131\u015f, K\u00f6y Kanunu teklifinin temel mant\u0131\u011f\u0131n\u0131n, yerel y\u00f6netimlerin yetkilerini merkeze ta\u015f\u0131mak oldu\u011funu belirterek bu durumun Anayasa&#8217;n\u0131n 127. maddesine a\u00e7\u0131k\u00e7a ayk\u0131r\u0131 oldu\u011funu s\u00f6yledi. &#8220;Bu teklif, yerel idarelerin halk\u0131n ihtiya\u00e7lar\u0131na g\u00f6re ba\u011f\u0131ms\u0131z hareket etmesini engellemekte, \u00c7evre, \u015eehircilik ve \u0130klim De\u011fi\u015fikli\u011fi Bakanl\u0131\u011f\u0131&#8217;na verilen geni\u015f yetkilerle halk\u0131n iradesini yok saymaktad\u0131r,&#8221; diyen G\u00fclcan K\u0131\u015f, yetkilerin merkeze ta\u015f\u0131nmas\u0131n\u0131n keyf\u00ee planlama s\u00fcre\u00e7lerine kap\u0131 aralayaca\u011f\u0131n\u0131 ifade etti. &#8220;Yetkileri neden al\u0131yorsunuz, bu yetkileri kimlere vereceksiniz?&#8221; diye soran G\u00fclcan K\u0131\u015f, teklifin \u015feffaf olmayan bir s\u00fcre\u00e7te haz\u0131rlanmas\u0131n\u0131 da ele\u015ftirdi.<\/p>\n\n\n\n<p><strong>Meslek Odalar\u0131na M\u00fcdahale: &#8220;Ba\u011f\u0131ms\u0131zl\u0131klar\u0131 Hedef Al\u0131n\u0131yor&#8221;<\/strong><\/p>\n\n\n\n<p>CHP&#8217;li G\u00fclcan K\u0131\u015f, T\u00fcrk M\u00fchendis ve Mimar Odalar\u0131 Birli\u011fi&#8217;nin (TMMOB) ba\u011f\u0131ms\u0131z yap\u0131s\u0131na y\u00f6nelik m\u00fcdahalelere dikkat \u00e7ekerek, bu kurulu\u015flar\u0131n \u00e7evresel talanlara kar\u015f\u0131 kamu yarar\u0131n\u0131 g\u00f6zeten bir denetim mekanizmas\u0131 olarak \u00e7al\u0131\u015ft\u0131\u011f\u0131n\u0131 vurgulad\u0131. &#8220;Kaz Da\u011flar\u0131&#8217;ndan Salda G\u00f6l\u00fc&#8217;ne kadar \u00e7evre m\u00fccadelesi veren TMMOB&#8217;un ba\u011f\u0131ms\u0131z duru\u015fu rahats\u0131zl\u0131k yarat\u0131yor. \u015eimdi ise bu kurulu\u015flar etkisizle\u015ftirilmeye, bakanl\u0131klar\u0131n alt birimi haline getirilmeye \u00e7al\u0131\u015f\u0131lmaktad\u0131r. Bu a\u00e7\u0131k\u00e7a Anayasa&#8217;ya ayk\u0131r\u0131d\u0131r,&#8221; dedi. G\u00fclcan K\u0131\u015f, teklifin 9. maddesine dikkat \u00e7ekerek, meslek odalar\u0131n\u0131n mevzuat haz\u0131rlama yetkisinin Bakanl\u0131k kontrol\u00fcne al\u0131nmas\u0131n\u0131n bu kurulu\u015flar\u0131 tamamen etkisizle\u015ftirme giri\u015fimi oldu\u011funu belirtti.<\/p>\n\n\n\n<p><strong>Yerel Y\u00f6netimlerin Yetkileri Budan\u0131yor<\/strong><\/p>\n\n\n\n<p>Belediyelerin ve yerel y\u00f6netimlerin yetkilerinin s\u0131n\u0131rland\u0131r\u0131lmas\u0131na tepki g\u00f6steren G\u00fclcan K\u0131\u015f, se\u00e7ilmi\u015f belediyelerin planlama yapma haklar\u0131n\u0131n ellerinden al\u0131nd\u0131\u011f\u0131n\u0131 s\u00f6yledi. \u00c7evre, \u015eehircilik ve \u0130klim De\u011fi\u015fikli\u011fi Bakanl\u0131\u011f\u0131&#8217;na geni\u015f yetkiler verilerek yerel y\u00f6netimlerin devre d\u0131\u015f\u0131 b\u0131rak\u0131ld\u0131\u011f\u0131n\u0131 ifade eden G\u00fclcan K\u0131\u015f, &#8220;Halk\u0131n iradesine dokunanlar er ya da ge\u00e7 bunun hesab\u0131n\u0131 sand\u0131kta verecektir,&#8221; dedi.<\/p>\n\n\n\n<p><strong>&#8220;K\u00f6yler Bo\u015fal\u0131yor, Tar\u0131m T\u00fckeniyor&#8221;<\/strong><\/p>\n\n\n\n<p>K\u0131rsal kalk\u0131nmaya y\u00f6nelik ele\u015ftirilerde bulunan CHP Mersin Milletvekili G\u00fclcan K\u0131\u015f, T\u00fcrkiye&#8217;nin tar\u0131m \u00fclkesi kimli\u011finden uzakla\u015ft\u0131\u011f\u0131n\u0131 belirtti. Artan maliyetler ve yetersiz destekler nedeniyle \u00fcreticilerin tar\u0131m\u0131 b\u0131rakmak zorunda kald\u0131\u011f\u0131n\u0131 ifade eden G\u00fclcan K\u0131\u015f, &#8220;T\u00fcrkiye tar\u0131m \u00fcr\u00fcn\u00fc ithal eder hale gelmi\u015ftir. Ancak bu yasa teklifinde tar\u0131m\u0131 destekleyecek tek bir d\u00fczenleme bile bulunmamaktad\u0131r,&#8221; dedi. CHP&#8217;li G\u00fclcan K\u0131\u015f, k\u00f6ylerin bo\u015fald\u0131\u011f\u0131n\u0131 ve k\u0131rsal kesimde umutsuzlu\u011fun giderek artt\u0131\u011f\u0131n\u0131 vurgulad\u0131.<\/p>\n\n\n\n<p><strong>T\u00fcrkiye \u00c7evre Ajans\u0131 Ele\u015ftirisi<\/strong><\/p>\n\n\n\n<p>T\u00fcrkiye \u00c7evre Ajans\u0131&#8217;na \u015firketlerle ortakl\u0131k kurma yetkisi verilmesini de ele\u015ftiren G\u00fclcan K\u0131\u015f, bu d\u00fczenlemenin kamu kaynaklar\u0131n\u0131n rant projelerine aktar\u0131lmas\u0131n\u0131n \u00f6n\u00fcn\u00fc a\u00e7aca\u011f\u0131n\u0131 s\u00f6yledi. Say\u0131\u015ftay raporlar\u0131nda \u00e7evre politikalar\u0131n\u0131n g\u00f6stermelik kald\u0131\u011f\u0131na dair ele\u015ftiriler oldu\u011funu hat\u0131rlatan G\u00fclcan K\u0131\u015f, &#8220;Ajans \u00e7evreyi korumak yerine ticari faaliyetlerin merkezi haline getirilmektedir. \u00d6zel \u015firkete ortakl\u0131k yapma yetkisi s\u0131n\u0131rland\u0131r\u0131lmadan bu yap\u0131n\u0131n kamu yarar\u0131na hizmet edece\u011fine nas\u0131l g\u00fcvenebiliriz?&#8221; ifadelerini kulland\u0131.<\/p>\n\n\n\n<p><strong>&#8220;CHP Halktan Yana Olmayan Bu Teklife Kar\u015f\u0131&#8221;<\/strong><\/p>\n\n\n\n<p>Konu\u015fmas\u0131n\u0131n sonunda CHP&#8217;nin teklifin her maddesine kar\u015f\u0131 oldu\u011funu belirten CHP&#8217;li G\u00fclcan K\u0131\u015f, &#8220;Halk\u0131n yarar\u0131n\u0131 \u00f6nceleyen, yerel y\u00f6netimleri g\u00fc\u00e7lendiren, \u00e7evreyi ve k\u0131rsal kalk\u0131nmay\u0131 destekleyen bir y\u00f6netim anlay\u0131\u015f\u0131yla bu teklife kar\u015f\u0131 \u00e7\u0131k\u0131yoruz. Bu teklif, Anayasa&#8217;ya ayk\u0131r\u0131 h\u00fck\u00fcmlerle doludur ve rant d\u00fczenini tahkim etmeyi ama\u00e7lamaktad\u0131r. Halktan yana olmayan, rant pe\u015finde ko\u015fanlar\u0131n yasas\u0131 olan bu kanun teklifine &#8216;Hay\u0131r&#8217; diyece\u011fimizi bir kez daha belirtiyorum,&#8221; dedi.<\/p>\n\n\n\n<p>CHP Mersin Milletvekili G\u00fclcan K\u0131\u015f&#8217;\u0131n konu\u015fmas\u0131 CHP s\u0131ralar\u0131ndan alk\u0131\u015flarla destek buldu.<\/p>\n","protected":false},"excerpt":{"rendered":"<p>CHP Mersin Milletvekili G\u00fclcan K\u0131\u015f, T\u00fcrkiye B\u00fcy\u00fck Millet Meclisi (TBMM) Genel Kurulu&#8217;nda &#8220;K\u00f6y Kanunu ile Baz\u0131 Kanunlarda De\u011fi\u015fiklik Yap\u0131lmas\u0131na Dair Kanun Teklifi&#8221; \u00fczerine yapt\u0131\u011f\u0131 konu\u015fmada, teklifin i\u00e7erdi\u011fi anayasaya ayk\u0131r\u0131l\u0131klar\u0131 ve yerel y\u00f6netimlere y\u00f6nelik m\u00fcdahaleleri sert bir dille ele\u015ftirdi. G\u00fclcan K\u0131\u015f, konu\u015fmas\u0131nda teklifin halk\u0131n ger\u00e7ek ihtiya\u00e7lar\u0131na yan\u0131t vermedi\u011fini, aksine belirli \u00e7\u0131kar gruplar\u0131n\u0131n taleplerine hizmet etti\u011fini vurgulad\u0131. [&hellip;]<\/p>\n","protected":false},"author":2,"featured_media":37309,"comment_status":"closed","ping_status":"closed","sticky":false,"template":"","format":"standard","meta":{"footnotes":""},"categories":[34,3],"tags":[],"class_list":["post-37570","post","type-post","status-publish","format-standard","has-post-thumbnail","hentry","category-flas-haber","category-manset"],"views":3,"_links":{"self":[{"href":"https:\/\/mersinkadingazetesi.com\/index.php?rest_route=\/wp\/v2\/posts\/37570"}],"collection":[{"href":"https:\/\/mersinkadingazetesi.com\/index.php?rest_route=\/wp\/v2\/posts"}],"about":[{"href":"https:\/\/mersinkadingazetesi.com\/index.php?rest_route=\/wp\/v2\/types\/post"}],"author":[{"embeddable":true,"href":"https:\/\/mersinkadingazetesi.com\/index.php?rest_route=\/wp\/v2\/users\/2"}],"replies":[{"embeddable":true,"href":"https:\/\/mersinkadingazetesi.com\/index.php?rest_route=%2Fwp%2Fv2%2Fcomments&post=37570"}],"version-history":[{"count":1,"href":"https:\/\/mersinkadingazetesi.com\/index.php?rest_route=\/wp\/v2\/posts\/37570\/revisions"}],"predecessor-version":[{"id":37571,"href":"https:\/\/mersinkadingazetesi.com\/index.php?rest_route=\/wp\/v2\/posts\/37570\/revisions\/37571"}],"wp:featuredmedia":[{"embeddable":true,"href":"https:\/\/mersinkadingazetesi.com\/index.php?rest_route=\/wp\/v2\/media\/37309"}],"wp:attachment":[{"href":"https:\/\/mersinkadingazetesi.com\/index.php?rest_route=%2Fwp%2Fv2%2Fmedia&parent=37570"}],"wp:term":[{"taxonomy":"category","embeddable":true,"href":"https:\/\/mersinkadingazetesi.com\/index.php?rest_route=%2Fwp%2Fv2%2Fcategories&post=37570"},{"taxonomy":"post_tag","embeddable":true,"href":"https:\/\/mersinkadingazetesi.com\/index.php?rest_route=%2Fwp%2Fv2%2Ftags&post=37570"}],"curies":[{"name":"wp","href":"https:\/\/api.w.org\/{rel}","templated":true}]}}