{"id":37578,"date":"2024-12-05T12:33:18","date_gmt":"2024-12-05T09:33:18","guid":{"rendered":"https:\/\/mersinkadingazetesi.com\/?p=37578"},"modified":"2024-12-05T12:33:19","modified_gmt":"2024-12-05T09:33:19","slug":"mersin-barosu-kadinin-esitlik-mucadelesine-tum-gucumuzle-bagliyiz","status":"publish","type":"post","link":"https:\/\/mersinkadingazetesi.com\/?p=37578","title":{"rendered":"MERS\u0130N BAROSU: &#8220;KADININ E\u015e\u0130TL\u0130K M\u00dcCADELES\u0130NE T\u00dcM G\u00dcC\u00dcM\u00dcZLE BA\u011eLIYIZ&#8221;"},"content":{"rendered":"\n<p>Mersin Barosu Kad\u0131n Haklar\u0131 Merkezi, 5 Aral\u0131k T\u00fck Kad\u0131n\u0131na se\u00e7me ve se\u00e7ilme hakk\u0131 verilmesinin 90. y\u0131l d\u00f6n\u00fcm\u00fc nedeniyle bas\u0131n a\u00e7\u0131klamas\u0131 yapt\u0131. Merkez Ba\u015fkan\u0131 Av. G\u00fclce Dida \u00c7avdar, &#8220;Ger\u00e7ekle\u015ftirilen bu reform, sadece T\u00fcrkiye&#8217;nin de\u011fil, d\u00fcnya tarihinin en \u00f6nemli toplumsal d\u00f6n\u00fc\u015f\u00fcmlerinden biridir. Kad\u0131n\u0131n e\u015fitlik m\u00fccadelesine t\u00fcm g\u00fcc\u00fcm\u00fczle ba\u011fl\u0131y\u0131z&#8221; dedi.<\/p>\n\n\n\n<p>BU REFORM, D\u00dcNYA TAR\u0130H\u0130N\u0130N EN \u00d6NEML\u0130 TOPLUMSAL D\u00d6N\u00dc\u015e\u00dcMLER\u0130NDEN B\u0130R\u0130D\u0130R<\/p>\n\n\n\n<p>Mersin Barosu y\u00f6netim kurulu \u00fcyeleri ve avukatlar\u0131n kat\u0131l\u0131m\u0131yla baro odas\u0131nda d\u00fczenlenen bas\u0131n a\u00e7\u0131klamas\u0131nda, kad\u0131n\u0131n siyasette ve karar mekanizmalar\u0131ndaki temsilinin yetersiz oldu\u011funu belirten Mersin Barosu Kad\u0131n Haklar\u0131 Merkezi Ba\u015fkan\u0131 Av. G\u00fclce Dida \u00c7avdar, &#8220;5 Aral\u0131k 1934 y\u0131l\u0131nda, Mustafa Kemal Atat\u00fcrk&#8217;\u00fcn \u00f6nc\u00fcl\u00fc\u011f\u00fcnde ger\u00e7ekle\u015ftirilen bu reform, sadece T\u00fcrkiye&#8217;nin de\u011fil, d\u00fcnya tarihinin en \u00f6nemli toplumsal d\u00f6n\u00fc\u015f\u00fcmlerinden biridir. Atat\u00fcrk, kad\u0131nlar\u0131n toplumsal ve siyasi hayatta aktif rol almas\u0131 gerekti\u011fine olan inanc\u0131n\u0131 her f\u0131rsatta dile getirmi\u015f ve bu inanc\u0131, Cumhuriyet&#8217;in kurucu de\u011ferleriyle b\u00fct\u00fcnle\u015ftirerek somut hale getirmi\u015ftir.<\/p>\n\n\n\n<p>&#8220;TBMM&#8217;DE KADIN M\u0130LLETVEK\u0130L\u0130 SAYISI 118&#8217;D\u0130R&#8221;<\/p>\n\n\n\n<p>90 y\u0131l sonra bug\u00fcn, 593 milletvekilinin oldu\u011fu T\u00fcrkiye B\u00fcy\u00fck Millet Meclisi&#8217;nde, kad\u0131n say\u0131s\u0131 sadece 118&#8217;dir. Y\u00fczde %19,9&#8217;a tekab\u00fcl eden bu oran, kad\u0131n\u0131n siyasette ve karar mekanizmalar\u0131ndaki temsilinin yetersizli\u011finin a\u00e7\u0131k g\u00f6stergesidir.<\/p>\n\n\n\n<p>Ge\u00e7mi\u015fin kazan\u0131mlar\u0131na, Anayasa ve yasalar\u0131n kad\u0131nlara verdi\u011fi t\u00fcm haklara sahip \u00e7\u0131karken, devam eden e\u015fitlik m\u00fccadelesine de t\u00fcm g\u00fcc\u00fcm\u00fczle ba\u011fl\u0131 olmak sorumlulu\u011fumuzun gere\u011fidir. Atat\u00fcrk&#8217;\u00fcn &#8220;D\u00fcnyada her \u015fey kad\u0131n\u0131n eseridir&#8221; s\u00f6z\u00fcnden ilham alan hak savunucular\u0131 olarak; kad\u0131nlar\u0131n toplumsal e\u015fitlik, \u00f6zg\u00fcrl\u00fckler ve haklar konusunda daha g\u00fc\u00e7l\u00fc bir sesle var olmalar\u0131 i\u00e7in kendimizi g\u00f6revli say\u0131yoruz.<\/p>\n\n\n\n<p>Kad\u0131n\u0131n insan haklar\u0131n\u0131n \u00f6n\u00fcndeki engellerin kalkmas\u0131, yasal de\u011fi\u015fikliklerin yap\u0131lmas\u0131, kad\u0131n \u2013 erkek e\u015fitli\u011fini sa\u011flayacak toplumsal d\u00f6n\u00fc\u015f\u00fcm\u00fcn sa\u011flanmas\u0131 i\u00e7in Mersin Barosu olarak, d\u00fcn oldu\u011fu gibi bug\u00fcn de \u00e7al\u0131\u015fmalar\u0131m\u0131za ve m\u00fccadelemize devam edece\u011fiz&#8221; ifadesini kulland\u0131.<\/p>\n","protected":false},"excerpt":{"rendered":"<p>Mersin Barosu Kad\u0131n Haklar\u0131 Merkezi, 5 Aral\u0131k T\u00fck Kad\u0131n\u0131na se\u00e7me ve se\u00e7ilme hakk\u0131 verilmesinin 90. y\u0131l d\u00f6n\u00fcm\u00fc nedeniyle bas\u0131n a\u00e7\u0131klamas\u0131 yapt\u0131. Merkez Ba\u015fkan\u0131 Av. G\u00fclce Dida \u00c7avdar, &#8220;Ger\u00e7ekle\u015ftirilen bu reform, sadece T\u00fcrkiye&#8217;nin de\u011fil, d\u00fcnya tarihinin en \u00f6nemli toplumsal d\u00f6n\u00fc\u015f\u00fcmlerinden biridir. Kad\u0131n\u0131n e\u015fitlik m\u00fccadelesine t\u00fcm g\u00fcc\u00fcm\u00fczle ba\u011fl\u0131y\u0131z&#8221; dedi. BU REFORM, D\u00dcNYA TAR\u0130H\u0130N\u0130N EN \u00d6NEML\u0130 TOPLUMSAL D\u00d6N\u00dc\u015e\u00dcMLER\u0130NDEN [&hellip;]<\/p>\n","protected":false},"author":2,"featured_media":37579,"comment_status":"closed","ping_status":"closed","sticky":false,"template":"","format":"standard","meta":{"footnotes":""},"categories":[3,5],"tags":[],"class_list":["post-37578","post","type-post","status-publish","format-standard","has-post-thumbnail","hentry","category-manset","category-mersin"],"views":3,"_links":{"self":[{"href":"https:\/\/mersinkadingazetesi.com\/index.php?rest_route=\/wp\/v2\/posts\/37578"}],"collection":[{"href":"https:\/\/mersinkadingazetesi.com\/index.php?rest_route=\/wp\/v2\/posts"}],"about":[{"href":"https:\/\/mersinkadingazetesi.com\/index.php?rest_route=\/wp\/v2\/types\/post"}],"author":[{"embeddable":true,"href":"https:\/\/mersinkadingazetesi.com\/index.php?rest_route=\/wp\/v2\/users\/2"}],"replies":[{"embeddable":true,"href":"https:\/\/mersinkadingazetesi.com\/index.php?rest_route=%2Fwp%2Fv2%2Fcomments&post=37578"}],"version-history":[{"count":1,"href":"https:\/\/mersinkadingazetesi.com\/index.php?rest_route=\/wp\/v2\/posts\/37578\/revisions"}],"predecessor-version":[{"id":37580,"href":"https:\/\/mersinkadingazetesi.com\/index.php?rest_route=\/wp\/v2\/posts\/37578\/revisions\/37580"}],"wp:featuredmedia":[{"embeddable":true,"href":"https:\/\/mersinkadingazetesi.com\/index.php?rest_route=\/wp\/v2\/media\/37579"}],"wp:attachment":[{"href":"https:\/\/mersinkadingazetesi.com\/index.php?rest_route=%2Fwp%2Fv2%2Fmedia&parent=37578"}],"wp:term":[{"taxonomy":"category","embeddable":true,"href":"https:\/\/mersinkadingazetesi.com\/index.php?rest_route=%2Fwp%2Fv2%2Fcategories&post=37578"},{"taxonomy":"post_tag","embeddable":true,"href":"https:\/\/mersinkadingazetesi.com\/index.php?rest_route=%2Fwp%2Fv2%2Ftags&post=37578"}],"curies":[{"name":"wp","href":"https:\/\/api.w.org\/{rel}","templated":true}]}}