{"id":37581,"date":"2024-12-05T12:34:39","date_gmt":"2024-12-05T09:34:39","guid":{"rendered":"https:\/\/mersinkadingazetesi.com\/?p=37581"},"modified":"2024-12-05T12:34:39","modified_gmt":"2024-12-05T09:34:39","slug":"iklim-krizi-kirlilik-ve-biyocesitlilik-calistayi-sona-erdi","status":"publish","type":"post","link":"https:\/\/mersinkadingazetesi.com\/?p=37581","title":{"rendered":"\u201c\u0130KL\u0130M KR\u0130Z\u0130, K\u0130RL\u0130L\u0130K VE B\u0130YO\u00c7E\u015e\u0130TL\u0130L\u0130K \u00c7ALI\u015eTAYI SONA ERD\u0130\u201d"},"content":{"rendered":"\n<p>Akdeniz Belediyesi\u2019nin ev sahipli\u011finde, Mersin \u00dcniversitesi, Mersin B\u00fcy\u00fck\u015fehir Belediyesi ve MESK\u0130, \u00c7ukurova \u00dcniversitesi ile TMMOB \u00c7evre M\u00fchendisleri Odas\u0131 i\u015fbirli\u011finde d\u00fczenlenen; Mersin\u2019in Mavi Ufku \/ \u0130klim Krizi, Kirlilik ve Biyo\u00e7e\u015fitlilik \u00c7al\u0131\u015ftay\u0131\u201d sona erdi.<\/p>\n\n\n\n<p>Mersin Akdeniz b\u00f6lgesinde iklim de\u011fi\u015fikli\u011finin etkileri ve deniz kirlili\u011fi; biyo\u00e7e\u015fitlilik konular\u0131nda fark\u0131ndal\u0131\u011f\u0131 art\u0131rmay\u0131, payda\u015flar\u0131 bir araya getirerek i\u015f birli\u011fi olanaklar\u0131n\u0131 yaratmay\u0131 ve somut \u00e7\u00f6z\u00fcm \u00f6nerileri geli\u015ftirmeyi hedefleyen \u00e7al\u0131\u015ftaya; Akdeniz Belediyesi E\u015f Ba\u015fkanlar\u0131 Nuriye Arslan ve Ho\u015fyar Sar\u0131y\u0131ld\u0131z; Mersin B\u00fcy\u00fck\u015fehir Belediyesi Ba\u015fkan Dan\u0131\u015fman\u0131 Bedrettin G\u00fcnde\u015f, Toroslar Belediye Ba\u015fkan\u0131 Abdurrahman Y\u0131ld\u0131z, DEM Parti il ve il\u00e7e e\u015f ba\u015fkanlar\u0131, akademisyenler ve meslek \u00f6rg\u00fct\u00fc temsilcisi, Meclis \u00fcyeleri, Akdeniz Kent konseyi bile\u015fenleri, \u00f6\u011frenciler, bas\u0131n mensuplar\u0131 ile davetliler kat\u0131ld\u0131.<\/p>\n\n\n\n<p>Arslan; \u201cDo\u011fam\u0131z\u0131n ne kadar b\u00fcy\u00fck bir tehlike alt\u0131nda oldu\u011funu g\u00f6rd\u00fck\u201d<\/p>\n\n\n\n<p>\u00c7al\u0131\u015ftaya kat\u0131l\u0131mlar\u0131, bilimsel ve akademik sunumlar\u0131 i\u00e7in t\u00fcm payda\u015flara te\u015fekk\u00fcr eden E\u015f Ba\u015fkan Nuriye Arslan, \u201cDo\u011fam\u0131z\u0131n, d\u00fcnyam\u0131z\u0131n ne kadar b\u00fcy\u00fck bir tehlike alt\u0131nda oldu\u011funu bir kez daha g\u00f6rd\u00fck. Sizler gibi i\u015fin uzman\u0131 akademisyenlerin bilimsel tespitleri ile bunu ortaya koymak \u00e7ok \u00f6nemli\u2026 Ne yaz\u0131k ki bu bilinci, topluma yayma konusunda eksik kald\u0131\u011f\u0131m\u0131z\u0131 g\u00f6r\u00fcyoruz.<\/p>\n\n\n\n<p>Bundan sonraki s\u00fcre\u00e7lerde de toplumumuzu bilin\u00e7lendirme seminerleri ve konuya dair bilimsel toplant\u0131lar\u0131n d\u00fczenlenmesi b\u00fcy\u00fck \u00f6nem ta\u015f\u0131yor. \u00d6zellikle de denizalt\u0131 canl\u0131lar\u0131 ile ilgili hassasiyet konusunda \u00e7ok ciddi bilin\u00e7lendirme e\u011fitimlerinin verilmesi gerekti\u011fini bir kez daha g\u00f6rd\u00fck. Dilerim ki kolektif bir ak\u0131lla bunu hayata ge\u00e7irip, iklim krizinin b\u00fcy\u00fcmesine hep birlikte engel oluruz\u201d diye konu\u015ftu.<\/p>\n\n\n\n<p>Sar\u0131y\u0131ld\u0131z; \u201cDo\u011fa i\u00e7in \u00fczerimize d\u00fc\u015feni yerine getirmeye haz\u0131r\u0131z\u201d<\/p>\n\n\n\n<p>E\u015f Ba\u015fkan Ho\u015fyar Sar\u0131y\u0131ld\u0131z da konu\u015fmas\u0131nda, \u00e7al\u0131\u015ftay\u0131n sonu\u00e7 bildirgesinde ortaya \u00e7\u0131kan sonu\u00e7lara g\u00f6re, belediye olarak \u00fczerlerine d\u00fc\u015fen her t\u00fcrl\u00fc sorumlulu\u011fu yerine getirmeye haz\u0131r olduklar\u0131n\u0131n alt\u0131n\u0131 \u00e7izdi. \u201cYeter ki her kesim bu kapsamda \u00fczerine d\u00fc\u015feni yaps\u0131n. Akademisyenlerimizin de a\u00e7\u0131klad\u0131\u011f\u0131 \u00fczere \u00e7evre sorunlar\u0131na, iklim sorununa asl\u0131nda hepimiz bir \u00f6l\u00e7\u00fcde sebebiyet vermekteyiz. \u00d6rne\u011fin; de\u011ferli akademisyenlerimizin yapt\u0131\u011f\u0131 sunumlardan; soka\u011fa at\u0131lan bir pet barda\u011f\u0131n, k\u00f6rfez \u00fclkelerine, Do\u011fu Akdeniz\u2019e ya da Cebelitar\u0131k taraflar\u0131na kadar nas\u0131l bir habitat\u0131 etkiledi\u011fini, deniz alt\u0131 ve deniz \u00fcst\u00fc ya\u015fam\u0131na nas\u0131l zarar verdi\u011fini hep birlikte g\u00f6rd\u00fck\u201d dedi.<\/p>\n\n\n\n<p>\u201cDo\u011fam\u0131z\u0131n k\u0131ymetini bilelim ve koruyal\u0131m\u201d<\/p>\n\n\n\n<p>G\u00f6reve geldikleri ilk g\u00fcnden bu yana \u00e7evreci dernek, kurum ve akademisyenlerle s\u00fcrekli fikir al\u0131\u015fveri\u015finde bulunduklar\u0131n\u0131 kaydeden E\u015f Ba\u015fkan Sar\u0131y\u0131ld\u0131z; \u201cSahil ve mahalle temizlik \u00e7al\u0131\u015fmalar\u0131, ayr\u0131ca toplumsal bilin\u00e7lendirme faaliyetlerini s\u00fcrd\u00fcrd\u00fck. Tabi bu yeterli de\u011fil. Kazanl\u0131 sahilinde, bir canl\u0131n\u0131n (Caretta Caretta) deniz ile bulu\u015fmas\u0131na \u015fahitlik eden bir arkada\u015f\u0131n\u0131z olarak s\u00f6yl\u00fcyorum; Bunun k\u0131ymetini ve korumam\u0131z gerekti\u011fini bilen bir noktada, hepimize d\u00fc\u015fen b\u00fcy\u00fck sorumluluklar var. Bu \u00e7al\u0131\u015ftayda, \u00f6zellikle akademik alanda hocalar\u0131m\u0131z\u0131n vermi\u015f oldu\u011fu uzman g\u00f6r\u00fc\u015fleri ile MESK\u0130 ve B\u00fcy\u00fck\u015fehir\u2019den arkada\u015flar\u0131m\u0131z\u0131n katk\u0131lar\u0131 ile verilen bu sunumlarda eme\u011fi ge\u00e7en herkese te\u015fekk\u00fcrlerimizi sunuyoruz. \u00c7al\u0131\u015ftay\u0131n, hepimize ba\u015far\u0131 getirmesini diliyoruz\u201d ifadelerini kulland\u0131.<\/p>\n\n\n\n<p>\u00c7al\u0131\u015ftay\u0131n ama\u00e7 ve hedefleri\u2026<\/p>\n\n\n\n<p>Akdeniz Belediyesi K\u00fclt\u00fcr ve Sosyal \u0130\u015fler M\u00fcd\u00fcrl\u00fc\u011f\u00fc organizesinde; Mersin \u00dcniversitesi, Mersin B\u00fcy\u00fck\u015fehir Belediyesi ve MESK\u0130, \u00c7ukurova \u00dcniversitesi ile TMMOB \u00c7evre M\u00fchendisleri Odas\u0131 i\u015fbirli\u011finde d\u00fczenlenen Mersin\u2019in Mavi Ufku \/ \u0130klim Krizi, Kirlilik ve Biyo\u00e7e\u015fitlilik \u00c7al\u0131\u015ftay\u0131\u201d akademisyenlerin konuya ili\u015fkin bilimsel sunumlar\u0131, iklim krizi ve \u00e7evre kirlili\u011finin geldi\u011fi insanl\u0131\u011f\u0131 tehdit edici boyutu ve risk alt\u0131ndaki biyo\u00e7e\u015fitlili\u011fi ele alan sunumlar\u0131 ile devam etti.<\/p>\n\n\n\n<p>Alan\u0131nda uzman akademisyenlerin sunumlar\u0131yla zenginle\u015ftirdi\u011fi ve \u00e7al\u0131\u015fma gruplar\u0131n\u0131n olu\u015fturuldu\u011fu \u0130klim Krizi, Kirlilik ve Biyo\u00e7e\u015fitlilik \u00c7al\u0131\u015ftay\u0131n\u0131n ama\u00e7 ve hedefi; Akdeniz B\u00f6lgesi\u2019nde iklim de\u011fi\u015fikli\u011finin yaratt\u0131\u011f\u0131 etkileri bilimsel olarak masaya yat\u0131r\u0131p tart\u0131\u015fmak, deniz kirlili\u011fi ve biyo\u00e7e\u015fitlilik konular\u0131nda toplumsal bilin\u00e7 ve fark\u0131ndal\u0131\u011f\u0131 art\u0131rmak, konuyla ilgili payda\u015flar\u0131 da bir araya getirerek b\u00fct\u00fcn bu alanlarda i\u015f birli\u011fi olanaklar\u0131n\u0131 yarat\u0131p mevcut\u00fc sorunlara dair ortak \u00e7\u00f6z\u00fcm \u00f6nerileri geli\u015ftirmek olarak belirlendi.<\/p>\n","protected":false},"excerpt":{"rendered":"<p>Akdeniz Belediyesi\u2019nin ev sahipli\u011finde, Mersin \u00dcniversitesi, Mersin B\u00fcy\u00fck\u015fehir Belediyesi ve MESK\u0130, \u00c7ukurova \u00dcniversitesi ile TMMOB \u00c7evre M\u00fchendisleri Odas\u0131 i\u015fbirli\u011finde d\u00fczenlenen; Mersin\u2019in Mavi Ufku \/ \u0130klim Krizi, Kirlilik ve Biyo\u00e7e\u015fitlilik \u00c7al\u0131\u015ftay\u0131\u201d sona erdi. Mersin Akdeniz b\u00f6lgesinde iklim de\u011fi\u015fikli\u011finin etkileri ve deniz kirlili\u011fi; biyo\u00e7e\u015fitlilik konular\u0131nda fark\u0131ndal\u0131\u011f\u0131 art\u0131rmay\u0131, payda\u015flar\u0131 bir araya getirerek i\u015f birli\u011fi olanaklar\u0131n\u0131 yaratmay\u0131 ve somut [&hellip;]<\/p>\n","protected":false},"author":2,"featured_media":37582,"comment_status":"closed","ping_status":"closed","sticky":false,"template":"","format":"standard","meta":{"footnotes":""},"categories":[3],"tags":[],"class_list":["post-37581","post","type-post","status-publish","format-standard","has-post-thumbnail","hentry","category-manset"],"views":1,"_links":{"self":[{"href":"https:\/\/mersinkadingazetesi.com\/index.php?rest_route=\/wp\/v2\/posts\/37581"}],"collection":[{"href":"https:\/\/mersinkadingazetesi.com\/index.php?rest_route=\/wp\/v2\/posts"}],"about":[{"href":"https:\/\/mersinkadingazetesi.com\/index.php?rest_route=\/wp\/v2\/types\/post"}],"author":[{"embeddable":true,"href":"https:\/\/mersinkadingazetesi.com\/index.php?rest_route=\/wp\/v2\/users\/2"}],"replies":[{"embeddable":true,"href":"https:\/\/mersinkadingazetesi.com\/index.php?rest_route=%2Fwp%2Fv2%2Fcomments&post=37581"}],"version-history":[{"count":1,"href":"https:\/\/mersinkadingazetesi.com\/index.php?rest_route=\/wp\/v2\/posts\/37581\/revisions"}],"predecessor-version":[{"id":37583,"href":"https:\/\/mersinkadingazetesi.com\/index.php?rest_route=\/wp\/v2\/posts\/37581\/revisions\/37583"}],"wp:featuredmedia":[{"embeddable":true,"href":"https:\/\/mersinkadingazetesi.com\/index.php?rest_route=\/wp\/v2\/media\/37582"}],"wp:attachment":[{"href":"https:\/\/mersinkadingazetesi.com\/index.php?rest_route=%2Fwp%2Fv2%2Fmedia&parent=37581"}],"wp:term":[{"taxonomy":"category","embeddable":true,"href":"https:\/\/mersinkadingazetesi.com\/index.php?rest_route=%2Fwp%2Fv2%2Fcategories&post=37581"},{"taxonomy":"post_tag","embeddable":true,"href":"https:\/\/mersinkadingazetesi.com\/index.php?rest_route=%2Fwp%2Fv2%2Ftags&post=37581"}],"curies":[{"name":"wp","href":"https:\/\/api.w.org\/{rel}","templated":true}]}}