{"id":37584,"date":"2024-12-05T12:35:54","date_gmt":"2024-12-05T09:35:54","guid":{"rendered":"https:\/\/mersinkadingazetesi.com\/?p=37584"},"modified":"2024-12-05T12:35:55","modified_gmt":"2024-12-05T09:35:55","slug":"deva-partili-ekmen-amatemler-yetersiz","status":"publish","type":"post","link":"https:\/\/mersinkadingazetesi.com\/?p=37584","title":{"rendered":"DEVA Partili Ekmen: AMATEM\u2019ler yetersiz!\u00a0"},"content":{"rendered":"\n<figure class=\"wp-block-table\"><table class=\"has-fixed-layout\"><tbody><tr><td><strong>DEVA Partisi Genel Ba\u015fkan Yard\u0131mc\u0131s\u0131 Mehmet Emin Ekmen, Cumhurba\u015fkanl\u0131\u011f\u0131 2025 y\u0131l\u0131 b\u00fct\u00e7e g<\/strong><strong>\u00f6<\/strong><strong>r\u00fc\u015fmelerinde yapt\u0131\u011f\u0131 konu\u015fmada, Mersin ve Batman\u2019\u0131n uyu\u015fturucu sorununu g\u00fcndeme getirdi. Ba\u011f\u0131ml\u0131l\u0131k, Dan\u0131\u015fma, Ar\u0131nd\u0131rma ve Rehabilitasyon Merkezlerinin (AMATEM) yetersiz oldu\u011funu s<\/strong><strong>\u00f6<\/strong><strong>yleyen Ekmen,&nbsp;<\/strong><strong>\u201c<\/strong><strong>Mutlaka AMATEM<\/strong><strong>\u2019<\/strong><strong>lerin Ya\u015f<\/strong><strong>am K<\/strong><strong>\u00f6<\/strong><strong>y\u00fc konseptiyle desteklenmesi laz\u0131m\u201d dedi. Ekmen, uyu\u015fturucuyla m\u00fccadele kapsam\u0131nda At\u0131k Sulardan Psikoaktif Maddelerin Tespit Edilmesi Projesi<\/strong><strong>\u2019<\/strong><strong>yle ilgili kendilerine ve kamuoyuna bilgi verilmemesini de ele\u015ftirdi.&nbsp;<\/strong>&nbsp;DEVA Partisi Genel Ba\u015fkan Yard\u0131mc\u0131s\u0131 ve Mersin Milletvekili Mehmet Emin Ekmen, TBMM Plan ve B\u00fct\u00e7e Komisyonunda Cumhurba\u015fkanl\u0131\u011f\u0131 2025 B\u00fct\u00e7esi \u00fczerine de\u011ferlendirmelerde bulundu. Ayn\u0131 zamanda ba\u011f\u0131ml\u0131l\u0131kla m\u00fccadele \u00fcst kurulu ba\u015fkan\u0131 olan Cumhurba\u015fkan\u0131 Yard\u0131mc\u0131s\u0131 Cevdet Y\u0131lmaz\u2019a Mersin\u2019in ve Batman\u2019\u0131n sorunlar\u0131n\u0131 ve yap\u0131lmas\u0131 gereken \u00e7al\u0131\u015fmalar\u0131 aktaran Ekmen, uyu\u015fturucu belas\u0131na dikkati \u00e7ekti.&nbsp;&nbsp;<strong>&nbsp;<\/strong><strong>AMATEM tedavisi Ya\u015fam K\u00f6y\u00fc ile desteklenmelidir!<\/strong>T\u00fcrkiye&#8217;de uyu\u015fturucunun en yayg\u0131n oldu\u011fu illerin ba\u015f\u0131nda Batman ve Mersin\u2019in geldi\u011fini s\u00f6yleyen Ekmen, Mersin Uyu\u015fturucu ile M\u00fccadele Eden Aileler Derne\u011fi Ba\u015fkan\u0131 Say\u0131n Kamuran Bilen&#8217;in uyu\u015fturucu m\u00fccadele kapsam\u0131nda AMATEM\u2019lerin yetersiz olmas\u0131 \u00e7a\u011fr\u0131s\u0131n\u0131 g\u00fcndeme getirerek,&nbsp;\u201cUyu\u015fturucuyla m\u00fccadele eden aileler derne\u011fi ba\u015fkan\u0131 Kamuran Bilen\u2019nin \u00e7\u0131\u011fl\u0131\u011f\u0131n\u0131 sizinle payla\u015fmak istiyorum. &nbsp;AMATEM\u2019ler yetersiz. Say\u0131ca az ve yetersizler ancak burada tedavi g\u00f6ren gen\u00e7ler a\u00e7\u0131s\u0131ndan da yetersizdir. AMATEM\u2019deki t\u0131bbi tedavinin, Ya\u015fam K\u00f6yleri konseptinde bir rehabilitasyon program\u0131yla mutlaka desteklenmesi gerekir. &nbsp;Ba\u015fkan\u0131 oldu\u011funuz kurul, bug\u00fcne kadar Ya\u015fam K\u00f6y\u00fc in\u015faatlar\u0131yla ilgili olarak gerek iktidar gerek belediyeler arac\u0131l\u0131\u011f\u0131yla neler yapt\u0131? &nbsp;g\u00fcndeminiz nas\u0131l \u015fekillendi? Bundan sonra bu Ya\u015fam K\u00f6yleri hususunda ne d\u00fc\u015f\u00fcn\u00fcrs\u00fcn\u00fcz?\u201d diye sordu.&nbsp;<strong>Sonu\u00e7lar neden bizle payla\u015f\u0131lm\u0131yor!<\/strong>Uyu\u015fturucuyla m\u00fccadelede 2017 y\u0131l\u0131nda Ye\u015filay ile \u0130\u00e7i\u015fleri Bakanl\u0131\u011f\u0131 aras\u0131nda At\u0131k Sulardan Psikoaktif Maddelerin Tespit Edilmesi Projesi\u2019nin imzaland\u0131\u011f\u0131n\u0131&nbsp;hat\u0131rlatan Ekmen,&nbsp;\u201c18 ilde proje ba\u015flat\u0131ld\u0131. Mersin bu 18 ilin aras\u0131nda. At\u0131k sudan numune al\u0131narak ba\u011f\u0131ml\u0131l\u0131k&nbsp;\u00f6l\u00e7\u00fcl\u00fcyor. \u015eu anda \u00c7evre \u015eehircilik Bakanl\u0131\u011f\u0131 ilgileniyor. Ancak Sonu\u00e7lar bizimle payla\u015f\u0131lm\u0131yor. Bunlar \u00e7ok mu vahim oldu\u011fu i\u00e7in bizimle payla\u015f\u0131lm\u0131yor? Bir gizlilik derecesi mi var? E\u011fer, bu at\u0131k sulardaki oranlar kamuoyu ile payla\u015f\u0131l\u0131rsa, o&nbsp;\u015fehirlerde duyarl\u0131l\u0131k artar, m\u00fccadele azmi artar. Bu verilerin bizimle payla\u015f\u0131lmas\u0131n\u0131 talep ediyorum\u201d ifadelerini kulland\u0131.<\/td><\/tr><\/tbody><\/table><\/figure>\n","protected":false},"excerpt":{"rendered":"<p>DEVA Partisi Genel Ba\u015fkan Yard\u0131mc\u0131s\u0131 Mehmet Emin Ekmen, Cumhurba\u015fkanl\u0131\u011f\u0131 2025 y\u0131l\u0131 b\u00fct\u00e7e g\u00f6r\u00fc\u015fmelerinde yapt\u0131\u011f\u0131 konu\u015fmada, Mersin ve Batman\u2019\u0131n uyu\u015fturucu sorununu g\u00fcndeme getirdi. Ba\u011f\u0131ml\u0131l\u0131k, Dan\u0131\u015fma, Ar\u0131nd\u0131rma ve Rehabilitasyon Merkezlerinin (AMATEM) yetersiz oldu\u011funu s\u00f6yleyen Ekmen,&nbsp;\u201cMutlaka AMATEM\u2019lerin Ya\u015fam K\u00f6y\u00fc konseptiyle desteklenmesi laz\u0131m\u201d dedi. Ekmen, uyu\u015fturucuyla m\u00fccadele kapsam\u0131nda At\u0131k Sulardan Psikoaktif Maddelerin Tespit Edilmesi Projesi\u2019yle ilgili kendilerine ve kamuoyuna [&hellip;]<\/p>\n","protected":false},"author":2,"featured_media":37585,"comment_status":"closed","ping_status":"closed","sticky":false,"template":"","format":"standard","meta":{"footnotes":""},"categories":[34,2,3,9],"tags":[],"class_list":["post-37584","post","type-post","status-publish","format-standard","has-post-thumbnail","hentry","category-flas-haber","category-gundem","category-manset","category-saglik"],"views":3,"_links":{"self":[{"href":"https:\/\/mersinkadingazetesi.com\/index.php?rest_route=\/wp\/v2\/posts\/37584"}],"collection":[{"href":"https:\/\/mersinkadingazetesi.com\/index.php?rest_route=\/wp\/v2\/posts"}],"about":[{"href":"https:\/\/mersinkadingazetesi.com\/index.php?rest_route=\/wp\/v2\/types\/post"}],"author":[{"embeddable":true,"href":"https:\/\/mersinkadingazetesi.com\/index.php?rest_route=\/wp\/v2\/users\/2"}],"replies":[{"embeddable":true,"href":"https:\/\/mersinkadingazetesi.com\/index.php?rest_route=%2Fwp%2Fv2%2Fcomments&post=37584"}],"version-history":[{"count":1,"href":"https:\/\/mersinkadingazetesi.com\/index.php?rest_route=\/wp\/v2\/posts\/37584\/revisions"}],"predecessor-version":[{"id":37586,"href":"https:\/\/mersinkadingazetesi.com\/index.php?rest_route=\/wp\/v2\/posts\/37584\/revisions\/37586"}],"wp:featuredmedia":[{"embeddable":true,"href":"https:\/\/mersinkadingazetesi.com\/index.php?rest_route=\/wp\/v2\/media\/37585"}],"wp:attachment":[{"href":"https:\/\/mersinkadingazetesi.com\/index.php?rest_route=%2Fwp%2Fv2%2Fmedia&parent=37584"}],"wp:term":[{"taxonomy":"category","embeddable":true,"href":"https:\/\/mersinkadingazetesi.com\/index.php?rest_route=%2Fwp%2Fv2%2Fcategories&post=37584"},{"taxonomy":"post_tag","embeddable":true,"href":"https:\/\/mersinkadingazetesi.com\/index.php?rest_route=%2Fwp%2Fv2%2Ftags&post=37584"}],"curies":[{"name":"wp","href":"https:\/\/api.w.org\/{rel}","templated":true}]}}