{"id":37590,"date":"2024-12-06T11:49:06","date_gmt":"2024-12-06T08:49:06","guid":{"rendered":"https:\/\/mersinkadingazetesi.com\/?p=37590"},"modified":"2024-12-06T11:49:07","modified_gmt":"2024-12-06T08:49:07","slug":"baskan-secer-chp-mersin-il-danisma-kuruluna-katildi","status":"publish","type":"post","link":"https:\/\/mersinkadingazetesi.com\/?p=37590","title":{"rendered":"BA\u015eKAN SE\u00c7ER, CHP MERS\u0130N \u0130L DANI\u015eMA KURULUNA KATILDI"},"content":{"rendered":"\n<p>Mersin B\u00fcy\u00fck\u015fehir Belediye Ba\u015fkan\u0131 Vahap Se\u00e7er, Cumhuriyet Halk Partisi (CHP) Mersin \u0130l Ba\u015fkanl\u0131\u011f\u0131 taraf\u0131ndan d\u00fczenlenen&nbsp;<strong><em>&#8216;\u0130l Dan\u0131\u015fma Kurulu&#8217;<\/em><\/strong>na kat\u0131ld\u0131. Mersin B\u00fcy\u00fck\u015fehir Belediyesi Kongre ve Sergi Saray\u0131&#8217;nda d\u00fczenlenen \u0130l Dan\u0131\u015fma Kurulu&#8217;na; CHP Genel Ba\u015fkan Yard\u0131mc\u0131s\u0131, Parti S\u00f6zc\u00fcs\u00fc ve \u0130zmir Milletvekili Deniz Y\u00fccel, CHP Mersin \u0130l Ba\u015fkan\u0131 Koral \u00d6m\u00fcr, il\u00e7e belediye ba\u015fkanlar\u0131, ge\u00e7mi\u015f d\u00f6nem milletvekilleri ve il ba\u015fkanlar\u0131, CHP Ge\u00e7mi\u015f D\u00f6nem Gen\u00e7lik Kollar\u0131 Genel Ba\u015fkan\u0131 Emre Y\u0131lmaz, il y\u00f6netimi, Meclis \u00fcyeleri, kurultay delegeleri ve \u0130l Disiplin Kurulu kat\u0131l\u0131m sa\u011flad\u0131.<\/p>\n\n\n\n<p><strong>Ba\u015fkan Se\u00e7er: &#8220;Do\u011fru s\u00f6z yerinde ve zaman\u0131nda s\u00f6ylendi\u011fi zaman bir de\u011fer olur&#8221;<\/strong><\/p>\n\n\n\n<p>Dan\u0131\u015fma Kurulu toplant\u0131lar\u0131n\u0131n yap\u0131lmas\u0131n\u0131n, parti i\u00e7i demokrasi a\u00e7\u0131s\u0131ndan son derece de\u011ferli oldu\u011funa dikkat \u00e7eken Se\u00e7er, partide se\u00e7ilmi\u015f olarak g\u00f6rev yapan herkesin telkinlerini, \u00f6nerilerini ve ele\u015ftirilerini sunaca\u011f\u0131 bu t\u00fcr toplant\u0131lar\u0131n \u00e7ok \u00f6nemli oldu\u011funa de\u011finerek&nbsp;<strong>&#8220;\u00c7ok seslilik daima yarar getirir. Do\u011fru s\u00f6z yerinde ve zaman\u0131nda s\u00f6ylendi\u011fi zaman bir de\u011fer olur, bir a\u011f\u0131rl\u0131\u011f\u0131 olur. Bu toplant\u0131 da parti i\u00e7in politikalar a\u00e7\u0131s\u0131ndan, d\u00fcn\u00fcm\u00fcz, bug\u00fcn\u00fcm\u00fcz ve gelece\u011fimiz a\u00e7\u0131s\u0131ndan s\u00f6ylenebilecek s\u00f6zlerin do\u011fru bir yeri ve zeminidir&#8221;<\/strong>&nbsp;dedi. Mersin&#8217;in&nbsp;<strong><em>&#8216;K\u00fc\u00e7\u00fck T\u00fcrkiye&#8217;<\/em><\/strong>&nbsp;oldu\u011funu her zaman dile getirdi\u011fini s\u00f6yleyen Se\u00e7er,&nbsp;<strong>&#8220;Demografisine, stratejik konumuna, T\u00fcrkiye&#8217;de ekonomik hacmine, sosyolojisine, ya\u015fanan olaylara bakt\u0131\u011f\u0131m\u0131z zaman hakl\u0131y\u0131z. T\u00fcrkiye&#8217;de ekonomik sorun, gelir da\u011f\u0131l\u0131m\u0131nda adaletsizlik ya\u015fan\u0131yorsa burada da ya\u015fan\u0131yor. Do\u011fu Akdeniz \u0131s\u0131n\u0131r, Kafkaslar so\u011fur, Ortado\u011fu&#8217;da \u00e7at\u0131\u015fma olur, T\u00fcrkiye&#8217;de siyasi gerginlik olur, bunlar\u0131n hepsinden Mersin etkilenir&#8221;<\/strong>&nbsp;ifadelerine yer verdi.<\/p>\n\n\n\n<p><strong>&#8220;H\u00fck\u00fcmet yoksa, iktidar bo\u015f alanlar b\u0131rak\u0131yorsa; CHP&#8217;li belediyeler var&#8221;<\/strong><\/p>\n\n\n\n<p>T\u00fcrkiye&#8217;ye bir Cumhurba\u015fkan\u0131 se\u00e7tirebilmek i\u00e7in her kesimden oy al\u0131nmas\u0131 gerekti\u011fini ve bunun i\u00e7in de CHP taban\u0131n\u0131n itici g\u00fc\u00e7 olmas\u0131 gerekti\u011fini s\u00f6yleyen Se\u00e7er,&nbsp;<strong>&#8220;2024 se\u00e7imlerinde ortaya \u00e7\u0131kan ba\u015far\u0131 hikayesinin lokomotifi, 2019-2024 y\u0131llar\u0131 aras\u0131nda yap\u0131lan CHP&#8217;li belediyecilik anlay\u0131\u015f\u0131 olmu\u015ftur. H\u00fck\u00fcmet yoksa, iktidar bo\u015f alanlar b\u0131rak\u0131yorsa; CHP&#8217;li belediyeler var. Pandemide, depremde, selde, f\u0131rt\u0131nada, yang\u0131nda CHP&#8217;li belediyeler var. Ekonomik kriz ya\u015fan\u0131yor, yoksulluk, yokluk var; CHP&#8217;li belediyeler var. Hasta var, hastaya bakan yok; CHP&#8217;li belediyeler var&#8221;<\/strong>&nbsp;\u015feklinde konu\u015ftu.<\/p>\n\n\n\n<p><strong>&#8220;Form\u00fcl belli;&nbsp;<em>&#8216;\u00c7al\u0131\u015fmak ve halka gitmek'&#8221;<\/em><\/strong><\/p>\n\n\n\n<p>Bu kapsamda yap\u0131lmas\u0131 gerekeni s\u00f6yleyen Se\u00e7er,&nbsp;<strong>&#8220;\u015eimdi \u00e7ok \u00e7al\u0131\u015fmak ve \u00e7ok i\u015f yapmak zaman\u0131. \u0130ktidar\u0131 getirecek olan halka dokunmak ve halka gitmektir. Form\u00fcl belli;&nbsp;<em>&#8216;\u00c7al\u0131\u015fmak, halka gitmek ve halk\u0131n hanesine girmek<\/em>&#8216;&#8221;<\/strong>&nbsp;diyerek, iktidara gidecek yolun her partilinin halka dokunmas\u0131yla olaca\u011f\u0131n\u0131 vurgulad\u0131.<\/p>\n\n\n\n<p><strong>&#8221;&nbsp;<em>&#8216;Vahap Se\u00e7er Belediyecili\u011fi&#8217;<\/em>&nbsp;de\u011fil,&nbsp;<em>&#8216;CHP Belediyecili\u011fi&#8217;<\/em>&nbsp;genel se\u00e7imlerde sizi iktidara getir&#8221;<\/strong><\/p>\n\n\n\n<p>En iyi belediyecili\u011fi yapmaya devam edeceklerinin alt\u0131n\u0131 \u00e7izen Se\u00e7er;&nbsp;<strong><em>&#8216;Vahap Se\u00e7er Belediyecili\u011fi&#8217;<\/em>&nbsp;<\/strong>kavram\u0131n\u0131n de\u011fil,<strong>&nbsp;<em>&#8216;CHP Belediyecili\u011fi&#8217;<\/em>&nbsp;<\/strong>kavram\u0131n\u0131n genel se\u00e7imlerde kendilerini iktidara getirece\u011finden bahsederek,&nbsp;<strong>&#8221;&nbsp;<em>&#8216;CHP Belediyecili\u011fi&#8217;<\/em>&nbsp;anlay\u0131\u015f\u0131n\u0131 vatanda\u015fa anlat\u0131rsak; onlar da se\u00e7imlerde;&nbsp;<em>&#8216;Ben bu partinin belediyecilik anlay\u0131\u015f\u0131ndan \u00e7ok yararland\u0131m. Do\u011fal olarak da vicdanen bu se\u00e7imlerde CHP&#8217;yi desteklemem gerekir.&#8217;<\/em>&nbsp;der&#8221;&nbsp;<\/strong>diye belirtti.<\/p>\n\n\n\n<p><strong>Se\u00e7er&#8217;den kayy\u0131m tepkisi: &#8220;Millet iradesi ve demokrasi gasp ediliyor&#8221;<\/strong><\/p>\n\n\n\n<p>Son g\u00fcnlerde bir\u00e7ok belediyeye kayy\u0131m atanmas\u0131na ili\u015fkin konu\u015fan Se\u00e7er, kayy\u0131m atamalar\u0131n\u0131n hukuki bir dayana\u011f\u0131 olmad\u0131\u011f\u0131na ve al\u0131nan kararlar\u0131n siyasi oldu\u011funa dikkat \u00e7ekti. Yap\u0131lan her toplant\u0131da ve konu\u015fmas\u0131nda s\u0131k s\u0131k bunu dile getirdi\u011fini s\u00f6yleyen Se\u00e7er, bu konuyu T\u00fcrkiye&#8217;nin g\u00fcndeminde tutmak ve kamuoyunda dikkatleri bu mesele \u00fczerinde yo\u011funla\u015ft\u0131rmak gerekti\u011fini vurgulayarak,&nbsp;<strong>&#8220;Millet iradesi ve demokrasi gasp ediliyor. T\u00fcrkiye&#8217;yi aya\u011fa kald\u0131rmak ve bunun kar\u015f\u0131s\u0131nda durmak laz\u0131m. Bizim duraca\u011f\u0131m\u0131z yer belli. Ben partimin de bu noktada oldu\u011funu memnuniyetle g\u00f6r\u00fcyorum. T\u00fcrkiye&#8217;nin de duyaca\u011f\u0131 \u015fekilde bu konuyu itiraz etmeye devam etmemiz gerekti\u011fini d\u00fc\u015f\u00fcn\u00fcyorum&#8221;<\/strong>&nbsp;dedi.<\/p>\n\n\n\n<p><strong>&#8220;Parti i\u00e7i dayan\u0131\u015fma, iktidara \u00e7ok daha emin ad\u0131mlarla y\u00fcr\u00fcmemizi sa\u011flayacak&#8221;<\/strong><\/p>\n\n\n\n<p>Parti i\u00e7i dayan\u0131\u015fmay\u0131 \u00f6nemli buldu\u011funu dile getiren Se\u00e7er,&nbsp;<strong>&#8220;Parti i\u00e7i dayan\u0131\u015fma; birlik ve beraberlik g\u00f6r\u00fcnt\u00fcs\u00fcn\u00fc ve yapt\u0131\u011f\u0131m\u0131z do\u011fru i\u015fleri peki\u015ftirecek, g\u00fc\u00e7lendirecek, iktidara \u00e7ok daha emin ad\u0131mlarla y\u00fcr\u00fcmemizi sa\u011flayacakt\u0131r. Parti i\u00e7inde her birimiz bir di\u011ferimizi anlamak zorunday\u0131z&#8221;<\/strong>&nbsp;diye konu\u015ftu. Cumhurba\u015fkanl\u0131\u011f\u0131 adayl\u0131\u011f\u0131 konusuna de\u011finen Se\u00e7er, adayl\u0131k konusunu konu\u015fman\u0131n hen\u00fcz erken oldu\u011funu s\u00f6yleyerek,&nbsp;<strong>&#8220;Yeri ve zaman\u0131 gelir, se\u00e7im yakla\u015f\u0131r; erken veya zaman\u0131nda se\u00e7im olursa CHP&#8217;nin \u015fu andaki mevzuat\u0131 gere\u011fince yapaca\u011f\u0131 milletvekili grubunun verece\u011fi kararlar Cumhurba\u015fkan\u0131 aday\u0131n\u0131 belirleyecektir. Partimizin belirleyece\u011fi aday hepimizin aday\u0131d\u0131r. Ama bu tart\u0131\u015fmalar\u0131 erken ba\u015flat\u0131p, partiyi birden fazla par\u00e7alara ay\u0131rmak bizi zay\u0131flat\u0131r&#8221;&nbsp;<\/strong>ifadelerini kulland\u0131.<\/p>\n\n\n\n<p>Bu s\u00fcre\u00e7te ortak strateji ve s\u00f6ylemlerin olu\u015fturulmas\u0131 i\u00e7in 414 CHP&#8217;li belediyenin ortak bir \u00e7al\u0131\u015fma sistemi olu\u015fturmas\u0131 gerekti\u011finin de alt\u0131n\u0131 \u00e7izen Se\u00e7er,&nbsp;<strong>&#8220;Baz\u0131 belediye projeleri vard\u0131r \u0130stanbul i\u00e7in m\u00fckemmeldir ama Mersin i\u00e7in hi\u00e7 uygun de\u011fildir ya da Mersin i\u00e7in uygun olan bir proje \u0130stanbul i\u00e7in uygun olmayabilir. Daha derli toplu, anla\u015f\u0131labilir, toplumu etkileyecek s\u00f6ylemler ve projelerle iyi bir belediyecilik nas\u0131l yap\u0131l\u0131r diye \u00e7al\u0131\u015fmas\u0131n\u0131 yap\u0131p belediye ba\u015fkanlar\u0131na sunan bir parti g\u00f6r\u00fcn\u00fcm\u00fcnde olmam\u0131z laz\u0131m&#8221;<\/strong>&nbsp;s\u00f6zlerine yer verdi.<\/p>\n\n\n\n<p><strong>&#8220;Partimiz, g\u00fc\u00e7l\u00fc bir partidir&#8221;<\/strong><\/p>\n\n\n\n<p>Birlik ve beraberlik i\u00e7erisinde a\u015f\u0131lamayacak hi\u00e7bir konu olmad\u0131\u011f\u0131n\u0131 dile getiren Se\u00e7er, yerel se\u00e7imlerde Mersin&#8217;de kazan\u0131lan ba\u015far\u0131da bu anlay\u0131\u015f\u0131n \u00e7ok \u00f6nemli bir pay\u0131 oldu\u011funu vurgulad\u0131. Se\u00e7er,&nbsp;<strong>&#8220;Partimiz g\u00fc\u00e7l\u00fc bir partidir. \u00d6nderimiz Ulu \u00d6nder Mustafa Kemal Atat\u00fcrk&#8217;t\u00fcr. Birikimimize ve \u015fevkimize inan\u0131yoruz. Yol arkada\u015flar\u0131m\u0131z\u0131 seviyoruz. Hep beraber ba\u015far\u0131l\u0131 olaca\u011f\u0131z. Yolumuz a\u00e7\u0131k olsun&#8221;<\/strong>&nbsp;diyerek s\u00f6zlerini sonland\u0131rd\u0131.<\/p>\n\n\n\n<p><strong>Y\u00fccel: &#8220;Bu d\u00f6nem Mersin&#8217;de bir ba\u015far\u0131 hik\u00e2yesi yazd\u0131k&#8221;<\/strong><\/p>\n\n\n\n<p>CHP Genel Ba\u015fkan Yard\u0131mc\u0131s\u0131, Parti S\u00f6zc\u00fcs\u00fc ve \u0130zmir Milletvekili Deniz Y\u00fccel, CHP&#8217;li belediyelerin her t\u00fcrl\u00fc engellemeye kar\u015f\u0131 halk\u0131n sorunlar\u0131na \u00e7\u00f6z\u00fcm \u00fcretmeye, sosyal politikalarla halka hizmet etmeye devam etti\u011fini belirterek, kayy\u0131m ele\u015ftirisinde bulundu. Y\u00fccel, siyasi partilerden ve siyasi g\u00f6r\u00fc\u015ften ba\u011f\u0131ms\u0131z olarak demokrasiye inanan ve demokrasiyi sahiplenen herkesin bu uygulaman\u0131n kar\u015f\u0131s\u0131nda durmas\u0131 gerekti\u011finden s\u00f6z ederek,<strong>&nbsp;&#8220;Kayy\u0131m uygulamalar\u0131 AK Parti&#8217;nin se\u00e7imlerde sand\u0131kla kazanamad\u0131\u011f\u0131 belediyelere \u00e7\u00f6kme projesinin bir \u00f6rne\u011fidir. O y\u00fczden kayy\u0131m atanan belediyelerde yap\u0131lan her i\u015flemin, halk\u0131n harcanan her kuru\u015funun CHP olarak takip\u00e7isi olaca\u011f\u0131z. Belediyelerimizin, belediye ba\u015fkanlar\u0131m\u0131z\u0131n halka hizmet etmelerini, sorunlara \u00e7\u00f6z\u00fcm, dertlere derman olmalar\u0131n\u0131 engelleyemeyecekler&#8221;&nbsp;<\/strong>dedi.<\/p>\n\n\n\n<p>Y\u00fccel,Ba\u015fkan Se\u00e7er&#8217;in y\u00f6netiminde kentin hizmet dolu bir d\u00f6nem ge\u00e7irdi\u011fini ifade ederek,&nbsp;<strong>&#8220;Mersin&#8217;de bir ba\u015far\u0131 hik\u00e2yesi yazd\u0131k.<\/strong>&nbsp;<strong>Vahap Ba\u015fkan\u0131m \u00e7ok ba\u015far\u0131l\u0131 bir d\u00f6nem ge\u00e7irdi. Bu d\u00f6nem rekor oyla ikinci kez se\u00e7ildi. Ge\u00e7en d\u00f6nem 3 olan il\u00e7e belediye say\u0131m\u0131z\u0131 Mersin&#8217;de 7&#8217;ye \u00e7\u0131kard\u0131k. Ben inan\u0131yorum ki \u00f6n\u00fcm\u00fczdeki d\u00f6nem hepsini alarak t\u00fcm belediyeleri ve il\u00e7eleri CHP&#8217;nin y\u00f6netti\u011fi bir Mersin&#8217;de daha mutlu, huzurlu, demokratik ve \u00e7a\u011fda\u015f bir y\u00f6netim ile Mersinli hem\u015fehrilerimiz tan\u0131\u015facak&#8221;&nbsp;<\/strong>diye konu\u015ftu.<\/p>\n\n\n\n<p><strong>\u00d6m\u00fcr: &#8220;Partimizin iktidar y\u00fcr\u00fcy\u00fc\u015f\u00fcne; T\u00fcrkiye modeli olan Mersin&#8217;den ba\u015flayarak katk\u0131 sunaca\u011f\u0131z&#8221;<\/strong><\/p>\n\n\n\n<p>CHP Mersin \u0130l Ba\u015fkan\u0131 Koral \u00d6m\u00fcr ise \u00f6zellikle son y\u0131llarda mevcut iktidar politikalar\u0131 y\u00fcz\u00fcnden halk\u0131n derin yoksulluk, adaletsizlik ve \u00e7aresizli\u011fi en yo\u011fun \u015fekilde hissetti\u011fini ve bu y\u00f6netim anlay\u0131\u015f\u0131n\u0131n ba\u015fta ekonomi ve adalet olmak \u00fczere her alanda \u00fclkeyi \u00e7\u00f6k\u00fc\u015f\u00fcn e\u015fi\u011fine kadar getirdi\u011fini s\u00f6yledi. Sosyal demokrat ve halk\u00e7\u0131 anlay\u0131\u015fla birlikte adalet ve hukukun \u00fcst\u00fcnl\u00fc\u011f\u00fcn\u00fc yeniden sa\u011flama misyonun CHP&#8217;de oldu\u011funu kaydeden \u00d6m\u00fcr,&nbsp;<strong>&#8220;Bizler topluma umut olaca\u011f\u0131z ve iktidar\u0131m\u0131zda \u00fclkeyi nas\u0131l y\u00f6netece\u011fimizi bundan sonraki s\u00fcre\u00e7te herkese anlataca\u011f\u0131z. Biz de partimizin bu iktidar y\u00fcr\u00fcy\u00fc\u015f\u00fcne; Mersin&#8217;den, \u00fclkenin her yerinden, her renginden demografik yap\u0131s\u0131yla, co\u011frafi \u00e7e\u015fitlili\u011fiyle, sanayi, tar\u0131m ve ticaretin birlikte etkin bir \u015fekilde s\u00fcrd\u00fc\u011f\u00fc her alanda bir T\u00fcrkiye modeli olan Mersin&#8217;den bug\u00fcnden ba\u015flayarak katk\u0131 sunaca\u011f\u0131z&#8221;<\/strong>&nbsp;dedi. \u00d6m\u00fcr, Ba\u015fkan Vahap Se\u00e7er&#8217;in 31 Mart&#8217;ta rekor k\u0131rarak elde etmi\u015f oldu\u011fu ba\u015far\u0131 \u00f6rne\u011fini \u00fclkenin d\u00f6rt bir yan\u0131na ta\u015f\u0131yacaklar\u0131n\u0131 dile getirdi.<\/p>\n","protected":false},"excerpt":{"rendered":"<p>Mersin B\u00fcy\u00fck\u015fehir Belediye Ba\u015fkan\u0131 Vahap Se\u00e7er, Cumhuriyet Halk Partisi (CHP) Mersin \u0130l Ba\u015fkanl\u0131\u011f\u0131 taraf\u0131ndan d\u00fczenlenen&nbsp;&#8216;\u0130l Dan\u0131\u015fma Kurulu&#8217;na kat\u0131ld\u0131. Mersin B\u00fcy\u00fck\u015fehir Belediyesi Kongre ve Sergi Saray\u0131&#8217;nda d\u00fczenlenen \u0130l Dan\u0131\u015fma Kurulu&#8217;na; CHP Genel Ba\u015fkan Yard\u0131mc\u0131s\u0131, Parti S\u00f6zc\u00fcs\u00fc ve \u0130zmir Milletvekili Deniz Y\u00fccel, CHP Mersin \u0130l Ba\u015fkan\u0131 Koral \u00d6m\u00fcr, il\u00e7e belediye ba\u015fkanlar\u0131, ge\u00e7mi\u015f d\u00f6nem milletvekilleri ve il ba\u015fkanlar\u0131, [&hellip;]<\/p>\n","protected":false},"author":2,"featured_media":37591,"comment_status":"closed","ping_status":"closed","sticky":false,"template":"","format":"standard","meta":{"footnotes":""},"categories":[3],"tags":[],"class_list":["post-37590","post","type-post","status-publish","format-standard","has-post-thumbnail","hentry","category-manset"],"views":1,"_links":{"self":[{"href":"https:\/\/mersinkadingazetesi.com\/index.php?rest_route=\/wp\/v2\/posts\/37590"}],"collection":[{"href":"https:\/\/mersinkadingazetesi.com\/index.php?rest_route=\/wp\/v2\/posts"}],"about":[{"href":"https:\/\/mersinkadingazetesi.com\/index.php?rest_route=\/wp\/v2\/types\/post"}],"author":[{"embeddable":true,"href":"https:\/\/mersinkadingazetesi.com\/index.php?rest_route=\/wp\/v2\/users\/2"}],"replies":[{"embeddable":true,"href":"https:\/\/mersinkadingazetesi.com\/index.php?rest_route=%2Fwp%2Fv2%2Fcomments&post=37590"}],"version-history":[{"count":1,"href":"https:\/\/mersinkadingazetesi.com\/index.php?rest_route=\/wp\/v2\/posts\/37590\/revisions"}],"predecessor-version":[{"id":37592,"href":"https:\/\/mersinkadingazetesi.com\/index.php?rest_route=\/wp\/v2\/posts\/37590\/revisions\/37592"}],"wp:featuredmedia":[{"embeddable":true,"href":"https:\/\/mersinkadingazetesi.com\/index.php?rest_route=\/wp\/v2\/media\/37591"}],"wp:attachment":[{"href":"https:\/\/mersinkadingazetesi.com\/index.php?rest_route=%2Fwp%2Fv2%2Fmedia&parent=37590"}],"wp:term":[{"taxonomy":"category","embeddable":true,"href":"https:\/\/mersinkadingazetesi.com\/index.php?rest_route=%2Fwp%2Fv2%2Fcategories&post=37590"},{"taxonomy":"post_tag","embeddable":true,"href":"https:\/\/mersinkadingazetesi.com\/index.php?rest_route=%2Fwp%2Fv2%2Ftags&post=37590"}],"curies":[{"name":"wp","href":"https:\/\/api.w.org\/{rel}","templated":true}]}}