{"id":37596,"date":"2024-12-06T11:51:06","date_gmt":"2024-12-06T08:51:06","guid":{"rendered":"https:\/\/mersinkadingazetesi.com\/?p=37596"},"modified":"2024-12-06T11:51:07","modified_gmt":"2024-12-06T08:51:07","slug":"sosyal-politikalar-ofisi-sosyal-sorunlarin-cozumunde-is-birligine-hazir","status":"publish","type":"post","link":"https:\/\/mersinkadingazetesi.com\/?p=37596","title":{"rendered":"SOSYAL POL\u0130T\u0130KALAR OF\u0130S\u0130, SOSYAL SORUNLARIN \u00c7\u00d6Z\u00dcM\u00dcNDE \u0130\u015e B\u0130RL\u0130\u011e\u0130NE HAZIR"},"content":{"rendered":"\n<p>Mersin B\u00fcy\u00fck\u015fehir Belediye Ba\u015fkan\u0131 Vahap Se\u00e7er&#8217;in 2019 y\u0131l\u0131nda g\u00f6reve gelmesi ile birlikte toplumun her kesimini kucaklayan y\u00f6netim anlay\u0131\u015f\u0131, t\u00fcm T\u00fcrkiye&#8217;ye \u00f6rnek olmaya devam ediyor. E\u011fitim, sa\u011fl\u0131k, tar\u0131m, istihdam gibi hayat\u0131n her alan\u0131nda yurtta\u015flar\u0131n ihtiya\u00e7 ve taleplerine y\u00f6nelik hizmetleri hayata ge\u00e7iren B\u00fcy\u00fck\u015fehir; projelerin koordinasyonunu tek bir \u00e7at\u0131 alt\u0131nda toplayarak yak\u0131n zamanda hayata ge\u00e7irdi\u011fi ve dezavantajl\u0131 gruplar\u0131n ya\u015fam kalitesini art\u0131rmay\u0131 hedefledi\u011fi&nbsp;<strong>&#8216;Sosyal Politikalar Ofisi&#8217;<\/strong>&nbsp;ile hem sosyal projelerin duyurulmas\u0131n\u0131, hem de yeni projeler \u00fcretilmesini sa\u011fl\u0131yor. \u00d6zellikle kentte \u00f6ne \u00e7\u0131kan \u00e7e\u015fitli kurum, kurulu\u015f ve STK&#8217;lardan temsilcileri a\u011f\u0131rlayan ofis, kentte ya\u015fayan vatanda\u015flar\u0131n hayat\u0131na dokunacak sosyal politikalar\u0131n geli\u015ftirilmesinde ve sosyal sorunlar\u0131n \u00e7\u00f6z\u00fcm\u00fcnde katk\u0131 ve destek sunacak her kesime kap\u0131lar\u0131n\u0131 a\u00e7\u0131k tutuyor.&nbsp;&nbsp;<\/p>\n\n\n\n<p><strong>Sosyal Politikalar Ofisi, her kesime kap\u0131lar\u0131n\u0131 a\u00e7\u0131yor<\/strong><\/p>\n\n\n\n<p>Bu kapsamda merkezi, Sosyal Hizmet Uzmanlar\u0131 Derne\u011fi \u00f6nc\u00fcl\u00fc\u011f\u00fcnde; Tarsus, \u00c7a\u011f, Toros ve Mersin \u00dcniversitesi b\u00fcnyesinde sosyal hizmet alan\u0131nda \u00e7al\u0131\u015fan akademisyenler ve Mersin \u00dcniversitesi b\u00fcnyesinde faaliyetlerini s\u00fcrd\u00fcren Mersin G\u00f6\u00e7 Ara\u015ft\u0131rma Merkezi&#8217;nden gelen temsilciler ziyaret etti. \u0130lk olarak ofis ziyareti yapan temsilciler, B\u00fcy\u00fck\u015fehir Belediyesi&#8217;nin hayata ge\u00e7irmi\u015f oldu\u011fu proje ve hizmetler hakk\u0131nda bilgi edindiler. Ortak projelerde yer alma hedefi ile yola \u00e7\u0131kan temsilciler, \u00f6n\u00fcm\u00fczdeki g\u00fcnlerde birlikte e\u011fitim ve seminer d\u00fczenleme konusunda i\u015f birli\u011fi yapt\u0131lar. Ziyarette; g\u00f6\u00e7, yoksulluk, gen\u00e7, kad\u0131n ve \u00e7ocuklar\u0131n odak noktas\u0131nda oldu\u011fu ortak \u00e7al\u0131\u015fmalarda birlikte yol al\u0131nabilece\u011fi dile getirilirken, veri analizinin sa\u011flanmas\u0131 noktas\u0131nda destek olunabilece\u011fi vurgusu da yap\u0131ld\u0131.<\/p>\n\n\n\n<p>Ofisin bir ba\u015fka ziyaret\u00e7ileri ise, Kadirli Belediyesi&#8217;nden gelen heyet oldu. Ziyaretleri s\u0131ras\u0131nda Sosyal Politikalar Ofisi&#8217;nin kurulma ve g\u00fcncel \u00e7al\u0131\u015fmalar\u0131 hakk\u0131nda bilgi sahibi olan temsilciler, Mersin B\u00fcy\u00fck\u015fehir&#8217;in sosyal belediyecilik alan\u0131nda hayata ge\u00e7irmi\u015f oldu\u011fu pek \u00e7ok hizmeti yerinde g\u00f6rme f\u0131rsat\u0131 yakalad\u0131. Toplumun her kesiminin d\u00fc\u015f\u00fcn\u00fcld\u00fc\u011f\u00fc uygulama ve hizmetleri yak\u0131ndan inceleyen temsilciler, yap\u0131lan \u00e7al\u0131\u015fmalara hayranl\u0131klar\u0131n\u0131 ifade ettiler.<\/p>\n\n\n\n<p><strong>T\u00fct\u00fcnc\u00fco\u011flu: &#8220;Bizimle ileti\u015fime ge\u00e7en t\u00fcm belediyelere kap\u0131m\u0131z a\u00e7\u0131k&#8221;<\/strong><\/p>\n\n\n\n<p>B\u00fcy\u00fck\u015fehir&#8217;in sosyal belediyecilik uygulamalar\u0131 konusunda, destek isteyen t\u00fcm belediyelere kap\u0131lar\u0131n\u0131n a\u00e7\u0131k ve i\u015f birliklerine haz\u0131r oldu\u011funu vurgulayan Sosyal Politikalar Ofis Sorumlusu ve Psikolog Yal\u00e7\u0131n T\u00fct\u00fcnc\u00fco\u011flu,&nbsp;<strong>&#8220;Kadirli Belediyesi&#8217;nden misafirlerimizi a\u011f\u0131rlad\u0131k. D\u00fczenledi\u011fimiz sosyal politikalar turunda, kompost \u00fcretim merkezinden ba\u015flayarak ilgili birimlerimizi yerinde g\u00f6sterdik ve \u00f6rnek projelerimizden olan Halkkent Sosyal Ya\u015fam Merkezi&#8217;mizi ziyaret ettik. Bizimle ileti\u015fime ge\u00e7en b\u00fct\u00fcn belediyelerle i\u015f birli\u011fimiz devam edecek. Buradaki en b\u00fcy\u00fck fark, ger\u00e7ekten uyum ve b\u00fct\u00fcn halinde bir Mersin modeli olu\u015fturmam\u0131zdan kaynaklan\u0131yor. Herkes,&nbsp;<em>&#8216;Bu hizmeti biz de yap\u0131yoruz&#8217;&nbsp;<\/em>dese de bizdeki uygulaman\u0131n mutlaka ay\u0131rt edici bir \u00f6zelli\u011fi oluyor. En b\u00fcy\u00fck fark\u0131m\u0131z\u0131n bu oldu\u011funu s\u00f6yleyebilirim&#8221;<\/strong>&nbsp;dedi.<\/p>\n\n\n\n<p><strong>A\u011fz\u0131deli: &#8220;Sosyal belediyecilikte en g\u00fczel \u00f6rnek; Mersin B\u00fcy\u00fck\u015fehir Belediyesi&#8217;nin&#8221;<\/strong><\/p>\n\n\n\n<p>Kadirli Belediyesi Meclis \u00dcyesi Eda A\u011fz\u0131deli, Kadirli Belediyesi&#8217;nde hayata ge\u00e7irecekleri projelerde Mersin B\u00fcy\u00fck\u015fehir&#8217;in sosyal belediyecilik alan\u0131nda yapm\u0131\u015f oldu\u011fu uygulamalardan feyz almak ad\u0131na b\u00f6yle bir ziyaret ger\u00e7ekle\u015ftirdiklerini aktard\u0131. A\u011fz\u0131deli,&nbsp;<strong>&#8220;Buradaki projeleri g\u00f6rd\u00fc\u011f\u00fcm\u00fczde daha \u00e7ok heyecanland\u0131k ve bir\u00e7ok projeyi yerinde g\u00f6rd\u00fck.&nbsp;&nbsp;Bence sosyal belediyecilikte en g\u00fczel \u00f6rnek; Mersin B\u00fcy\u00fck\u015fehir Belediyesi&#8217;nin ve T\u00fcrkiye&#8217;nin bir numaras\u0131 buras\u0131 diyebilirim. Kadirli&#8217;de genel olarak insanlar, &#8216;<em>kad\u0131nlar daha \u00e7ok evde otursun, yeme\u011fini yaps\u0131n ve \u00e7ocu\u011funa baks\u0131n&#8217;<\/em>&nbsp;g\u00f6r\u00fc\u015f\u00fcnde iken, Mersin B\u00fcy\u00fck\u015fehir Belediyesi kad\u0131nlara istihdam sa\u011flam\u0131\u015f durumda. Biz de bunu sa\u011flayaca\u011f\u0131z&#8221;<\/strong>&nbsp;dedi.<\/p>\n\n\n\n<p><strong>Haytao\u011flu: &#8220;B\u00fcy\u00fck\u015fehir, do\u011fumdan \u00f6l\u00fcme kadar herkese onlarca proje ile hizmet sunmu\u015f&#8221;<\/strong><\/p>\n\n\n\n<p>Kadirli Belediyesi&#8217;nde Proje Koordinat\u00f6r\u00fc olarak g\u00f6rev yapan Dicle Haytao\u011flu, sosyal belediyecilik anlay\u0131\u015f\u0131n\u0131n Mersin&#8217;de zirveye \u00e7\u0131kt\u0131\u011f\u0131n\u0131 s\u00f6yleyerek,&nbsp;<strong>&#8220;Hayata ge\u00e7irilen ve haz\u0131rl\u0131k a\u015famas\u0131nda olan projelerin hepsi \u00e7ok g\u00fczel. \u00c7\u00fcnk\u00fc Mersin B\u00fcy\u00fck\u015fehir; anne karn\u0131ndaki bebekten emekli olan insanlara var\u0131ncaya kadar, k\u0131sacas\u0131 do\u011fumdan \u00f6l\u00fcme kadar o skalan\u0131n tamam\u0131ndaki herkese onlarca proje ile hizmet sunmu\u015f. Belediyecilik; sadece yol yapmak, \u00e7\u00f6p toplamak de\u011fildir. \u0130nsanlar\u0131n geli\u015fmesi, y\u00fckselmesi ve bir\u00e7ok y\u00f6nden sosyal ihtiya\u00e7lar\u0131n\u0131 gidermesi anlam\u0131na da gelir. CHP belediyeleri, sosyal belediyecili\u011fin ne oldu\u011funu unutmu\u015f olan halka bunu yeniden hat\u0131rlatt\u0131&#8221;<\/strong>&nbsp;s\u00f6zlerine yer verdi.<\/p>\n","protected":false},"excerpt":{"rendered":"<p>Mersin B\u00fcy\u00fck\u015fehir Belediye Ba\u015fkan\u0131 Vahap Se\u00e7er&#8217;in 2019 y\u0131l\u0131nda g\u00f6reve gelmesi ile birlikte toplumun her kesimini kucaklayan y\u00f6netim anlay\u0131\u015f\u0131, t\u00fcm T\u00fcrkiye&#8217;ye \u00f6rnek olmaya devam ediyor. E\u011fitim, sa\u011fl\u0131k, tar\u0131m, istihdam gibi hayat\u0131n her alan\u0131nda yurtta\u015flar\u0131n ihtiya\u00e7 ve taleplerine y\u00f6nelik hizmetleri hayata ge\u00e7iren B\u00fcy\u00fck\u015fehir; projelerin koordinasyonunu tek bir \u00e7at\u0131 alt\u0131nda toplayarak yak\u0131n zamanda hayata ge\u00e7irdi\u011fi ve dezavantajl\u0131 gruplar\u0131n [&hellip;]<\/p>\n","protected":false},"author":2,"featured_media":37597,"comment_status":"closed","ping_status":"closed","sticky":false,"template":"","format":"standard","meta":{"footnotes":""},"categories":[3,5],"tags":[],"class_list":["post-37596","post","type-post","status-publish","format-standard","has-post-thumbnail","hentry","category-manset","category-mersin"],"views":0,"_links":{"self":[{"href":"https:\/\/mersinkadingazetesi.com\/index.php?rest_route=\/wp\/v2\/posts\/37596"}],"collection":[{"href":"https:\/\/mersinkadingazetesi.com\/index.php?rest_route=\/wp\/v2\/posts"}],"about":[{"href":"https:\/\/mersinkadingazetesi.com\/index.php?rest_route=\/wp\/v2\/types\/post"}],"author":[{"embeddable":true,"href":"https:\/\/mersinkadingazetesi.com\/index.php?rest_route=\/wp\/v2\/users\/2"}],"replies":[{"embeddable":true,"href":"https:\/\/mersinkadingazetesi.com\/index.php?rest_route=%2Fwp%2Fv2%2Fcomments&post=37596"}],"version-history":[{"count":1,"href":"https:\/\/mersinkadingazetesi.com\/index.php?rest_route=\/wp\/v2\/posts\/37596\/revisions"}],"predecessor-version":[{"id":37598,"href":"https:\/\/mersinkadingazetesi.com\/index.php?rest_route=\/wp\/v2\/posts\/37596\/revisions\/37598"}],"wp:featuredmedia":[{"embeddable":true,"href":"https:\/\/mersinkadingazetesi.com\/index.php?rest_route=\/wp\/v2\/media\/37597"}],"wp:attachment":[{"href":"https:\/\/mersinkadingazetesi.com\/index.php?rest_route=%2Fwp%2Fv2%2Fmedia&parent=37596"}],"wp:term":[{"taxonomy":"category","embeddable":true,"href":"https:\/\/mersinkadingazetesi.com\/index.php?rest_route=%2Fwp%2Fv2%2Fcategories&post=37596"},{"taxonomy":"post_tag","embeddable":true,"href":"https:\/\/mersinkadingazetesi.com\/index.php?rest_route=%2Fwp%2Fv2%2Ftags&post=37596"}],"curies":[{"name":"wp","href":"https:\/\/api.w.org\/{rel}","templated":true}]}}