{"id":37602,"date":"2024-12-06T11:55:03","date_gmt":"2024-12-06T08:55:03","guid":{"rendered":"https:\/\/mersinkadingazetesi.com\/?p=37602"},"modified":"2024-12-06T11:55:04","modified_gmt":"2024-12-06T08:55:04","slug":"kadinlar-toplum-tarafindan-yuklenen-roller-ve-sorumluluklardan-siyrilmali","status":"publish","type":"post","link":"https:\/\/mersinkadingazetesi.com\/?p=37602","title":{"rendered":"&#8220;KADINLAR, TOPLUM TARAFINDAN Y\u00dcKLENEN ROLLER VE SORUMLULUKLARDAN SIYRILMALI&#8221;"},"content":{"rendered":"\n<p>Mersin Barosu Kad\u0131n Haklar\u0131 Merkezi taraf\u0131ndan, 5 Aral\u0131k T\u00fcrk kad\u0131n\u0131na se\u00e7me ve se\u00e7ilme hakk\u0131 verilmesinin 90. y\u0131l d\u00f6n\u00fcm\u00fc nedeniyle &#8220;Se\u00e7ilmi\u015f Kad\u0131nlar&#8221; konulu s\u00f6yle\u015fi d\u00fczenlendi. &#8220;Kad\u0131nlar\u0131n g\u00fc\u00e7l\u00fc y\u00f6nleri desteklenmesi gerekti\u011fini vurgulayan konu\u015fmac\u0131lar kad\u0131nlara da seslenerek, &#8220;Kad\u0131nlar, toplum taraf\u0131ndan y\u00fcklenen roller ve sorumluluklardan s\u0131yr\u0131l\u0131p, meslek ya\u015famlar\u0131na at\u0131lmal\u0131&#8221; dedi.<\/p>\n\n\n\n<p>Mersin Barosu Kad\u0131n Haklar\u0131 Merkezi Ba\u015fkan\u0131 Av. G\u00fclce Dida \u00c7avdar&#8217;\u0131n moderat\u00f6rl\u00fc\u011f\u00fcnde, Mersin Barosu konferans salonunda d\u00fczenlenen s\u00f6yle\u015fiye Mersin Barosu Y\u00f6netim Kurulu \u00dcyemiz Av. \u00c7i\u011fdem Ata\u015f Er\u00e7olak, Mersin Eczac\u0131 Odas\u0131 B\u015fk. Ecz. Aliye Akg\u00fcl Ayd\u0131n, TMMOB \u015eehir Planc\u0131lar\u0131 Odas\u0131 Mersin \u015eb. B\u015fk. Ya\u011fmur G\u00f6kduman, TMMOB Fizik M\u00fchendisleri Odas\u0131 Mersin \u015eb. B\u015fk. Figen \u00c7evik, TMMOB G\u0131da M\u00fchendisleri Odas\u0131 Mersin \u015eb. YK \u00fcyesi, \u0130KK Temsilcisi, \u00d6znur \u00d6zgel, Mersin Tabip Odas\u0131 YK \u00fcyesi Dr. Sibel \u00dcnl\u00fc, \u00d6\u011fretim G\u00f6revlisi &#8211; Akademik Dan\u0131\u015fman Ayferi Tu\u011fcu konu\u015fmac\u0131 olarak kat\u0131ld\u0131.<\/p>\n\n\n\n<p>&#8220;C\u0130NS\u0130YET E\u015e\u0130TS\u0130ZL\u0130\u011e\u0130N\u0130N ORTADAN KALDIRILMASI \u0130\u00c7\u0130N ETK\u0130N POL\u0130T\u0130KALAR HAYATA GE\u00c7\u0130R\u0130LMEL\u0130&#8221;<\/p>\n\n\n\n<p>S\u00f6yle\u015fide; kad\u0131nlar\u0131n meslek ya\u015famlar\u0131n\u0131n tarihsel ve hukuksal s\u00fcreci, toplumsal cinsiyet e\u015fitsizli\u011finin kad\u0131n\u0131n i\u015f ya\u015fam\u0131ndaki olumsuz etkileri, toplumsal cinsiyet e\u015fitsizli\u011fine maruz kalan meslek gruplar\u0131 hakk\u0131nda bilgilendirme yap\u0131larak, kad\u0131nlar\u0131n siyasette ve meslek ya\u015fam\u0131nda temsiliyette kotalar\u0131n art\u0131r\u0131lmas\u0131, kad\u0131nlar\u0131n toplum taraf\u0131ndan y\u00fcklenen roller ve sorumluluklardan s\u0131yr\u0131l\u0131p, meslek ya\u015famlar\u0131na at\u0131lmalar\u0131, kad\u0131nlar\u0131n hizmet vermeyi de\u011fil, hizmet almay\u0131 \u00f6\u011frenmeleri, kad\u0131nlar\u0131n g\u00fc\u00e7l\u00fc y\u00f6nlerinin desteklenmesi, kad\u0131nlar\u0131n sivil toplum \u00f6rg\u00fctlerinde daha aktif rol almalar\u0131, bizlere aktar\u0131lan k\u00fclt\u00fcrel alg\u0131n\u0131n de\u011fi\u015ftirilip Cumhuriyetle birlikte elde edilen kazan\u0131mlar\u0131n korunup geli\u015ftirilmesi, cinsiyet e\u015fitsizli\u011finin ortadan&nbsp; kald\u0131r\u0131lmas\u0131 i\u00e7in etkin politikalar\u0131n hayata ge\u00e7irilmesi gerekti\u011fi anlat\u0131ld\u0131 ve tart\u0131\u015f\u0131ld\u0131.<\/p>\n\n\n\n<p>\u0130nteraktif kat\u0131l\u0131m\u0131n sa\u011fland\u0131\u011f\u0131 s\u00f6yle\u015finin sonunda Baro y\u00f6netimi, konu\u015fmac\u0131lara te\u015fekk\u00fcr plaketi takdim etti.<\/p>\n","protected":false},"excerpt":{"rendered":"<p>Mersin Barosu Kad\u0131n Haklar\u0131 Merkezi taraf\u0131ndan, 5 Aral\u0131k T\u00fcrk kad\u0131n\u0131na se\u00e7me ve se\u00e7ilme hakk\u0131 verilmesinin 90. y\u0131l d\u00f6n\u00fcm\u00fc nedeniyle &#8220;Se\u00e7ilmi\u015f Kad\u0131nlar&#8221; konulu s\u00f6yle\u015fi d\u00fczenlendi. &#8220;Kad\u0131nlar\u0131n g\u00fc\u00e7l\u00fc y\u00f6nleri desteklenmesi gerekti\u011fini vurgulayan konu\u015fmac\u0131lar kad\u0131nlara da seslenerek, &#8220;Kad\u0131nlar, toplum taraf\u0131ndan y\u00fcklenen roller ve sorumluluklardan s\u0131yr\u0131l\u0131p, meslek ya\u015famlar\u0131na at\u0131lmal\u0131&#8221; dedi. Mersin Barosu Kad\u0131n Haklar\u0131 Merkezi Ba\u015fkan\u0131 Av. G\u00fclce Dida [&hellip;]<\/p>\n","protected":false},"author":2,"featured_media":37603,"comment_status":"closed","ping_status":"closed","sticky":false,"template":"","format":"standard","meta":{"footnotes":""},"categories":[34,3],"tags":[],"class_list":["post-37602","post","type-post","status-publish","format-standard","has-post-thumbnail","hentry","category-flas-haber","category-manset"],"views":3,"_links":{"self":[{"href":"https:\/\/mersinkadingazetesi.com\/index.php?rest_route=\/wp\/v2\/posts\/37602"}],"collection":[{"href":"https:\/\/mersinkadingazetesi.com\/index.php?rest_route=\/wp\/v2\/posts"}],"about":[{"href":"https:\/\/mersinkadingazetesi.com\/index.php?rest_route=\/wp\/v2\/types\/post"}],"author":[{"embeddable":true,"href":"https:\/\/mersinkadingazetesi.com\/index.php?rest_route=\/wp\/v2\/users\/2"}],"replies":[{"embeddable":true,"href":"https:\/\/mersinkadingazetesi.com\/index.php?rest_route=%2Fwp%2Fv2%2Fcomments&post=37602"}],"version-history":[{"count":1,"href":"https:\/\/mersinkadingazetesi.com\/index.php?rest_route=\/wp\/v2\/posts\/37602\/revisions"}],"predecessor-version":[{"id":37604,"href":"https:\/\/mersinkadingazetesi.com\/index.php?rest_route=\/wp\/v2\/posts\/37602\/revisions\/37604"}],"wp:featuredmedia":[{"embeddable":true,"href":"https:\/\/mersinkadingazetesi.com\/index.php?rest_route=\/wp\/v2\/media\/37603"}],"wp:attachment":[{"href":"https:\/\/mersinkadingazetesi.com\/index.php?rest_route=%2Fwp%2Fv2%2Fmedia&parent=37602"}],"wp:term":[{"taxonomy":"category","embeddable":true,"href":"https:\/\/mersinkadingazetesi.com\/index.php?rest_route=%2Fwp%2Fv2%2Fcategories&post=37602"},{"taxonomy":"post_tag","embeddable":true,"href":"https:\/\/mersinkadingazetesi.com\/index.php?rest_route=%2Fwp%2Fv2%2Ftags&post=37602"}],"curies":[{"name":"wp","href":"https:\/\/api.w.org\/{rel}","templated":true}]}}