{"id":37608,"date":"2024-12-06T11:58:34","date_gmt":"2024-12-06T08:58:34","guid":{"rendered":"https:\/\/mersinkadingazetesi.com\/?p=37608"},"modified":"2024-12-06T11:58:35","modified_gmt":"2024-12-06T08:58:35","slug":"mtosbye-en-cok-katki-veren-osb-odulu","status":"publish","type":"post","link":"https:\/\/mersinkadingazetesi.com\/?p=37608","title":{"rendered":"MTOSB&#8217;ye &#8216;En \u00e7ok katk\u0131 veren OSB&#8217; \u00f6d\u00fcl\u00fc"},"content":{"rendered":"\n<p>Organize Sanayi B\u00f6lgeleri \u00dcst Kurulu\u015fu (OSB\u00dcK) taraf\u0131ndan bu y\u0131l d\u00f6rd\u00fcnc\u00fcs\u00fcn\u00fc d\u00fczenlenen OSB Y\u0131ld\u0131zlar\u0131 Ara\u015ft\u0131rmas\u0131 \u00d6d\u00fcl T\u00f6reni Gebze Bili\u015fim Vadisi&#8217;nde ger\u00e7ekle\u015ftirildi. Mersin Tarsus Organize Sanayi B\u00f6lgesi, T\u00fcrkiye&#8217;nin &#8216;En \u00e7ok katk\u0131 veren 8. OSB&#8217;si&#8217; oldu.<\/p>\n\n\n\n<p>Sanayi ve Teknoloji Bakan\u0131 M. Fatih Kac\u0131r ve OSB\u00dcK Ba\u015fkan\u0131 Memi\u015f K\u00fct\u00fckc\u00fc, OSB ba\u015fkanlar\u0131 ve sanayicilerin kat\u0131ld\u0131\u011f\u0131 t\u00f6rende 12 farkl\u0131 kategoride, 67 firmaya ve 10 organize sanayi b\u00f6lgesine plaket takdim edildi. Mersin Tarsus Organize Sanayi B\u00f6lgesi, &#8216;En \u00e7ok katk\u0131 veren OSB&#8217; s\u0131ralamas\u0131nda 8. OSB olurken, MTOSB&#8217;de faaliyet g\u00f6steren 3 firma da, 4 dalda \u00f6d\u00fcle lay\u0131k g\u00f6r\u00fcld\u00fc.<\/p>\n\n\n\n<p>\u00d6d\u00fcl t\u00f6reni sonras\u0131nda a\u00e7\u0131klamalarda bulunan MTOSB Ba\u015fkan\u0131 Sabri Tekli, &#8216;Mersin Tarsus Organize Sanayi B\u00f6lgesi her ge\u00e7en g\u00fcn b\u00fcy\u00fcyen yap\u0131s\u0131 ile kentimizin sanayi lokomotifi olmaya devam ediyor. T\u00fcrkiye \u00e7ap\u0131nda 8. Organize Sanayi B\u00f6lgesi se\u00e7ilmemizde eme\u011fi ge\u00e7en t\u00fcm sanayicilerimizi, M\u00fcte\u015febbis Heyetimizi, Y\u00f6netim Kurulumuzu ve B\u00f6lge M\u00fcd\u00fcrl\u00fc\u011f\u00fc ekibimizi kutluyorum. Bu ba\u015far\u0131lar kolay kazan\u0131lm\u0131yor. \u00c7al\u0131\u015fmalar\u0131m\u0131zda eme\u011fi ge\u00e7en herkese sonsuz \u015f\u00fckranlar\u0131mla, bu \u00f6d\u00fcl\u00fc Mersin ad\u0131na ald\u0131k&#8217; dedi.&nbsp;<\/p>\n","protected":false},"excerpt":{"rendered":"<p>Organize Sanayi B\u00f6lgeleri \u00dcst Kurulu\u015fu (OSB\u00dcK) taraf\u0131ndan bu y\u0131l d\u00f6rd\u00fcnc\u00fcs\u00fcn\u00fc d\u00fczenlenen OSB Y\u0131ld\u0131zlar\u0131 Ara\u015ft\u0131rmas\u0131 \u00d6d\u00fcl T\u00f6reni Gebze Bili\u015fim Vadisi&#8217;nde ger\u00e7ekle\u015ftirildi. Mersin Tarsus Organize Sanayi B\u00f6lgesi, T\u00fcrkiye&#8217;nin &#8216;En \u00e7ok katk\u0131 veren 8. OSB&#8217;si&#8217; oldu. Sanayi ve Teknoloji Bakan\u0131 M. Fatih Kac\u0131r ve OSB\u00dcK Ba\u015fkan\u0131 Memi\u015f K\u00fct\u00fckc\u00fc, OSB ba\u015fkanlar\u0131 ve sanayicilerin kat\u0131ld\u0131\u011f\u0131 t\u00f6rende 12 farkl\u0131 kategoride, 67 [&hellip;]<\/p>\n","protected":false},"author":2,"featured_media":37609,"comment_status":"closed","ping_status":"closed","sticky":false,"template":"","format":"standard","meta":{"footnotes":""},"categories":[34,3,5],"tags":[],"class_list":["post-37608","post","type-post","status-publish","format-standard","has-post-thumbnail","hentry","category-flas-haber","category-manset","category-mersin"],"views":1,"_links":{"self":[{"href":"https:\/\/mersinkadingazetesi.com\/index.php?rest_route=\/wp\/v2\/posts\/37608"}],"collection":[{"href":"https:\/\/mersinkadingazetesi.com\/index.php?rest_route=\/wp\/v2\/posts"}],"about":[{"href":"https:\/\/mersinkadingazetesi.com\/index.php?rest_route=\/wp\/v2\/types\/post"}],"author":[{"embeddable":true,"href":"https:\/\/mersinkadingazetesi.com\/index.php?rest_route=\/wp\/v2\/users\/2"}],"replies":[{"embeddable":true,"href":"https:\/\/mersinkadingazetesi.com\/index.php?rest_route=%2Fwp%2Fv2%2Fcomments&post=37608"}],"version-history":[{"count":1,"href":"https:\/\/mersinkadingazetesi.com\/index.php?rest_route=\/wp\/v2\/posts\/37608\/revisions"}],"predecessor-version":[{"id":37610,"href":"https:\/\/mersinkadingazetesi.com\/index.php?rest_route=\/wp\/v2\/posts\/37608\/revisions\/37610"}],"wp:featuredmedia":[{"embeddable":true,"href":"https:\/\/mersinkadingazetesi.com\/index.php?rest_route=\/wp\/v2\/media\/37609"}],"wp:attachment":[{"href":"https:\/\/mersinkadingazetesi.com\/index.php?rest_route=%2Fwp%2Fv2%2Fmedia&parent=37608"}],"wp:term":[{"taxonomy":"category","embeddable":true,"href":"https:\/\/mersinkadingazetesi.com\/index.php?rest_route=%2Fwp%2Fv2%2Fcategories&post=37608"},{"taxonomy":"post_tag","embeddable":true,"href":"https:\/\/mersinkadingazetesi.com\/index.php?rest_route=%2Fwp%2Fv2%2Ftags&post=37608"}],"curies":[{"name":"wp","href":"https:\/\/api.w.org\/{rel}","templated":true}]}}