{"id":37620,"date":"2024-12-06T15:50:57","date_gmt":"2024-12-06T12:50:57","guid":{"rendered":"https:\/\/mersinkadingazetesi.com\/?p=37620"},"modified":"2024-12-06T15:50:57","modified_gmt":"2024-12-06T12:50:57","slug":"tarsus-beledyesinden-dunya-kadin-haklari-gununde-anlamli-etkinlik","status":"publish","type":"post","link":"https:\/\/mersinkadingazetesi.com\/?p=37620","title":{"rendered":"TARSUS BELEDYES\u0130\u2019NDEN D\u00dcNYA KADIN HAKLARI G\u00dcN\u00dc\u2019NDE ANLAMLI ETK\u0130NL\u0130K"},"content":{"rendered":"\n<p>Tarsus Belediyesi, 5 Aral\u0131k D\u00fcnya Kad\u0131n Haklar\u0131 G\u00fcn\u00fc\u2019nde, kad\u0131n muhtarlarla birlikte anlaml\u0131 bir etkinlik d\u00fczenledi. Ger\u00e7ekle\u015ftirilen gezilerle ziyaret edilen her noktada, Cumhuriyetin Kurucusu Gazi Mustafa Kemal Atat\u00fcrk\u2019\u00fcn kad\u0131n haklar\u0131na verdi\u011fi de\u011fer bir kez daha vurguland\u0131.<\/p>\n\n\n\n<p>Tarsus Belediyesi, kad\u0131nlar\u0131n sosyal ve k\u00fclt\u00fcrel hayata daha aktif kat\u0131l\u0131m\u0131n\u0131 desteklemek amac\u0131yla \u00e7al\u0131\u015fmalar\u0131na devam ediyor.&nbsp; Kad\u0131n muhtarlar, Tarsus Belediyesi Kad\u0131n ve Aile Hizmetleri M\u00fcd\u00fcrl\u00fc\u011f\u00fc koordinasyonunda d\u00fczenlenen program kapsam\u0131nda, Ta\u015fucu MBB Atat\u00fcrk Evi, Silifke Atat\u00fcrk Evi ve Etnografya M\u00fczesi ile MBB Gazi \u00c7iftli\u011fi\u2019ni ziyaret etti. D\u00fcnya Kad\u0131n Haklar\u0131 G\u00fcn\u00fc\u2019n\u00fcn \u00f6nemine dikkat \u00e7ekilen bu anlaml\u0131 etkinlikte, kad\u0131n muhtarlar\u0131n toplumdaki rol\u00fc ve kad\u0131n haklar\u0131n\u0131n g\u00fc\u00e7lendirilmesine y\u00f6nelik \u00e7al\u0131\u015fmalar vurguland\u0131.<\/p>\n\n\n\n<p><strong>ETK\u0130NL\u0130KLER KADIN MUHTARLAR TARAFINDAN MEMNUN\u0130YETLE KAR\u015eILANDI<\/strong><\/p>\n\n\n\n<p>Muhtarlar taraf\u0131ndan memnuniyetle kar\u015f\u0131lanan etkinlikte, T\u00fcrkiye\u2019de kad\u0131nlara se\u00e7me ve se\u00e7ilme hakk\u0131n\u0131n tan\u0131nmas\u0131n\u0131n tarihsel \u00f6nemine dikkat \u00e7ekildi.<\/p>\n\n\n\n<p><strong>BA\u015eKAN BOLTA\u00c7\u2019TAN KADINLARA G\u00dc\u00c7L\u00dc MESAJ<\/strong><\/p>\n\n\n\n<p>G\u00fcn\u00fcn anlam ve \u00f6nemini vurgulayan Tarsus Belediye Ba\u015fkan\u0131 Ali Bolta\u00e7, \u201cKad\u0131nlar\u0131n \u00f6zg\u00fcrce ya\u015fayabildi\u011fi, haklar\u0131n\u0131 tam anlam\u0131yla kullanabildi\u011fi bir gelecek in\u015fa etmek i\u00e7in var g\u00fcc\u00fcm\u00fczle \u00e7al\u0131\u015f\u0131yoruz. Kad\u0131nlar\u0131m\u0131zla yan yana, omuz omuza y\u00fcr\u00fcyerek Tarsus\u2019u daha g\u00fc\u00e7l\u00fc ve adil bir \u015fehir haline getirece\u011fiz.\u201d diye ifade etti.<\/p>\n","protected":false},"excerpt":{"rendered":"<p>Tarsus Belediyesi, 5 Aral\u0131k D\u00fcnya Kad\u0131n Haklar\u0131 G\u00fcn\u00fc\u2019nde, kad\u0131n muhtarlarla birlikte anlaml\u0131 bir etkinlik d\u00fczenledi. Ger\u00e7ekle\u015ftirilen gezilerle ziyaret edilen her noktada, Cumhuriyetin Kurucusu Gazi Mustafa Kemal Atat\u00fcrk\u2019\u00fcn kad\u0131n haklar\u0131na verdi\u011fi de\u011fer bir kez daha vurguland\u0131. Tarsus Belediyesi, kad\u0131nlar\u0131n sosyal ve k\u00fclt\u00fcrel hayata daha aktif kat\u0131l\u0131m\u0131n\u0131 desteklemek amac\u0131yla \u00e7al\u0131\u015fmalar\u0131na devam ediyor.&nbsp; Kad\u0131n muhtarlar, Tarsus Belediyesi Kad\u0131n [&hellip;]<\/p>\n","protected":false},"author":2,"featured_media":37621,"comment_status":"closed","ping_status":"closed","sticky":false,"template":"","format":"standard","meta":{"footnotes":""},"categories":[3],"tags":[],"class_list":["post-37620","post","type-post","status-publish","format-standard","has-post-thumbnail","hentry","category-manset"],"views":4,"_links":{"self":[{"href":"https:\/\/mersinkadingazetesi.com\/index.php?rest_route=\/wp\/v2\/posts\/37620"}],"collection":[{"href":"https:\/\/mersinkadingazetesi.com\/index.php?rest_route=\/wp\/v2\/posts"}],"about":[{"href":"https:\/\/mersinkadingazetesi.com\/index.php?rest_route=\/wp\/v2\/types\/post"}],"author":[{"embeddable":true,"href":"https:\/\/mersinkadingazetesi.com\/index.php?rest_route=\/wp\/v2\/users\/2"}],"replies":[{"embeddable":true,"href":"https:\/\/mersinkadingazetesi.com\/index.php?rest_route=%2Fwp%2Fv2%2Fcomments&post=37620"}],"version-history":[{"count":1,"href":"https:\/\/mersinkadingazetesi.com\/index.php?rest_route=\/wp\/v2\/posts\/37620\/revisions"}],"predecessor-version":[{"id":37622,"href":"https:\/\/mersinkadingazetesi.com\/index.php?rest_route=\/wp\/v2\/posts\/37620\/revisions\/37622"}],"wp:featuredmedia":[{"embeddable":true,"href":"https:\/\/mersinkadingazetesi.com\/index.php?rest_route=\/wp\/v2\/media\/37621"}],"wp:attachment":[{"href":"https:\/\/mersinkadingazetesi.com\/index.php?rest_route=%2Fwp%2Fv2%2Fmedia&parent=37620"}],"wp:term":[{"taxonomy":"category","embeddable":true,"href":"https:\/\/mersinkadingazetesi.com\/index.php?rest_route=%2Fwp%2Fv2%2Fcategories&post=37620"},{"taxonomy":"post_tag","embeddable":true,"href":"https:\/\/mersinkadingazetesi.com\/index.php?rest_route=%2Fwp%2Fv2%2Ftags&post=37620"}],"curies":[{"name":"wp","href":"https:\/\/api.w.org\/{rel}","templated":true}]}}